{"id":116,"count":5,"description":"<p style=\"text-align: center;\"><img class=\"aligncenter size-full wp-image-5250\" src=\"https:\/\/agora.xtec.cat\/ceipmarcelidomingo-roquetes\/wp-content\/uploads\/usu961\/2021\/10\/proubulling.png\" alt=\"\" width=\"292\" height=\"223\" \/><\/p>\r\n<p dir=\"ltr\" style=\"text-align: justify;\">El curs 2022-2023, l\u2019escola va entrar a formar part del programa #aquiproubullying.<\/p>\r\n<p dir=\"ltr\" style=\"text-align: justify;\">El programa promou el benestar emocional de l\u2019alumnat, la implicaci\u00f3 individual i col\u00b7lectiva en la millora de la conviv\u00e8ncia, i la sensibilitzaci\u00f3 envers l\u2019assetjament escolar com a factors clau en la prevenci\u00f3. A banda, promou estrat\u00e8gies de detecci\u00f3 preventiva continuada, estructures de tipificaci\u00f3 i pautes en el proc\u00e9s d\u2019abordatge de situacions d\u2019assetjament i ciberassetjament escolar.<\/p>\r\n<p dir=\"ltr\" style=\"text-align: justify;\">Les actuacions que es realitzaran estaran coordinades per la comissi\u00f3 de conviv\u00e8ncia i la comissi\u00f3 d\u2019atenci\u00f3 a l\u2019escola inclusiva.<\/p>\r\n<a href=\"https:\/\/agora.xtec.cat\/ceipmarcelidomingo-roquetes\/wp-content\/uploads\/usu961\/2023\/02\/info.jpg\"><img class=\"wp-image-6921 size-large aligncenter\" src=\"https:\/\/agora.xtec.cat\/ceipmarcelidomingo-roquetes\/wp-content\/uploads\/usu961\/2023\/02\/info-420x1024.jpg\" alt=\"\" width=\"420\" height=\"1024\" \/><\/a>","link":"https:\/\/agora.xtec.cat\/ceipmarcelidomingo-roquetes\/categoria\/programa-aquiproubullying\/","name":"Programa #aquiproubullying","slug":"programa-aquiproubullying","taxonomy":"category","parent":0,"meta":[],"_links":{"self":[{"href":"https:\/\/agora.xtec.cat\/ceipmarcelidomingo-roquetes\/wp-json\/wp\/v2\/categories\/116","targetHints":{"allow":["GET"]}}],"collection":[{"href":"https:\/\/agora.xtec.cat\/ceipmarcelidomingo-roquetes\/wp-json\/wp\/v2\/categories"}],"about":[{"href":"https:\/\/agora.xtec.cat\/ceipmarcelidomingo-roquetes\/wp-json\/wp\/v2\/taxonomies\/category"}],"wp:post_type":[{"href":"https:\/\/agora.xtec.cat\/ceipmarcelidomingo-roquetes\/wp-json\/wp\/v2\/posts?categories=116"}],"curies":[{"name":"wp","href":"https:\/\/api.w.org\/{rel}","templated":true}]}}