{"id":108,"count":88,"description":"<img class=\"aligncenter wp-image-4234 size-thumbnail\" src=\"https:\/\/agora.xtec.cat\/ceipmarcelidomingo-roquetes\/wp-content\/uploads\/usu961\/2020\/10\/ara-ART_color_negatiu.png_1595044798-150x150.png\" alt=\"\" width=\"150\" height=\"150\" \/>\r\n<p dir=\"ltr\" style=\"text-align: justify;\">El curs 2020-2021 el centre va entrar a formar part del programa d\u2019innovaci\u00f3 AraART. La finalitat \u00e9s fomentar i posar en valor projectes art\u00edstics que es porten a terme en el si de l\u2019escola en col\u00b7laboraci\u00f3 amb un equipament cultural per promoure l'equitat i la qualitat del sistema educatiu reflectida en la millora de les capacitats i compet\u00e8ncies de l'alumnat participant.<\/p>\r\n<p dir=\"ltr\" style=\"text-align: justify;\">El curs 2022-2023 vam finalitzar el programa; tot i aix\u00f2, seguim realitzant actuacions art\u00edstiques. L\u2019agent extern que participa i col\u00b7labora amb el programa \u00e9s la Biblioteca municipal Merc\u00e8 Lleix\u00e0.<\/p>\r\n<iframe src=\"https:\/\/www.google.com\/maps\/d\/embed?mid=1NJU-HV3UOjbyQ6D0fN_QpwV6I0YGZvs&amp;ehbc=2E312F\" width=\"640\" height=\"480\"><\/iframe>","link":"https:\/\/agora.xtec.cat\/ceipmarcelidomingo-roquetes\/categoria\/programa-araart\/","name":"Programa araArt","slug":"programa-araart","taxonomy":"category","parent":0,"meta":[],"_links":{"self":[{"href":"https:\/\/agora.xtec.cat\/ceipmarcelidomingo-roquetes\/wp-json\/wp\/v2\/categories\/108","targetHints":{"allow":["GET"]}}],"collection":[{"href":"https:\/\/agora.xtec.cat\/ceipmarcelidomingo-roquetes\/wp-json\/wp\/v2\/categories"}],"about":[{"href":"https:\/\/agora.xtec.cat\/ceipmarcelidomingo-roquetes\/wp-json\/wp\/v2\/taxonomies\/category"}],"wp:post_type":[{"href":"https:\/\/agora.xtec.cat\/ceipmarcelidomingo-roquetes\/wp-json\/wp\/v2\/posts?categories=108"}],"curies":[{"name":"wp","href":"https:\/\/api.w.org\/{rel}","templated":true}]}}