{"id":3848,"date":"2026-04-27T08:25:48","date_gmt":"2026-04-27T06:25:48","guid":{"rendered":"https:\/\/agora.xtec.cat\/ceiplorca\/?p=3848"},"modified":"2026-04-27T08:25:48","modified_gmt":"2026-04-27T06:25:48","slug":"concert-de-sant-jordi","status":"publish","type":"post","link":"https:\/\/agora.xtec.cat\/ceiplorca\/general\/concert-de-sant-jordi\/","title":{"rendered":"Concert de Sant Jordi"},"content":{"rendered":"<p>Ahir a la tarda vam viure una diada de Sant Jordi molt especial a l\u2019escola \ud83c\udf39\ud83d\udcda<\/p>\n<p>Vam gaudir del concert de Sant Jordi, on cada grup classe va interpretar dues can\u00e7ons plenes d\u2019energia i il\u00b7lusi\u00f3. L\u2019alumnat d\u2019infantil i de primer cicle va cantar can\u00e7ons relacionades amb Sant Jordi i, a m\u00e9s, van representar una can\u00e7\u00f3 treballada al taller de teatre \ud83c\udfad\u2728<\/p>\n<p>El segon cicle va interpretar una can\u00e7\u00f3 de la Clika i, conjuntament amb el tercer cicle, van tocar dues peces amb ukelele. Els m\u00e9s grans, de tercer cicle, van completar la seva actuaci\u00f3 amb una can\u00e7\u00f3 m\u00e9s amb ukelele i un ball que van preparar amb molta dedicaci\u00f3.<\/p>\n<p>Va ser una tarda plena de m\u00fasica, expressi\u00f3, creativitat i treball en equip, que ens va permetre compartir i gaudir plegats d\u2019aquesta diada tan especial \ud83d\udc9b<\/p>\n<p>#EscolaFedericoGarciaLorca #EscolaP\u00fablica #SantJordi #Concert #Educaci\u00f3Infantil #Educaci\u00f3Prim\u00e0ria #Ukelele #Teatre #Tradicions #Cultura<\/p>\n<div style=\"width: 576px;\" class=\"wp-video\"><!--[if lt IE 9]><script>document.createElement('video');<\/script><![endif]-->\n<video class=\"wp-video-shortcode\" id=\"video-3848-1\" width=\"576\" height=\"1024\" preload=\"metadata\" controls=\"controls\"><source type=\"video\/mp4\" src=\"https:\/\/agora.xtec.cat\/ceiplorca\/wp-content\/uploads\/usu1186\/2026\/04\/WhatsApp-Video-2026-04-24-at-14.47.16.mp4?_=1\" \/><a href=\"https:\/\/agora.xtec.cat\/ceiplorca\/wp-content\/uploads\/usu1186\/2026\/04\/WhatsApp-Video-2026-04-24-at-14.47.16.mp4\">https:\/\/agora.xtec.cat\/ceiplorca\/wp-content\/uploads\/usu1186\/2026\/04\/WhatsApp-Video-2026-04-24-at-14.47.16.mp4<\/a><\/video><\/div>\n","protected":false},"excerpt":{"rendered":"<p>Ahir a la tarda vam viure una diada de Sant Jordi molt especial a l\u2019escola \ud83c\udf39\ud83d\udcda Vam gaudir del concert de Sant Jordi, on cada grup classe va interpretar dues can\u00e7ons plenes d\u2019energia i il\u00b7lusi\u00f3. L\u2019alumnat d\u2019infantil i de primer cicle va cantar can\u00e7ons relacionades amb Sant Jordi i, a m\u00e9s, van representar una can\u00e7\u00f3 [&hellip;]<\/p>\n","protected":false},"author":1,"featured_media":0,"comment_status":"open","ping_status":"open","sticky":false,"template":"","format":"standard","meta":{"_bbp_topic_count":0,"_bbp_reply_count":0,"_bbp_total_topic_count":0,"_bbp_total_reply_count":0,"_bbp_voice_count":0,"_bbp_anonymous_reply_count":0,"_bbp_topic_count_hidden":0,"_bbp_reply_count_hidden":0,"_bbp_forum_subforum_count":0,"site-sidebar-layout":"default","site-content-layout":"","ast-site-content-layout":"default","site-content-style":"default","site-sidebar-style":"default","ast-global-header-display":"","ast-banner-title-visibility":"","ast-main-header-display":"","ast-hfb-above-header-display":"","ast-hfb-below-header-display":"","ast-hfb-mobile-header-display":"","site-post-title":"","ast-breadcrumbs-content":"","ast-featured-img":"","footer-sml-layout":"","theme-transparent-header-meta":"default","adv-header-id-meta":"","stick-header-meta":"","header-above-stick-meta":"","header-main-stick-meta":"","header-below-stick-meta":"","astra-migrate-meta-layouts":"set","ast-page-background-enabled":"default","ast-page-background-meta":{"desktop":{"background-color":"var(--ast-global-color-4)","background-image":"","background-repeat":"repeat","background-position":"center center","background-size":"auto","background-attachment":"scroll","background-type":"","background-media":"","overlay-type":"","overlay-color":"","overlay-opacity":"","overlay-gradient":""},"tablet":{"background-color":"","background-image":"","background-repeat":"repeat","background-position":"center center","background-size":"auto","background-attachment":"scroll","background-type":"","background-media":"","overlay-type":"","overlay-color":"","overlay-opacity":"","overlay-gradient":""},"mobile":{"background-color":"","background-image":"","background-repeat":"repeat","background-position":"center center","background-size":"auto","background-attachment":"scroll","background-type":"","background-media":"","overlay-type":"","overlay-color":"","overlay-opacity":"","overlay-gradient":""}},"ast-content-background-meta":{"desktop":{"background-color":"var(--ast-global-color-5)","background-image":"","background-repeat":"repeat","background-position":"center center","background-size":"auto","background-attachment":"scroll","background-type":"","background-media":"","overlay-type":"","overlay-color":"","overlay-opacity":"","overlay-gradient":""},"tablet":{"background-color":"var(--ast-global-color-5)","background-image":"","background-repeat":"repeat","background-position":"center center","background-size":"auto","background-attachment":"scroll","background-type":"","background-media":"","overlay-type":"","overlay-color":"","overlay-opacity":"","overlay-gradient":""},"mobile":{"background-color":"var(--ast-global-color-5)","background-image":"","background-repeat":"repeat","background-position":"center center","background-size":"auto","background-attachment":"scroll","background-type":"","background-media":"","overlay-type":"","overlay-color":"","overlay-opacity":"","overlay-gradient":""}},"footnotes":""},"categories":[81,82,80,83,1,4],"tags":[],"class_list":["post-3848","post","type-post","status-publish","format-standard","hentry","category-cicle-inicial","category-cicle-mitja","category-cicle-superior","category-educacio-infantil","category-general","category-portada"],"post_mailing_queue_ids":[],"_links":{"self":[{"href":"https:\/\/agora.xtec.cat\/ceiplorca\/wp-json\/wp\/v2\/posts\/3848","targetHints":{"allow":["GET"]}}],"collection":[{"href":"https:\/\/agora.xtec.cat\/ceiplorca\/wp-json\/wp\/v2\/posts"}],"about":[{"href":"https:\/\/agora.xtec.cat\/ceiplorca\/wp-json\/wp\/v2\/types\/post"}],"author":[{"embeddable":true,"href":"https:\/\/agora.xtec.cat\/ceiplorca\/wp-json\/wp\/v2\/users\/1"}],"replies":[{"embeddable":true,"href":"https:\/\/agora.xtec.cat\/ceiplorca\/wp-json\/wp\/v2\/comments?post=3848"}],"version-history":[{"count":1,"href":"https:\/\/agora.xtec.cat\/ceiplorca\/wp-json\/wp\/v2\/posts\/3848\/revisions"}],"predecessor-version":[{"id":3850,"href":"https:\/\/agora.xtec.cat\/ceiplorca\/wp-json\/wp\/v2\/posts\/3848\/revisions\/3850"}],"wp:attachment":[{"href":"https:\/\/agora.xtec.cat\/ceiplorca\/wp-json\/wp\/v2\/media?parent=3848"}],"wp:term":[{"taxonomy":"category","embeddable":true,"href":"https:\/\/agora.xtec.cat\/ceiplorca\/wp-json\/wp\/v2\/categories?post=3848"},{"taxonomy":"post_tag","embeddable":true,"href":"https:\/\/agora.xtec.cat\/ceiplorca\/wp-json\/wp\/v2\/tags?post=3848"}],"curies":[{"name":"wp","href":"https:\/\/api.w.org\/{rel}","templated":true}]}}