{"id":4676,"date":"2021-07-28T17:53:02","date_gmt":"2021-07-28T15:53:02","guid":{"rendered":"https:\/\/agora.xtec.cat\/ceiplluisvives\/?p=4676"},"modified":"2021-07-28T17:53:02","modified_gmt":"2021-07-28T15:53:02","slug":"festa-de-graduacio-de-6e-promocio-2009-2021","status":"publish","type":"post","link":"https:\/\/agora.xtec.cat\/ceiplluisvives\/general\/festa-de-graduacio-de-6e-promocio-2009-2021\/","title":{"rendered":"FESTA DE GRADUACI\u00d3 DE 6\u00e8. Promoci\u00f3 2009-2021"},"content":{"rendered":"<p style=\"text-align: center;\"><b>L\u2019\u00faltima promoci\u00f3 sota la Direcci\u00f3 del Santi Herrero<\/b><\/p>\n<p style=\"text-align: justify;\"><span style=\"font-weight: 400;\">El dimarts 22 de juny vam poder celebrar la festa de comiat dels infants de sis\u00e8. Va ser un acte molt emotiu celebrat al pati de l\u2019escola en un espai molt id\u00edl\u00b7lic en el que vam poder escoltar i compartir les impressions i records\u00a0 d\u2019alumnes, fam\u00edlies i mestres.\u00a0<\/span><\/p>\n<p style=\"text-align: justify;\"><span style=\"font-weight: 400;\">Els infants van rebre un diploma, una orla i una fotografia de record. Aquesta promoci\u00f3 ha estat l\u2019\u00faltima graduada sota la direcci\u00f3 del Santi, ja que es jubila aquest curs. Tota la comunitat educativa els desitja molta sort i els agraeix tots aquests nou anys que han compartit amb nosaltres a l\u2019Escola.\u00a0<\/span><\/p>\n<p style=\"text-align: justify;\"><a href=\"https:\/\/agora.xtec.cat\/ceiplluisvives\/wp-content\/uploads\/usu444\/2021\/07\/Copia-de-20210621_182723.jpg\"><img loading=\"lazy\" decoding=\"async\" class=\"alignnone size-full wp-image-4677\" src=\"https:\/\/agora.xtec.cat\/ceiplluisvives\/wp-content\/uploads\/usu444\/2021\/07\/Copia-de-20210621_182723.jpg\" alt=\"\" width=\"1024\" height=\"768\" srcset=\"https:\/\/agora.xtec.cat\/ceiplluisvives\/wp-content\/uploads\/usu444\/2021\/07\/Copia-de-20210621_182723.jpg 1024w, https:\/\/agora.xtec.cat\/ceiplluisvives\/wp-content\/uploads\/usu444\/2021\/07\/Copia-de-20210621_182723-300x225.jpg 300w, https:\/\/agora.xtec.cat\/ceiplluisvives\/wp-content\/uploads\/usu444\/2021\/07\/Copia-de-20210621_182723-768x576.jpg 768w, https:\/\/agora.xtec.cat\/ceiplluisvives\/wp-content\/uploads\/usu444\/2021\/07\/Copia-de-20210621_182723-200x150.jpg 200w\" sizes=\"auto, (max-width: 1024px) 100vw, 1024px\" \/><\/a> <a href=\"https:\/\/agora.xtec.cat\/ceiplluisvives\/wp-content\/uploads\/usu444\/2021\/07\/Copia-de-20210621_182730.jpg\"><img loading=\"lazy\" decoding=\"async\" class=\"alignnone size-large wp-image-4678\" src=\"https:\/\/agora.xtec.cat\/ceiplluisvives\/wp-content\/uploads\/usu444\/2021\/07\/Copia-de-20210621_182730.jpg\" alt=\"\" width=\"1024\" height=\"768\" srcset=\"https:\/\/agora.xtec.cat\/ceiplluisvives\/wp-content\/uploads\/usu444\/2021\/07\/Copia-de-20210621_182730.jpg 1024w, https:\/\/agora.xtec.cat\/ceiplluisvives\/wp-content\/uploads\/usu444\/2021\/07\/Copia-de-20210621_182730-300x225.jpg 300w, https:\/\/agora.xtec.cat\/ceiplluisvives\/wp-content\/uploads\/usu444\/2021\/07\/Copia-de-20210621_182730-768x576.jpg 768w, https:\/\/agora.xtec.cat\/ceiplluisvives\/wp-content\/uploads\/usu444\/2021\/07\/Copia-de-20210621_182730-200x150.jpg 200w\" sizes=\"auto, (max-width: 1024px) 100vw, 1024px\" \/><\/a> <a href=\"https:\/\/agora.xtec.cat\/ceiplluisvives\/wp-content\/uploads\/usu444\/2021\/07\/Copia-de-20210621_193412.jpg\"><img loading=\"lazy\" decoding=\"async\" class=\"alignnone size-large wp-image-4679\" src=\"https:\/\/agora.xtec.cat\/ceiplluisvives\/wp-content\/uploads\/usu444\/2021\/07\/Copia-de-20210621_193412.jpg\" alt=\"\" width=\"1024\" height=\"768\" srcset=\"https:\/\/agora.xtec.cat\/ceiplluisvives\/wp-content\/uploads\/usu444\/2021\/07\/Copia-de-20210621_193412.jpg 1024w, https:\/\/agora.xtec.cat\/ceiplluisvives\/wp-content\/uploads\/usu444\/2021\/07\/Copia-de-20210621_193412-300x225.jpg 300w, https:\/\/agora.xtec.cat\/ceiplluisvives\/wp-content\/uploads\/usu444\/2021\/07\/Copia-de-20210621_193412-768x576.jpg 768w, https:\/\/agora.xtec.cat\/ceiplluisvives\/wp-content\/uploads\/usu444\/2021\/07\/Copia-de-20210621_193412-200x150.jpg 200w\" sizes=\"auto, (max-width: 1024px) 100vw, 1024px\" \/><\/a><\/p>\n","protected":false},"excerpt":{"rendered":"<p>L\u2019\u00faltima promoci\u00f3 sota la Direcci\u00f3 del Santi Herrero El dimarts 22 de juny vam poder celebrar la festa de comiat dels infants de sis\u00e8. Va ser un acte molt emotiu celebrat al pati de l\u2019escola en un espai molt id\u00edl\u00b7lic en el que vam poder escoltar i compartir les impressions i records\u00a0 d\u2019alumnes, fam\u00edlies i [&hellip;]<\/p>\n","protected":false},"author":1,"featured_media":4679,"comment_status":"open","ping_status":"closed","sticky":false,"template":"","format":"standard","meta":{"_bbp_topic_count":0,"_bbp_reply_count":0,"_bbp_total_topic_count":0,"_bbp_total_reply_count":0,"_bbp_voice_count":0,"_bbp_anonymous_reply_count":0,"_bbp_topic_count_hidden":0,"_bbp_reply_count_hidden":0,"_bbp_forum_subforum_count":0,"site-sidebar-layout":"default","site-content-layout":"","ast-site-content-layout":"","site-content-style":"default","site-sidebar-style":"default","ast-global-header-display":"","ast-banner-title-visibility":"","ast-main-header-display":"","ast-hfb-above-header-display":"","ast-hfb-below-header-display":"","ast-hfb-mobile-header-display":"","site-post-title":"","ast-breadcrumbs-content":"","ast-featured-img":"","footer-sml-layout":"","theme-transparent-header-meta":"","adv-header-id-meta":"","stick-header-meta":"","header-above-stick-meta":"","header-main-stick-meta":"","header-below-stick-meta":"","astra-migrate-meta-layouts":"default","ast-page-background-enabled":"default","ast-page-background-meta":{"desktop":{"background-color":"var(--ast-global-color-4)","background-image":"","background-repeat":"repeat","background-position":"center center","background-size":"auto","background-attachment":"scroll","background-type":"","background-media":"","overlay-type":"","overlay-color":"","overlay-opacity":"","overlay-gradient":""},"tablet":{"background-color":"","background-image":"","background-repeat":"repeat","background-position":"center center","background-size":"auto","background-attachment":"scroll","background-type":"","background-media":"","overlay-type":"","overlay-color":"","overlay-opacity":"","overlay-gradient":""},"mobile":{"background-color":"","background-image":"","background-repeat":"repeat","background-position":"center center","background-size":"auto","background-attachment":"scroll","background-type":"","background-media":"","overlay-type":"","overlay-color":"","overlay-opacity":"","overlay-gradient":""}},"ast-content-background-meta":{"desktop":{"background-color":"var(--ast-global-color-5)","background-image":"","background-repeat":"repeat","background-position":"center center","background-size":"auto","background-attachment":"scroll","background-type":"","background-media":"","overlay-type":"","overlay-color":"","overlay-opacity":"","overlay-gradient":""},"tablet":{"background-color":"var(--ast-global-color-5)","background-image":"","background-repeat":"repeat","background-position":"center center","background-size":"auto","background-attachment":"scroll","background-type":"","background-media":"","overlay-type":"","overlay-color":"","overlay-opacity":"","overlay-gradient":""},"mobile":{"background-color":"var(--ast-global-color-5)","background-image":"","background-repeat":"repeat","background-position":"center center","background-size":"auto","background-attachment":"scroll","background-type":"","background-media":"","overlay-type":"","overlay-color":"","overlay-opacity":"","overlay-gradient":""}},"footnotes":""},"categories":[1],"tags":[],"class_list":["post-4676","post","type-post","status-publish","format-standard","has-post-thumbnail","hentry","category-general"],"post_mailing_queue_ids":[],"_links":{"self":[{"href":"https:\/\/agora.xtec.cat\/ceiplluisvives\/wp-json\/wp\/v2\/posts\/4676","targetHints":{"allow":["GET"]}}],"collection":[{"href":"https:\/\/agora.xtec.cat\/ceiplluisvives\/wp-json\/wp\/v2\/posts"}],"about":[{"href":"https:\/\/agora.xtec.cat\/ceiplluisvives\/wp-json\/wp\/v2\/types\/post"}],"author":[{"embeddable":true,"href":"https:\/\/agora.xtec.cat\/ceiplluisvives\/wp-json\/wp\/v2\/users\/1"}],"replies":[{"embeddable":true,"href":"https:\/\/agora.xtec.cat\/ceiplluisvives\/wp-json\/wp\/v2\/comments?post=4676"}],"version-history":[{"count":1,"href":"https:\/\/agora.xtec.cat\/ceiplluisvives\/wp-json\/wp\/v2\/posts\/4676\/revisions"}],"predecessor-version":[{"id":4680,"href":"https:\/\/agora.xtec.cat\/ceiplluisvives\/wp-json\/wp\/v2\/posts\/4676\/revisions\/4680"}],"wp:featuredmedia":[{"embeddable":true,"href":"https:\/\/agora.xtec.cat\/ceiplluisvives\/wp-json\/wp\/v2\/media\/4679"}],"wp:attachment":[{"href":"https:\/\/agora.xtec.cat\/ceiplluisvives\/wp-json\/wp\/v2\/media?parent=4676"}],"wp:term":[{"taxonomy":"category","embeddable":true,"href":"https:\/\/agora.xtec.cat\/ceiplluisvives\/wp-json\/wp\/v2\/categories?post=4676"},{"taxonomy":"post_tag","embeddable":true,"href":"https:\/\/agora.xtec.cat\/ceiplluisvives\/wp-json\/wp\/v2\/tags?post=4676"}],"curies":[{"name":"wp","href":"https:\/\/api.w.org\/{rel}","templated":true}]}}