{"id":9194,"date":"2022-03-23T16:22:32","date_gmt":"2022-03-23T15:22:32","guid":{"rendered":"https:\/\/agora.xtec.cat\/ceiplledoner\/?p=9194"},"modified":"2022-03-23T17:08:28","modified_gmt":"2022-03-23T16:08:28","slug":"guanyadors-concurs-de-lectura-en-veu-alta-clva","status":"publish","type":"post","link":"https:\/\/agora.xtec.cat\/ceiplledoner\/portada\/guanyadors-concurs-de-lectura-en-veu-alta-clva\/","title":{"rendered":"Guanyadors Concurs de Lectura en Veu Alta CLVA"},"content":{"rendered":"<p>Despr\u00e9s d&#8217;un recompte de vots molt ajustat&#8230;.Us anunciem que, els guanyadors de la primera fase eliminat\u00f2ria del CLVA d&#8217;aquest curs 21-22, s\u00f3n l&#8217;Elna Pujol Entrena (4tB) i l&#8217;Arnau Salguero Seco (6\u00e8A).<\/p>\n<p>L&#8217;enhorabona a tots dos i molta sort en la propera fase del concurs!<\/p>\n<p><a href=\"https:\/\/agora.xtec.cat\/ceiplledoner\/wp-content\/uploads\/usu1347\/2022\/03\/CLVAl-1.jpg\"><img loading=\"lazy\" decoding=\"async\" class=\"aligncenter size-full wp-image-9200\" src=\"https:\/\/agora.xtec.cat\/ceiplledoner\/wp-content\/uploads\/usu1347\/2022\/03\/CLVAl-1.jpg\" alt=\"\" width=\"398\" height=\"530\" \/><\/a><\/p>\n","protected":false},"excerpt":{"rendered":"<p>Despr\u00e9s d&#8217;un recompte de vots molt ajustat&#8230;.Us anunciem que, els guanyadors de la primera fase eliminat\u00f2ria del CLVA d&#8217;aquest curs 21-22, s\u00f3n l&#8217;Elna Pujol Entrena (4tB) i l&#8217;Arnau Salguero Seco (6\u00e8A).<br \/>\nL&#8217;enhorabona a tots dos i molta sort en la propera fase del concurs!<br \/>\n<a href=\"https:\/\/agora.xtec.cat\/ceiplledoner\/wp-content\/uploads\/usu1347\/2022\/03\/CLVAl-1.jpg\"><\/a><\/p>\n","protected":false},"author":1,"featured_media":9195,"comment_status":"open","ping_status":"closed","sticky":false,"template":"","format":"standard","meta":{"_bbp_topic_count":0,"_bbp_reply_count":0,"_bbp_total_topic_count":0,"_bbp_total_reply_count":0,"_bbp_voice_count":0,"_bbp_anonymous_reply_count":0,"_bbp_topic_count_hidden":0,"_bbp_reply_count_hidden":0,"_bbp_forum_subforum_count":0,"footnotes":""},"categories":[107,250,4],"tags":[],"class_list":["post-9194","post","type-post","status-publish","format-standard","has-post-thumbnail","hentry","category-biblioteca","category-comunitat-de-grans","category-portada"],"post_mailing_queue_ids":[],"_links":{"self":[{"href":"https:\/\/agora.xtec.cat\/ceiplledoner\/wp-json\/wp\/v2\/posts\/9194","targetHints":{"allow":["GET"]}}],"collection":[{"href":"https:\/\/agora.xtec.cat\/ceiplledoner\/wp-json\/wp\/v2\/posts"}],"about":[{"href":"https:\/\/agora.xtec.cat\/ceiplledoner\/wp-json\/wp\/v2\/types\/post"}],"author":[{"embeddable":true,"href":"https:\/\/agora.xtec.cat\/ceiplledoner\/wp-json\/wp\/v2\/users\/1"}],"replies":[{"embeddable":true,"href":"https:\/\/agora.xtec.cat\/ceiplledoner\/wp-json\/wp\/v2\/comments?post=9194"}],"version-history":[{"count":3,"href":"https:\/\/agora.xtec.cat\/ceiplledoner\/wp-json\/wp\/v2\/posts\/9194\/revisions"}],"predecessor-version":[{"id":9201,"href":"https:\/\/agora.xtec.cat\/ceiplledoner\/wp-json\/wp\/v2\/posts\/9194\/revisions\/9201"}],"wp:featuredmedia":[{"embeddable":true,"href":"https:\/\/agora.xtec.cat\/ceiplledoner\/wp-json\/wp\/v2\/media\/9195"}],"wp:attachment":[{"href":"https:\/\/agora.xtec.cat\/ceiplledoner\/wp-json\/wp\/v2\/media?parent=9194"}],"wp:term":[{"taxonomy":"category","embeddable":true,"href":"https:\/\/agora.xtec.cat\/ceiplledoner\/wp-json\/wp\/v2\/categories?post=9194"},{"taxonomy":"post_tag","embeddable":true,"href":"https:\/\/agora.xtec.cat\/ceiplledoner\/wp-json\/wp\/v2\/tags?post=9194"}],"curies":[{"name":"wp","href":"https:\/\/api.w.org\/{rel}","templated":true}]}}