{"id":4563,"date":"2019-11-07T20:01:55","date_gmt":"2019-11-07T19:01:55","guid":{"rendered":"http:\/\/agora.xtec.cat\/ceiplledoner\/?p=4563"},"modified":"2019-11-09T12:26:49","modified_gmt":"2019-11-09T11:26:49","slug":"compartint-experiencies-els-i-les-alumnes-de-p5-i-4t-fem-panellets","status":"publish","type":"post","link":"https:\/\/agora.xtec.cat\/ceiplledoner\/portada\/compartint-experiencies-els-i-les-alumnes-de-p5-i-4t-fem-panellets\/","title":{"rendered":"Compartint experi\u00e8ncies! Els i les alumnes de p5 i 4t fem panellets."},"content":{"rendered":"<p>La setmana passada, els nens i nenes de 4t v\u00e0rem anar a ajudar als alumnes de p5 a fer panellets. Va ser una experi\u00e8ncia nova per nosaltres, ja que \u00e9s la primera vegada que anem d&#8217;ajudants\u00a0 a la Comunitat de Petits. Ens va agradar molt, tant que segurament farem algunes trobades m\u00e9s!! Us anirem informant&#8230;<\/p>\n<p><a href=\"https:\/\/photos.app.goo.gl\/u4zcZ2dxS8kVwUv17\">Aqu\u00ed us deixem un recull de fotos.<\/a><\/p>\n<p><a href=\"https:\/\/photos.app.goo.gl\/u4zcZ2dxS8kVwUv17\"><img loading=\"lazy\" decoding=\"async\" class=\" wp-image-4567 aligncenter\" src=\"https:\/\/agora.xtec.cat\/ceiplledoner\/wp-content\/uploads\/usu1347\/2019\/11\/20191029_093509-min-1024x576.jpg\" alt=\"\" width=\"479\" height=\"269\" srcset=\"https:\/\/agora.xtec.cat\/ceiplledoner\/wp-content\/uploads\/usu1347\/2019\/11\/20191029_093509-min-1024x576.jpg 1024w, https:\/\/agora.xtec.cat\/ceiplledoner\/wp-content\/uploads\/usu1347\/2019\/11\/20191029_093509-min-300x169.jpg 300w, https:\/\/agora.xtec.cat\/ceiplledoner\/wp-content\/uploads\/usu1347\/2019\/11\/20191029_093509-min-768x432.jpg 768w\" sizes=\"auto, (max-width: 479px) 100vw, 479px\" \/><\/a><\/p>\n<p>&nbsp;<\/p>\n<p>&nbsp;<\/p>\n","protected":false},"excerpt":{"rendered":"<p>La setmana passada, els nens i nenes de 4t v\u00e0rem anar a ajudar als alumnes de p5 a fer panellets. Va ser una experi\u00e8ncia nova per nosaltres, ja que \u00e9s la primera vegada que anem d&#8217;ajudants\u00a0 a la Comunitat de Petits. Ens va agradar molt,&hellip;  <a href=\"https:\/\/agora.xtec.cat\/ceiplledoner\/portada\/compartint-experiencies-els-i-les-alumnes-de-p5-i-4t-fem-panellets\/\" title=\"Read Compartint experi\u00e8ncies! Els i les alumnes de p5 i 4t fem panellets.\">Llegeix m\u00e9s\u00bb<\/a><\/p>\n","protected":false},"author":49,"featured_media":4564,"comment_status":"open","ping_status":"closed","sticky":false,"template":"","format":"standard","meta":{"_bbp_topic_count":0,"_bbp_reply_count":0,"_bbp_total_topic_count":0,"_bbp_total_reply_count":0,"_bbp_voice_count":0,"_bbp_anonymous_reply_count":0,"_bbp_topic_count_hidden":0,"_bbp_reply_count_hidden":0,"_bbp_forum_subforum_count":0,"footnotes":""},"categories":[250,4],"tags":[],"class_list":["post-4563","post","type-post","status-publish","format-standard","has-post-thumbnail","hentry","category-comunitat-de-grans","category-portada"],"post_mailing_queue_ids":[],"_links":{"self":[{"href":"https:\/\/agora.xtec.cat\/ceiplledoner\/wp-json\/wp\/v2\/posts\/4563","targetHints":{"allow":["GET"]}}],"collection":[{"href":"https:\/\/agora.xtec.cat\/ceiplledoner\/wp-json\/wp\/v2\/posts"}],"about":[{"href":"https:\/\/agora.xtec.cat\/ceiplledoner\/wp-json\/wp\/v2\/types\/post"}],"author":[{"embeddable":true,"href":"https:\/\/agora.xtec.cat\/ceiplledoner\/wp-json\/wp\/v2\/users\/49"}],"replies":[{"embeddable":true,"href":"https:\/\/agora.xtec.cat\/ceiplledoner\/wp-json\/wp\/v2\/comments?post=4563"}],"version-history":[{"count":3,"href":"https:\/\/agora.xtec.cat\/ceiplledoner\/wp-json\/wp\/v2\/posts\/4563\/revisions"}],"predecessor-version":[{"id":4569,"href":"https:\/\/agora.xtec.cat\/ceiplledoner\/wp-json\/wp\/v2\/posts\/4563\/revisions\/4569"}],"wp:featuredmedia":[{"embeddable":true,"href":"https:\/\/agora.xtec.cat\/ceiplledoner\/wp-json\/wp\/v2\/media\/4564"}],"wp:attachment":[{"href":"https:\/\/agora.xtec.cat\/ceiplledoner\/wp-json\/wp\/v2\/media?parent=4563"}],"wp:term":[{"taxonomy":"category","embeddable":true,"href":"https:\/\/agora.xtec.cat\/ceiplledoner\/wp-json\/wp\/v2\/categories?post=4563"},{"taxonomy":"post_tag","embeddable":true,"href":"https:\/\/agora.xtec.cat\/ceiplledoner\/wp-json\/wp\/v2\/tags?post=4563"}],"curies":[{"name":"wp","href":"https:\/\/api.w.org\/{rel}","templated":true}]}}