{"id":2619,"date":"2021-11-19T13:23:00","date_gmt":"2021-11-19T12:23:00","guid":{"rendered":"https:\/\/agora.xtec.cat\/ceiplillet\/?p=2619"},"modified":"2024-01-10T20:54:25","modified_gmt":"2024-01-10T19:54:25","slug":"els-petits-de-lescola-interactuem-amb-el-bosc","status":"publish","type":"post","link":"https:\/\/agora.xtec.cat\/ceiplillet\/general\/els-petits-de-lescola-interactuem-amb-el-bosc\/","title":{"rendered":"ELS PETITS DE L&#8217;ESCOLA INTERACTUEM AMB EL BOSC"},"content":{"rendered":"<p><a href=\"https:\/\/agora.xtec.cat\/ceiplillet\/wp-content\/uploads\/usu481\/2021\/11\/INTERACTUEM-AMB-EL-BOSC.png\"><img loading=\"lazy\" decoding=\"async\" class=\"wp-image-2620 aligncenter\" src=\"https:\/\/agora.xtec.cat\/ceiplillet\/wp-content\/uploads\/usu481\/2021\/11\/INTERACTUEM-AMB-EL-BOSC.png\" alt=\"\" width=\"328\" height=\"419\" srcset=\"https:\/\/agora.xtec.cat\/ceiplillet\/wp-content\/uploads\/usu481\/2021\/11\/INTERACTUEM-AMB-EL-BOSC.png 599w, https:\/\/agora.xtec.cat\/ceiplillet\/wp-content\/uploads\/usu481\/2021\/11\/INTERACTUEM-AMB-EL-BOSC-235x300.png 235w\" sizes=\"auto, (max-width: 328px) 100vw, 328px\" \/><\/a><\/p>\n<p>Nens, nenes i natura, fant\u00e0stica combinaci\u00f3! \ud83c\udf3f<\/p>\n<p>Avui mat\u00ed de sol, de sortida. Hem passat un dia ben entretingut acompanyats de la Sara i el Ferran, monitors del Parc Natural Cad\u00ed Moixer\u00f3 qui ens han ensenyat a descobrir moltes caracter\u00edstiques del bosc, camp i muntanya. Per\u00f2 connectant i interaccionant de forma lenta i intensa a trav\u00e9s dels nostres cinc sentits.<\/p>\n<p>La naturalesa aporta escenaris molt variats, una infinitat d\u2019est\u00edmuls i contactes que fan que en la naturalesa estimuli l&#8217;autonomia i confian\u00e7a amb un mateix i tamb\u00e9 cap als altres.<\/p>\n<p>L&#8217;aire lliure \u00e9s equilibri i tranquil\u2022litat. \u00c9s connexi\u00f3, aire, \u00e9s vida.<\/p>\n<p>Gr\u00e0cies Sara i Ferran, hem apr\u00e8s molt\u00edssim.<br \/>\nEns agraden aquestes sortides! \ud83c\udf31\u2618\ufe0f\ud83c\udf43<\/p>\n","protected":false},"excerpt":{"rendered":"<p>Nens, nenes i natura, fant\u00e0stica combinaci\u00f3! \ud83c\udf3f Avui mat\u00ed de sol, de sortida. Hem passat un dia ben entretingut acompanyats de la Sara i el Ferran, monitors del Parc Natural Cad\u00ed Moixer\u00f3 qui ens han ensenyat a descobrir moltes caracter\u00edstiques del bosc, camp i muntanya. Per\u00f2 connectant i interaccionant de forma lenta i intensa a [&hellip;]<\/p>\n","protected":false},"author":1,"featured_media":2620,"comment_status":"open","ping_status":"closed","sticky":false,"template":"","format":"standard","meta":{"_bbp_topic_count":0,"_bbp_reply_count":0,"_bbp_total_topic_count":0,"_bbp_total_reply_count":0,"_bbp_voice_count":0,"_bbp_anonymous_reply_count":0,"_bbp_topic_count_hidden":0,"_bbp_reply_count_hidden":0,"_bbp_forum_subforum_count":0,"site-sidebar-layout":"default","site-content-layout":"","ast-site-content-layout":"","site-content-style":"default","site-sidebar-style":"default","ast-global-header-display":"","ast-banner-title-visibility":"","ast-main-header-display":"","ast-hfb-above-header-display":"","ast-hfb-below-header-display":"","ast-hfb-mobile-header-display":"","site-post-title":"","ast-breadcrumbs-content":"","ast-featured-img":"","footer-sml-layout":"","theme-transparent-header-meta":"","adv-header-id-meta":"","stick-header-meta":"","header-above-stick-meta":"","header-main-stick-meta":"","header-below-stick-meta":"","astra-migrate-meta-layouts":"default","ast-page-background-enabled":"default","ast-page-background-meta":{"desktop":{"background-color":"var(--ast-global-color-4)","background-image":"","background-repeat":"repeat","background-position":"center center","background-size":"auto","background-attachment":"scroll","background-type":"","background-media":"","overlay-type":"","overlay-color":"","overlay-opacity":"","overlay-gradient":""},"tablet":{"background-color":"","background-image":"","background-repeat":"repeat","background-position":"center center","background-size":"auto","background-attachment":"scroll","background-type":"","background-media":"","overlay-type":"","overlay-color":"","overlay-opacity":"","overlay-gradient":""},"mobile":{"background-color":"","background-image":"","background-repeat":"repeat","background-position":"center center","background-size":"auto","background-attachment":"scroll","background-type":"","background-media":"","overlay-type":"","overlay-color":"","overlay-opacity":"","overlay-gradient":""}},"ast-content-background-meta":{"desktop":{"background-color":"var(--ast-global-color-5)","background-image":"","background-repeat":"repeat","background-position":"center center","background-size":"auto","background-attachment":"scroll","background-type":"","background-media":"","overlay-type":"","overlay-color":"","overlay-opacity":"","overlay-gradient":""},"tablet":{"background-color":"var(--ast-global-color-5)","background-image":"","background-repeat":"repeat","background-position":"center center","background-size":"auto","background-attachment":"scroll","background-type":"","background-media":"","overlay-type":"","overlay-color":"","overlay-opacity":"","overlay-gradient":""},"mobile":{"background-color":"var(--ast-global-color-5)","background-image":"","background-repeat":"repeat","background-position":"center center","background-size":"auto","background-attachment":"scroll","background-type":"","background-media":"","overlay-type":"","overlay-color":"","overlay-opacity":"","overlay-gradient":""}},"footnotes":""},"categories":[1],"tags":[],"class_list":["post-2619","post","type-post","status-publish","format-standard","has-post-thumbnail","hentry","category-general"],"post_mailing_queue_ids":[],"_links":{"self":[{"href":"https:\/\/agora.xtec.cat\/ceiplillet\/wp-json\/wp\/v2\/posts\/2619","targetHints":{"allow":["GET"]}}],"collection":[{"href":"https:\/\/agora.xtec.cat\/ceiplillet\/wp-json\/wp\/v2\/posts"}],"about":[{"href":"https:\/\/agora.xtec.cat\/ceiplillet\/wp-json\/wp\/v2\/types\/post"}],"author":[{"embeddable":true,"href":"https:\/\/agora.xtec.cat\/ceiplillet\/wp-json\/wp\/v2\/users\/1"}],"replies":[{"embeddable":true,"href":"https:\/\/agora.xtec.cat\/ceiplillet\/wp-json\/wp\/v2\/comments?post=2619"}],"version-history":[{"count":1,"href":"https:\/\/agora.xtec.cat\/ceiplillet\/wp-json\/wp\/v2\/posts\/2619\/revisions"}],"predecessor-version":[{"id":2621,"href":"https:\/\/agora.xtec.cat\/ceiplillet\/wp-json\/wp\/v2\/posts\/2619\/revisions\/2621"}],"wp:featuredmedia":[{"embeddable":true,"href":"https:\/\/agora.xtec.cat\/ceiplillet\/wp-json\/wp\/v2\/media\/2620"}],"wp:attachment":[{"href":"https:\/\/agora.xtec.cat\/ceiplillet\/wp-json\/wp\/v2\/media?parent=2619"}],"wp:term":[{"taxonomy":"category","embeddable":true,"href":"https:\/\/agora.xtec.cat\/ceiplillet\/wp-json\/wp\/v2\/categories?post=2619"},{"taxonomy":"post_tag","embeddable":true,"href":"https:\/\/agora.xtec.cat\/ceiplillet\/wp-json\/wp\/v2\/tags?post=2619"}],"curies":[{"name":"wp","href":"https:\/\/api.w.org\/{rel}","templated":true}]}}