{"id":2602,"date":"2021-11-15T13:25:07","date_gmt":"2021-11-15T12:25:07","guid":{"rendered":"https:\/\/agora.xtec.cat\/ceiplillet\/?p=2602"},"modified":"2024-01-10T20:55:02","modified_gmt":"2024-01-10T19:55:02","slug":"i-jornada-de-manetes-al-pati-de-lescola","status":"publish","type":"post","link":"https:\/\/agora.xtec.cat\/ceiplillet\/general\/i-jornada-de-manetes-al-pati-de-lescola\/","title":{"rendered":"I JORNADA DE MANETES AL PATI DE L&#8217;ESCOLA"},"content":{"rendered":"<p><a href=\"https:\/\/agora.xtec.cat\/ceiplillet\/wp-content\/uploads\/usu481\/2021\/11\/JORNADA-MANETES.png\"><img loading=\"lazy\" decoding=\"async\" class=\"wp-image-2603 aligncenter\" src=\"https:\/\/agora.xtec.cat\/ceiplillet\/wp-content\/uploads\/usu481\/2021\/11\/JORNADA-MANETES.png\" alt=\"\" width=\"487\" height=\"382\" srcset=\"https:\/\/agora.xtec.cat\/ceiplillet\/wp-content\/uploads\/usu481\/2021\/11\/JORNADA-MANETES.png 770w, https:\/\/agora.xtec.cat\/ceiplillet\/wp-content\/uploads\/usu481\/2021\/11\/JORNADA-MANETES-300x235.png 300w, https:\/\/agora.xtec.cat\/ceiplillet\/wp-content\/uploads\/usu481\/2021\/11\/JORNADA-MANETES-768x602.png 768w\" sizes=\"auto, (max-width: 487px) 100vw, 487px\" \/><\/a><\/p>\n<p><span class=\"\" title=\"Edited\">Aquest cap de setmana vam viure Jornada de Manetes a l&#8217;escola, un dia per recordar. Pares i mares, amics, ve\u00efns&#8230; tots a punt per enriquir l&#8217;espai exterior de l\u2019escola.<\/span><\/p>\n<p>Mans molt amoroses i en\u00e8rgiques van fer possible una nova visi\u00f3 de l&#8217;escola, molt m\u00e9s bonica i amb noves propostes que faran gaudir encara m\u00e9s els alumnes.<\/p>\n<p>Volem treballar l\u2019espai exterior perqu\u00e8 volem donar-li valor i, treballar-lo, \u00e9s la manera m\u00e9s eficient de fer-ho. \u00c9s a dir, per a donar visibilitat, const\u00e0ncia, temps de propostes, de reflexi\u00f3&#8230; l\u2019espai exterior el tenim present a la nostra agenda. Volem millorar-lo i aconseguir aix\u00ed l&#8217;escola que tots i totes volem.<\/p>\n<p>Partint de l\u2019observaci\u00f3 de les necessitats dels infants ens hem adonat que l\u2019espai exterior \u00e9s molt m\u00e9s valu\u00f3s que l\u2019\u00fas que se li d\u00f3na: pausa entre activitats, sortir a c\u00f3rrer i a esbargir-se, moment de descans&#8230; \u00e9s un espai que ens apropa a la realitat f\u00edsica del nostre entorn.<\/p>\n<p>Ens hem adonat de que la continu\u00eftat entre el dins i el fora \u00e9s una premissa de la pedagogia que defensem en la que donem valor a cada moment de la vida di\u00e0ria, a cada espai, material, proposta.<\/p>\n<p>Treball en comunitat, treball on tothom hi t\u00e9 el seu lloc. Agra\u00efment infinit a tots i totes que ho heu fet possible. Junts, sempre \u00e9s millor.<\/p>\n","protected":false},"excerpt":{"rendered":"<p>Aquest cap de setmana vam viure Jornada de Manetes a l&#8217;escola, un dia per recordar. Pares i mares, amics, ve\u00efns&#8230; tots a punt per enriquir l&#8217;espai exterior de l\u2019escola. Mans molt amoroses i en\u00e8rgiques van fer possible una nova visi\u00f3 de l&#8217;escola, molt m\u00e9s bonica i amb noves propostes que faran gaudir encara m\u00e9s els [&hellip;]<\/p>\n","protected":false},"author":1,"featured_media":2603,"comment_status":"open","ping_status":"closed","sticky":false,"template":"","format":"standard","meta":{"_bbp_topic_count":0,"_bbp_reply_count":0,"_bbp_total_topic_count":0,"_bbp_total_reply_count":0,"_bbp_voice_count":0,"_bbp_anonymous_reply_count":0,"_bbp_topic_count_hidden":0,"_bbp_reply_count_hidden":0,"_bbp_forum_subforum_count":0,"site-sidebar-layout":"default","site-content-layout":"","ast-site-content-layout":"","site-content-style":"default","site-sidebar-style":"default","ast-global-header-display":"","ast-banner-title-visibility":"","ast-main-header-display":"","ast-hfb-above-header-display":"","ast-hfb-below-header-display":"","ast-hfb-mobile-header-display":"","site-post-title":"","ast-breadcrumbs-content":"","ast-featured-img":"","footer-sml-layout":"","theme-transparent-header-meta":"","adv-header-id-meta":"","stick-header-meta":"","header-above-stick-meta":"","header-main-stick-meta":"","header-below-stick-meta":"","astra-migrate-meta-layouts":"default","ast-page-background-enabled":"default","ast-page-background-meta":{"desktop":{"background-color":"var(--ast-global-color-4)","background-image":"","background-repeat":"repeat","background-position":"center center","background-size":"auto","background-attachment":"scroll","background-type":"","background-media":"","overlay-type":"","overlay-color":"","overlay-opacity":"","overlay-gradient":""},"tablet":{"background-color":"","background-image":"","background-repeat":"repeat","background-position":"center center","background-size":"auto","background-attachment":"scroll","background-type":"","background-media":"","overlay-type":"","overlay-color":"","overlay-opacity":"","overlay-gradient":""},"mobile":{"background-color":"","background-image":"","background-repeat":"repeat","background-position":"center center","background-size":"auto","background-attachment":"scroll","background-type":"","background-media":"","overlay-type":"","overlay-color":"","overlay-opacity":"","overlay-gradient":""}},"ast-content-background-meta":{"desktop":{"background-color":"var(--ast-global-color-5)","background-image":"","background-repeat":"repeat","background-position":"center center","background-size":"auto","background-attachment":"scroll","background-type":"","background-media":"","overlay-type":"","overlay-color":"","overlay-opacity":"","overlay-gradient":""},"tablet":{"background-color":"var(--ast-global-color-5)","background-image":"","background-repeat":"repeat","background-position":"center center","background-size":"auto","background-attachment":"scroll","background-type":"","background-media":"","overlay-type":"","overlay-color":"","overlay-opacity":"","overlay-gradient":""},"mobile":{"background-color":"var(--ast-global-color-5)","background-image":"","background-repeat":"repeat","background-position":"center center","background-size":"auto","background-attachment":"scroll","background-type":"","background-media":"","overlay-type":"","overlay-color":"","overlay-opacity":"","overlay-gradient":""}},"footnotes":""},"categories":[1],"tags":[],"class_list":["post-2602","post","type-post","status-publish","format-standard","has-post-thumbnail","hentry","category-general"],"post_mailing_queue_ids":[],"_links":{"self":[{"href":"https:\/\/agora.xtec.cat\/ceiplillet\/wp-json\/wp\/v2\/posts\/2602","targetHints":{"allow":["GET"]}}],"collection":[{"href":"https:\/\/agora.xtec.cat\/ceiplillet\/wp-json\/wp\/v2\/posts"}],"about":[{"href":"https:\/\/agora.xtec.cat\/ceiplillet\/wp-json\/wp\/v2\/types\/post"}],"author":[{"embeddable":true,"href":"https:\/\/agora.xtec.cat\/ceiplillet\/wp-json\/wp\/v2\/users\/1"}],"replies":[{"embeddable":true,"href":"https:\/\/agora.xtec.cat\/ceiplillet\/wp-json\/wp\/v2\/comments?post=2602"}],"version-history":[{"count":2,"href":"https:\/\/agora.xtec.cat\/ceiplillet\/wp-json\/wp\/v2\/posts\/2602\/revisions"}],"predecessor-version":[{"id":2605,"href":"https:\/\/agora.xtec.cat\/ceiplillet\/wp-json\/wp\/v2\/posts\/2602\/revisions\/2605"}],"wp:featuredmedia":[{"embeddable":true,"href":"https:\/\/agora.xtec.cat\/ceiplillet\/wp-json\/wp\/v2\/media\/2603"}],"wp:attachment":[{"href":"https:\/\/agora.xtec.cat\/ceiplillet\/wp-json\/wp\/v2\/media?parent=2602"}],"wp:term":[{"taxonomy":"category","embeddable":true,"href":"https:\/\/agora.xtec.cat\/ceiplillet\/wp-json\/wp\/v2\/categories?post=2602"},{"taxonomy":"post_tag","embeddable":true,"href":"https:\/\/agora.xtec.cat\/ceiplillet\/wp-json\/wp\/v2\/tags?post=2602"}],"curies":[{"name":"wp","href":"https:\/\/api.w.org\/{rel}","templated":true}]}}