{"id":2483,"date":"2021-09-16T23:07:38","date_gmt":"2021-09-16T21:07:38","guid":{"rendered":"https:\/\/agora.xtec.cat\/ceiplillet\/?p=2483"},"modified":"2024-01-10T20:56:08","modified_gmt":"2024-01-10T19:56:08","slug":"primera-trobada-amb-les-families","status":"publish","type":"post","link":"https:\/\/agora.xtec.cat\/ceiplillet\/general\/primera-trobada-amb-les-families\/","title":{"rendered":"Primera trobada amb les fam\u00edlies!"},"content":{"rendered":"<p><a href=\"https:\/\/agora.xtec.cat\/ceiplillet\/wp-content\/uploads\/usu481\/2021\/09\/Captura-2021-09-16-a-las-22.48.09.png\"><img loading=\"lazy\" decoding=\"async\" class=\"alignnone size-full wp-image-2467\" src=\"https:\/\/agora.xtec.cat\/ceiplillet\/wp-content\/uploads\/usu481\/2021\/09\/Captura-2021-09-16-a-las-22.48.09.png\" alt=\"\" width=\"640\" height=\"559\" srcset=\"https:\/\/agora.xtec.cat\/ceiplillet\/wp-content\/uploads\/usu481\/2021\/09\/Captura-2021-09-16-a-las-22.48.09.png 640w, https:\/\/agora.xtec.cat\/ceiplillet\/wp-content\/uploads\/usu481\/2021\/09\/Captura-2021-09-16-a-las-22.48.09-300x262.png 300w\" sizes=\"auto, (max-width: 640px) 100vw, 640px\" \/><\/a><\/p>\n<p>&nbsp;<\/p>\n<p>Hem gaudit d&#8217;una estona amb bona companyia; per alguns per primera vegada, per altres un bon retrobament despr\u00e9s de tant temps.<br \/>\nSensacions, emocions&#8230; bones vibracions.<\/p>\n<p>En un escenari improvitzat hem recuperat un nou lloc de reuni\u00f3, el nostre pati. L&#8217;aire lliure, que tan ens agrada, ha estat el que ha perm\u00e8s establir aquests primers vincles, els primers contactes. Ni les mascaretes ni les dist\u00e0ncies han pogut amb les ganes i la il\u2022lusi\u00f3 que tenim per seguir fent el que tant ens agrada. \ud83d\ude37<\/p>\n<p>Gr\u00e0cies a tots i totes per la participaci\u00f3, per la col.laboraci\u00f3 i sobretot, per confiar en nosaltres!<\/p>\n<p>Comencem, caminem i cooperem cap a la mateixa direcci\u00f3&#8230; \ud83d\udc63<\/p>\n","protected":false},"excerpt":{"rendered":"<p>&nbsp; Hem gaudit d&#8217;una estona amb bona companyia; per alguns per primera vegada, per altres un bon retrobament despr\u00e9s de tant temps. Sensacions, emocions&#8230; bones vibracions. En un escenari improvitzat hem recuperat un nou lloc de reuni\u00f3, el nostre pati. L&#8217;aire lliure, que tan ens agrada, ha estat el que ha perm\u00e8s establir aquests primers [&hellip;]<\/p>\n","protected":false},"author":1,"featured_media":2467,"comment_status":"open","ping_status":"closed","sticky":false,"template":"","format":"standard","meta":{"_bbp_topic_count":0,"_bbp_reply_count":0,"_bbp_total_topic_count":0,"_bbp_total_reply_count":0,"_bbp_voice_count":0,"_bbp_anonymous_reply_count":0,"_bbp_topic_count_hidden":0,"_bbp_reply_count_hidden":0,"_bbp_forum_subforum_count":0,"site-sidebar-layout":"default","site-content-layout":"","ast-site-content-layout":"","site-content-style":"default","site-sidebar-style":"default","ast-global-header-display":"","ast-banner-title-visibility":"","ast-main-header-display":"","ast-hfb-above-header-display":"","ast-hfb-below-header-display":"","ast-hfb-mobile-header-display":"","site-post-title":"","ast-breadcrumbs-content":"","ast-featured-img":"","footer-sml-layout":"","theme-transparent-header-meta":"","adv-header-id-meta":"","stick-header-meta":"","header-above-stick-meta":"","header-main-stick-meta":"","header-below-stick-meta":"","astra-migrate-meta-layouts":"default","ast-page-background-enabled":"default","ast-page-background-meta":{"desktop":{"background-color":"var(--ast-global-color-4)","background-image":"","background-repeat":"repeat","background-position":"center center","background-size":"auto","background-attachment":"scroll","background-type":"","background-media":"","overlay-type":"","overlay-color":"","overlay-opacity":"","overlay-gradient":""},"tablet":{"background-color":"","background-image":"","background-repeat":"repeat","background-position":"center center","background-size":"auto","background-attachment":"scroll","background-type":"","background-media":"","overlay-type":"","overlay-color":"","overlay-opacity":"","overlay-gradient":""},"mobile":{"background-color":"","background-image":"","background-repeat":"repeat","background-position":"center center","background-size":"auto","background-attachment":"scroll","background-type":"","background-media":"","overlay-type":"","overlay-color":"","overlay-opacity":"","overlay-gradient":""}},"ast-content-background-meta":{"desktop":{"background-color":"var(--ast-global-color-5)","background-image":"","background-repeat":"repeat","background-position":"center center","background-size":"auto","background-attachment":"scroll","background-type":"","background-media":"","overlay-type":"","overlay-color":"","overlay-opacity":"","overlay-gradient":""},"tablet":{"background-color":"var(--ast-global-color-5)","background-image":"","background-repeat":"repeat","background-position":"center center","background-size":"auto","background-attachment":"scroll","background-type":"","background-media":"","overlay-type":"","overlay-color":"","overlay-opacity":"","overlay-gradient":""},"mobile":{"background-color":"var(--ast-global-color-5)","background-image":"","background-repeat":"repeat","background-position":"center center","background-size":"auto","background-attachment":"scroll","background-type":"","background-media":"","overlay-type":"","overlay-color":"","overlay-opacity":"","overlay-gradient":""}},"footnotes":""},"categories":[7,42,43,49,1,85,2,90,77,78,3,8,9,5],"tags":[],"class_list":["post-2483","post","type-post","status-publish","format-standard","has-post-thumbnail","hentry","category-afa","category-cicle-inicial","category-cicle-mitja","category-cicle-superior","category-general","category-grans","category-infantil","category-informacio","category-mitjans","category-mitjans-primaria","category-p3","category-p4","category-p5","category-primaria"],"post_mailing_queue_ids":[],"_links":{"self":[{"href":"https:\/\/agora.xtec.cat\/ceiplillet\/wp-json\/wp\/v2\/posts\/2483","targetHints":{"allow":["GET"]}}],"collection":[{"href":"https:\/\/agora.xtec.cat\/ceiplillet\/wp-json\/wp\/v2\/posts"}],"about":[{"href":"https:\/\/agora.xtec.cat\/ceiplillet\/wp-json\/wp\/v2\/types\/post"}],"author":[{"embeddable":true,"href":"https:\/\/agora.xtec.cat\/ceiplillet\/wp-json\/wp\/v2\/users\/1"}],"replies":[{"embeddable":true,"href":"https:\/\/agora.xtec.cat\/ceiplillet\/wp-json\/wp\/v2\/comments?post=2483"}],"version-history":[{"count":2,"href":"https:\/\/agora.xtec.cat\/ceiplillet\/wp-json\/wp\/v2\/posts\/2483\/revisions"}],"predecessor-version":[{"id":2485,"href":"https:\/\/agora.xtec.cat\/ceiplillet\/wp-json\/wp\/v2\/posts\/2483\/revisions\/2485"}],"wp:featuredmedia":[{"embeddable":true,"href":"https:\/\/agora.xtec.cat\/ceiplillet\/wp-json\/wp\/v2\/media\/2467"}],"wp:attachment":[{"href":"https:\/\/agora.xtec.cat\/ceiplillet\/wp-json\/wp\/v2\/media?parent=2483"}],"wp:term":[{"taxonomy":"category","embeddable":true,"href":"https:\/\/agora.xtec.cat\/ceiplillet\/wp-json\/wp\/v2\/categories?post=2483"},{"taxonomy":"post_tag","embeddable":true,"href":"https:\/\/agora.xtec.cat\/ceiplillet\/wp-json\/wp\/v2\/tags?post=2483"}],"curies":[{"name":"wp","href":"https:\/\/api.w.org\/{rel}","templated":true}]}}