{"id":2383,"date":"2021-04-30T22:43:34","date_gmt":"2021-04-30T20:43:34","guid":{"rendered":"http:\/\/agora.xtec.cat\/ceiplillet\/?p=2383"},"modified":"2024-01-10T21:02:30","modified_gmt":"2024-01-10T20:02:30","slug":"festa-de-larbre-i-plantes-aromatiques","status":"publish","type":"post","link":"https:\/\/agora.xtec.cat\/ceiplillet\/general\/festa-de-larbre-i-plantes-aromatiques\/","title":{"rendered":"FESTA DE L&#8217;ARBRE I PLANTES AROM\u00c0TIQUES"},"content":{"rendered":"<p>Dijous 29 d&#8217;abril va venir la Sara del Parc Natural Cad\u00ed Moixer\u00f3 per explicar-nos moltes coses interessants sobre les plantes arom\u00e0tiques, les seves propietats i algunes de les seves aplicacions, tamb\u00e9 vam aprofitar per fer bosses arom\u00e0tiques amb el grup de mitjans i petits.<\/p>\n<p><span style=\"font-family: inherit; font-size: 1em;\">\u00a0Divendres 30 hem gaudit de la companyia de la Queralt i la Carme del Parc Natural Cad\u00ed Moixer\u00f3, ens han portat un munt de plantes arom\u00e0tiques que hem plantat en les nostres jardineres i a m\u00e9s a m\u00e9s amb els grups dels m\u00e9s petits i dels mitjans hem plantat 2 til\u00b7lers. Han estat 2 jornades molt intenses i divertides!<\/span><\/p>\n<p>A continuaci\u00f3 us deixem totes les fotos fetes durant aquests dos dies. (Feu &#8220;clic&#8221; sobre la fotografia per veure tot l&#8217;\u00e0lbum).<\/p>\n<p><a href=\"https:\/\/photos.app.goo.gl\/3zQ4W8rcwhEzNRv46\"><img loading=\"lazy\" decoding=\"async\" class=\"alignnone size-large wp-image-2384\" src=\"https:\/\/agora.xtec.cat\/ceiplillet\/wp-content\/uploads\/usu481\/2021\/04\/1-1-1024x768.jpg\" alt=\"\" width=\"1024\" height=\"768\" srcset=\"https:\/\/agora.xtec.cat\/ceiplillet\/wp-content\/uploads\/usu481\/2021\/04\/1-1-1024x768.jpg 1024w, https:\/\/agora.xtec.cat\/ceiplillet\/wp-content\/uploads\/usu481\/2021\/04\/1-1-300x225.jpg 300w, https:\/\/agora.xtec.cat\/ceiplillet\/wp-content\/uploads\/usu481\/2021\/04\/1-1-768x576.jpg 768w, https:\/\/agora.xtec.cat\/ceiplillet\/wp-content\/uploads\/usu481\/2021\/04\/1-1-200x150.jpg 200w\" sizes=\"auto, (max-width: 1024px) 100vw, 1024px\" \/><\/a><\/p>\n","protected":false},"excerpt":{"rendered":"<p>Dijous 29 d&#8217;abril va venir la Sara del Parc Natural Cad\u00ed Moixer\u00f3 per explicar-nos moltes coses interessants sobre les plantes arom\u00e0tiques, les seves propietats i algunes de les seves aplicacions, tamb\u00e9 vam aprofitar per fer bosses arom\u00e0tiques amb el grup de mitjans i petits. \u00a0Divendres 30 hem gaudit de la companyia de la Queralt i [&hellip;]<\/p>\n","protected":false},"author":1,"featured_media":2384,"comment_status":"open","ping_status":"closed","sticky":false,"template":"","format":"standard","meta":{"_bbp_topic_count":0,"_bbp_reply_count":0,"_bbp_total_topic_count":0,"_bbp_total_reply_count":0,"_bbp_voice_count":0,"_bbp_anonymous_reply_count":0,"_bbp_topic_count_hidden":0,"_bbp_reply_count_hidden":0,"_bbp_forum_subforum_count":0,"site-sidebar-layout":"default","site-content-layout":"","ast-site-content-layout":"","site-content-style":"default","site-sidebar-style":"default","ast-global-header-display":"","ast-banner-title-visibility":"","ast-main-header-display":"","ast-hfb-above-header-display":"","ast-hfb-below-header-display":"","ast-hfb-mobile-header-display":"","site-post-title":"","ast-breadcrumbs-content":"","ast-featured-img":"","footer-sml-layout":"","theme-transparent-header-meta":"","adv-header-id-meta":"","stick-header-meta":"","header-above-stick-meta":"","header-main-stick-meta":"","header-below-stick-meta":"","astra-migrate-meta-layouts":"default","ast-page-background-enabled":"default","ast-page-background-meta":{"desktop":{"background-color":"var(--ast-global-color-4)","background-image":"","background-repeat":"repeat","background-position":"center center","background-size":"auto","background-attachment":"scroll","background-type":"","background-media":"","overlay-type":"","overlay-color":"","overlay-opacity":"","overlay-gradient":""},"tablet":{"background-color":"","background-image":"","background-repeat":"repeat","background-position":"center center","background-size":"auto","background-attachment":"scroll","background-type":"","background-media":"","overlay-type":"","overlay-color":"","overlay-opacity":"","overlay-gradient":""},"mobile":{"background-color":"","background-image":"","background-repeat":"repeat","background-position":"center center","background-size":"auto","background-attachment":"scroll","background-type":"","background-media":"","overlay-type":"","overlay-color":"","overlay-opacity":"","overlay-gradient":""}},"ast-content-background-meta":{"desktop":{"background-color":"var(--ast-global-color-5)","background-image":"","background-repeat":"repeat","background-position":"center center","background-size":"auto","background-attachment":"scroll","background-type":"","background-media":"","overlay-type":"","overlay-color":"","overlay-opacity":"","overlay-gradient":""},"tablet":{"background-color":"var(--ast-global-color-5)","background-image":"","background-repeat":"repeat","background-position":"center center","background-size":"auto","background-attachment":"scroll","background-type":"","background-media":"","overlay-type":"","overlay-color":"","overlay-opacity":"","overlay-gradient":""},"mobile":{"background-color":"var(--ast-global-color-5)","background-image":"","background-repeat":"repeat","background-position":"center center","background-size":"auto","background-attachment":"scroll","background-type":"","background-media":"","overlay-type":"","overlay-color":"","overlay-opacity":"","overlay-gradient":""}},"footnotes":""},"categories":[42,43,49,1,85,2,77,78,3,8,9,5,45],"tags":[],"class_list":["post-2383","post","type-post","status-publish","format-standard","has-post-thumbnail","hentry","category-cicle-inicial","category-cicle-mitja","category-cicle-superior","category-general","category-grans","category-infantil","category-mitjans","category-mitjans-primaria","category-p3","category-p4","category-p5","category-primaria","category-projectes"],"post_mailing_queue_ids":[],"_links":{"self":[{"href":"https:\/\/agora.xtec.cat\/ceiplillet\/wp-json\/wp\/v2\/posts\/2383","targetHints":{"allow":["GET"]}}],"collection":[{"href":"https:\/\/agora.xtec.cat\/ceiplillet\/wp-json\/wp\/v2\/posts"}],"about":[{"href":"https:\/\/agora.xtec.cat\/ceiplillet\/wp-json\/wp\/v2\/types\/post"}],"author":[{"embeddable":true,"href":"https:\/\/agora.xtec.cat\/ceiplillet\/wp-json\/wp\/v2\/users\/1"}],"replies":[{"embeddable":true,"href":"https:\/\/agora.xtec.cat\/ceiplillet\/wp-json\/wp\/v2\/comments?post=2383"}],"version-history":[{"count":3,"href":"https:\/\/agora.xtec.cat\/ceiplillet\/wp-json\/wp\/v2\/posts\/2383\/revisions"}],"predecessor-version":[{"id":2387,"href":"https:\/\/agora.xtec.cat\/ceiplillet\/wp-json\/wp\/v2\/posts\/2383\/revisions\/2387"}],"wp:featuredmedia":[{"embeddable":true,"href":"https:\/\/agora.xtec.cat\/ceiplillet\/wp-json\/wp\/v2\/media\/2384"}],"wp:attachment":[{"href":"https:\/\/agora.xtec.cat\/ceiplillet\/wp-json\/wp\/v2\/media?parent=2383"}],"wp:term":[{"taxonomy":"category","embeddable":true,"href":"https:\/\/agora.xtec.cat\/ceiplillet\/wp-json\/wp\/v2\/categories?post=2383"},{"taxonomy":"post_tag","embeddable":true,"href":"https:\/\/agora.xtec.cat\/ceiplillet\/wp-json\/wp\/v2\/tags?post=2383"}],"curies":[{"name":"wp","href":"https:\/\/api.w.org\/{rel}","templated":true}]}}