{"id":2371,"date":"2021-04-24T00:16:33","date_gmt":"2021-04-23T22:16:33","guid":{"rendered":"http:\/\/agora.xtec.cat\/ceiplillet\/?p=2371"},"modified":"2024-01-10T21:02:38","modified_gmt":"2024-01-10T20:02:38","slug":"el-nostre-st-jordi","status":"publish","type":"post","link":"https:\/\/agora.xtec.cat\/ceiplillet\/general\/el-nostre-st-jordi\/","title":{"rendered":"EL NOSTRE SANT JORDI"},"content":{"rendered":"<p><a href=\"https:\/\/agora.xtec.cat\/ceiplillet\/wp-content\/uploads\/usu481\/2021\/04\/75ba618e-7740-49ed-b386-4fcad8382225.jpg\"><img loading=\"lazy\" decoding=\"async\" class=\"alignnone size-large wp-image-2373\" src=\"https:\/\/agora.xtec.cat\/ceiplillet\/wp-content\/uploads\/usu481\/2021\/04\/75ba618e-7740-49ed-b386-4fcad8382225-1024x768.jpg\" alt=\"\" width=\"1024\" height=\"768\" srcset=\"https:\/\/agora.xtec.cat\/ceiplillet\/wp-content\/uploads\/usu481\/2021\/04\/75ba618e-7740-49ed-b386-4fcad8382225.jpg 1024w, https:\/\/agora.xtec.cat\/ceiplillet\/wp-content\/uploads\/usu481\/2021\/04\/75ba618e-7740-49ed-b386-4fcad8382225-300x225.jpg 300w, https:\/\/agora.xtec.cat\/ceiplillet\/wp-content\/uploads\/usu481\/2021\/04\/75ba618e-7740-49ed-b386-4fcad8382225-768x576.jpg 768w, https:\/\/agora.xtec.cat\/ceiplillet\/wp-content\/uploads\/usu481\/2021\/04\/75ba618e-7740-49ed-b386-4fcad8382225-200x150.jpg 200w\" sizes=\"auto, (max-width: 1024px) 100vw, 1024px\" \/><\/a>Durant aquesta setmana a l&#8217;escola hem fet moltes activitats entorn de la diada de Sant Jordi.<\/p>\n<p>Amb la finalitat de que les fam\u00edlies tamb\u00e9 en pugueu gaudir, hem decidit fer una exposici\u00f3 amb les produccions que hem fet, des dels m\u00e9s xics fins al m\u00e9s grans.<\/p>\n<p>Aquesta exposici\u00f3 la trobareu penjada a la vidriera del pavell\u00f3.<\/p>\n<p>A continuaci\u00f3 us deixem totes les fotografies fetes durant aquests dies.<\/p>\n<p>Esperem que us agradi!<\/p>\n<p>Feu <a href=\"https:\/\/photos.app.goo.gl\/Jxxqj19zsirxqK7q7\">\u201cclick aqu\u00ed<\/a>\u201d per veure totes les fotos.<\/p>\n","protected":false},"excerpt":{"rendered":"<p>Durant aquesta setmana a l&#8217;escola hem fet moltes activitats entorn de la diada de Sant Jordi. Amb la finalitat de que les fam\u00edlies tamb\u00e9 en pugueu gaudir, hem decidit fer una exposici\u00f3 amb les produccions que hem fet, des dels m\u00e9s xics fins al m\u00e9s grans. Aquesta exposici\u00f3 la trobareu penjada a la vidriera del [&hellip;]<\/p>\n","protected":false},"author":1,"featured_media":2373,"comment_status":"open","ping_status":"closed","sticky":false,"template":"","format":"standard","meta":{"_bbp_topic_count":0,"_bbp_reply_count":0,"_bbp_total_topic_count":0,"_bbp_total_reply_count":0,"_bbp_voice_count":0,"_bbp_anonymous_reply_count":0,"_bbp_topic_count_hidden":0,"_bbp_reply_count_hidden":0,"_bbp_forum_subforum_count":0,"site-sidebar-layout":"default","site-content-layout":"","ast-site-content-layout":"","site-content-style":"default","site-sidebar-style":"default","ast-global-header-display":"","ast-banner-title-visibility":"","ast-main-header-display":"","ast-hfb-above-header-display":"","ast-hfb-below-header-display":"","ast-hfb-mobile-header-display":"","site-post-title":"","ast-breadcrumbs-content":"","ast-featured-img":"","footer-sml-layout":"","theme-transparent-header-meta":"","adv-header-id-meta":"","stick-header-meta":"","header-above-stick-meta":"","header-main-stick-meta":"","header-below-stick-meta":"","astra-migrate-meta-layouts":"default","ast-page-background-enabled":"default","ast-page-background-meta":{"desktop":{"background-color":"var(--ast-global-color-4)","background-image":"","background-repeat":"repeat","background-position":"center center","background-size":"auto","background-attachment":"scroll","background-type":"","background-media":"","overlay-type":"","overlay-color":"","overlay-opacity":"","overlay-gradient":""},"tablet":{"background-color":"","background-image":"","background-repeat":"repeat","background-position":"center center","background-size":"auto","background-attachment":"scroll","background-type":"","background-media":"","overlay-type":"","overlay-color":"","overlay-opacity":"","overlay-gradient":""},"mobile":{"background-color":"","background-image":"","background-repeat":"repeat","background-position":"center center","background-size":"auto","background-attachment":"scroll","background-type":"","background-media":"","overlay-type":"","overlay-color":"","overlay-opacity":"","overlay-gradient":""}},"ast-content-background-meta":{"desktop":{"background-color":"var(--ast-global-color-5)","background-image":"","background-repeat":"repeat","background-position":"center center","background-size":"auto","background-attachment":"scroll","background-type":"","background-media":"","overlay-type":"","overlay-color":"","overlay-opacity":"","overlay-gradient":""},"tablet":{"background-color":"var(--ast-global-color-5)","background-image":"","background-repeat":"repeat","background-position":"center center","background-size":"auto","background-attachment":"scroll","background-type":"","background-media":"","overlay-type":"","overlay-color":"","overlay-opacity":"","overlay-gradient":""},"mobile":{"background-color":"var(--ast-global-color-5)","background-image":"","background-repeat":"repeat","background-position":"center center","background-size":"auto","background-attachment":"scroll","background-type":"","background-media":"","overlay-type":"","overlay-color":"","overlay-opacity":"","overlay-gradient":""}},"footnotes":""},"categories":[42,49,1,85,2,77,78,3,8,9,5],"tags":[],"class_list":["post-2371","post","type-post","status-publish","format-standard","has-post-thumbnail","hentry","category-cicle-inicial","category-cicle-superior","category-general","category-grans","category-infantil","category-mitjans","category-mitjans-primaria","category-p3","category-p4","category-p5","category-primaria"],"post_mailing_queue_ids":[],"_links":{"self":[{"href":"https:\/\/agora.xtec.cat\/ceiplillet\/wp-json\/wp\/v2\/posts\/2371","targetHints":{"allow":["GET"]}}],"collection":[{"href":"https:\/\/agora.xtec.cat\/ceiplillet\/wp-json\/wp\/v2\/posts"}],"about":[{"href":"https:\/\/agora.xtec.cat\/ceiplillet\/wp-json\/wp\/v2\/types\/post"}],"author":[{"embeddable":true,"href":"https:\/\/agora.xtec.cat\/ceiplillet\/wp-json\/wp\/v2\/users\/1"}],"replies":[{"embeddable":true,"href":"https:\/\/agora.xtec.cat\/ceiplillet\/wp-json\/wp\/v2\/comments?post=2371"}],"version-history":[{"count":4,"href":"https:\/\/agora.xtec.cat\/ceiplillet\/wp-json\/wp\/v2\/posts\/2371\/revisions"}],"predecessor-version":[{"id":2377,"href":"https:\/\/agora.xtec.cat\/ceiplillet\/wp-json\/wp\/v2\/posts\/2371\/revisions\/2377"}],"wp:featuredmedia":[{"embeddable":true,"href":"https:\/\/agora.xtec.cat\/ceiplillet\/wp-json\/wp\/v2\/media\/2373"}],"wp:attachment":[{"href":"https:\/\/agora.xtec.cat\/ceiplillet\/wp-json\/wp\/v2\/media?parent=2371"}],"wp:term":[{"taxonomy":"category","embeddable":true,"href":"https:\/\/agora.xtec.cat\/ceiplillet\/wp-json\/wp\/v2\/categories?post=2371"},{"taxonomy":"post_tag","embeddable":true,"href":"https:\/\/agora.xtec.cat\/ceiplillet\/wp-json\/wp\/v2\/tags?post=2371"}],"curies":[{"name":"wp","href":"https:\/\/api.w.org\/{rel}","templated":true}]}}