{"id":2072,"date":"2020-11-17T19:01:49","date_gmt":"2020-11-17T18:01:49","guid":{"rendered":"http:\/\/agora.xtec.cat\/ceiplillet\/?p=2072"},"modified":"2020-12-19T10:37:13","modified_gmt":"2020-12-19T09:37:13","slug":"la-cooperativa-visita-judit-corominas","status":"publish","type":"post","link":"https:\/\/agora.xtec.cat\/ceiplillet\/general\/la-cooperativa-visita-judit-corominas\/","title":{"rendered":"LA COOPERATIVA (VISITA JUDIT COROMINAS)"},"content":{"rendered":"<p>Dilluns 16 de novembre per la tarda, ens va venir a visitar la Judit Corominas (T\u00e8cnica d&#8217;empresa) per veure com anava la nostra cooperativa. Li vam ensenyar tot el que hav\u00edem fet fins al moment i ens va felicitar perqu\u00e8 hav\u00edem fet molta feina.<\/p>\n<p>Li vam ensenyar l\u2019estat de comptes de la cooperativa, els canvis realitzats en els estatuts, els productes elaborats i tamb\u00e9 vam aprofitar per demanar-li com pod\u00edem fer el mercat per vendre ja que aquest curs segurament no es podr\u00e0 fer el mercat de Berga.<\/p>\n<p>Ens va anar molt b\u00e9 tots els consells que ens va donar, aix\u00ed que li agra\u00efm molt la seva visita.<\/p>\n<p>T\u2019esperem el dia que fem el mercat Judit!<\/p>\n<p>Si voleu veure m\u00e9s fotograf\u00edes d&#8217;aquest dia feu &#8220;click&#8221; sobre la foto.<\/p>\n<p><a href=\"https:\/\/photos.app.goo.gl\/nhWkrAdT2KFinWsBA\"><img loading=\"lazy\" decoding=\"async\" class=\"alignnone size-large wp-image-2076\" src=\"https:\/\/agora.xtec.cat\/ceiplillet\/wp-content\/uploads\/usu481\/2020\/11\/2-1024x768.jpg\" alt=\"\" width=\"1024\" height=\"768\" srcset=\"https:\/\/agora.xtec.cat\/ceiplillet\/wp-content\/uploads\/usu481\/2020\/11\/2-1024x768.jpg 1024w, https:\/\/agora.xtec.cat\/ceiplillet\/wp-content\/uploads\/usu481\/2020\/11\/2-300x225.jpg 300w, https:\/\/agora.xtec.cat\/ceiplillet\/wp-content\/uploads\/usu481\/2020\/11\/2-768x576.jpg 768w, https:\/\/agora.xtec.cat\/ceiplillet\/wp-content\/uploads\/usu481\/2020\/11\/2-200x150.jpg 200w\" sizes=\"auto, (max-width: 1024px) 100vw, 1024px\" \/><\/a><\/p>\n","protected":false},"excerpt":{"rendered":"<p>Dilluns 16 de novembre per la tarda, ens va venir a visitar la Judit Corominas (T\u00e8cnica d&#8217;empresa) per veure com anava la nostra cooperativa. Li vam ensenyar tot el que hav\u00edem fet fins al moment i ens va felicitar perqu\u00e8 hav\u00edem fet molta feina. Li vam ensenyar l\u2019estat de comptes de la cooperativa, els canvis [&hellip;]<\/p>\n","protected":false},"author":1,"featured_media":2076,"comment_status":"open","ping_status":"closed","sticky":false,"template":"","format":"standard","meta":{"_bbp_topic_count":0,"_bbp_reply_count":0,"_bbp_total_topic_count":0,"_bbp_total_reply_count":0,"_bbp_voice_count":0,"_bbp_anonymous_reply_count":0,"_bbp_topic_count_hidden":0,"_bbp_reply_count_hidden":0,"_bbp_forum_subforum_count":0,"site-sidebar-layout":"default","site-content-layout":"","ast-site-content-layout":"","site-content-style":"default","site-sidebar-style":"default","ast-global-header-display":"","ast-banner-title-visibility":"","ast-main-header-display":"","ast-hfb-above-header-display":"","ast-hfb-below-header-display":"","ast-hfb-mobile-header-display":"","site-post-title":"","ast-breadcrumbs-content":"","ast-featured-img":"","footer-sml-layout":"","theme-transparent-header-meta":"","adv-header-id-meta":"","stick-header-meta":"","header-above-stick-meta":"","header-main-stick-meta":"","header-below-stick-meta":"","astra-migrate-meta-layouts":"default","ast-page-background-enabled":"default","ast-page-background-meta":{"desktop":{"background-color":"var(--ast-global-color-4)","background-image":"","background-repeat":"repeat","background-position":"center center","background-size":"auto","background-attachment":"scroll","background-type":"","background-media":"","overlay-type":"","overlay-color":"","overlay-opacity":"","overlay-gradient":""},"tablet":{"background-color":"","background-image":"","background-repeat":"repeat","background-position":"center center","background-size":"auto","background-attachment":"scroll","background-type":"","background-media":"","overlay-type":"","overlay-color":"","overlay-opacity":"","overlay-gradient":""},"mobile":{"background-color":"","background-image":"","background-repeat":"repeat","background-position":"center center","background-size":"auto","background-attachment":"scroll","background-type":"","background-media":"","overlay-type":"","overlay-color":"","overlay-opacity":"","overlay-gradient":""}},"ast-content-background-meta":{"desktop":{"background-color":"var(--ast-global-color-5)","background-image":"","background-repeat":"repeat","background-position":"center center","background-size":"auto","background-attachment":"scroll","background-type":"","background-media":"","overlay-type":"","overlay-color":"","overlay-opacity":"","overlay-gradient":""},"tablet":{"background-color":"var(--ast-global-color-5)","background-image":"","background-repeat":"repeat","background-position":"center center","background-size":"auto","background-attachment":"scroll","background-type":"","background-media":"","overlay-type":"","overlay-color":"","overlay-opacity":"","overlay-gradient":""},"mobile":{"background-color":"var(--ast-global-color-5)","background-image":"","background-repeat":"repeat","background-position":"center center","background-size":"auto","background-attachment":"scroll","background-type":"","background-media":"","overlay-type":"","overlay-color":"","overlay-opacity":"","overlay-gradient":""}},"footnotes":""},"categories":[42,43,49,46,1,85,77,78,5,45],"tags":[],"class_list":["post-2072","post","type-post","status-publish","format-standard","has-post-thumbnail","hentry","category-cicle-inicial","category-cicle-mitja","category-cicle-superior","category-escola-emprenedora","category-general","category-grans","category-mitjans","category-mitjans-primaria","category-primaria","category-projectes"],"post_mailing_queue_ids":[],"_links":{"self":[{"href":"https:\/\/agora.xtec.cat\/ceiplillet\/wp-json\/wp\/v2\/posts\/2072","targetHints":{"allow":["GET"]}}],"collection":[{"href":"https:\/\/agora.xtec.cat\/ceiplillet\/wp-json\/wp\/v2\/posts"}],"about":[{"href":"https:\/\/agora.xtec.cat\/ceiplillet\/wp-json\/wp\/v2\/types\/post"}],"author":[{"embeddable":true,"href":"https:\/\/agora.xtec.cat\/ceiplillet\/wp-json\/wp\/v2\/users\/1"}],"replies":[{"embeddable":true,"href":"https:\/\/agora.xtec.cat\/ceiplillet\/wp-json\/wp\/v2\/comments?post=2072"}],"version-history":[{"count":3,"href":"https:\/\/agora.xtec.cat\/ceiplillet\/wp-json\/wp\/v2\/posts\/2072\/revisions"}],"predecessor-version":[{"id":2079,"href":"https:\/\/agora.xtec.cat\/ceiplillet\/wp-json\/wp\/v2\/posts\/2072\/revisions\/2079"}],"wp:featuredmedia":[{"embeddable":true,"href":"https:\/\/agora.xtec.cat\/ceiplillet\/wp-json\/wp\/v2\/media\/2076"}],"wp:attachment":[{"href":"https:\/\/agora.xtec.cat\/ceiplillet\/wp-json\/wp\/v2\/media?parent=2072"}],"wp:term":[{"taxonomy":"category","embeddable":true,"href":"https:\/\/agora.xtec.cat\/ceiplillet\/wp-json\/wp\/v2\/categories?post=2072"},{"taxonomy":"post_tag","embeddable":true,"href":"https:\/\/agora.xtec.cat\/ceiplillet\/wp-json\/wp\/v2\/tags?post=2072"}],"curies":[{"name":"wp","href":"https:\/\/api.w.org\/{rel}","templated":true}]}}