{"id":1776,"date":"2020-04-13T20:37:39","date_gmt":"2020-04-13T18:37:39","guid":{"rendered":"http:\/\/agora.xtec.cat\/ceiplillet\/?p=1776"},"modified":"2020-04-13T21:03:38","modified_gmt":"2020-04-13T19:03:38","slug":"dibuixos-solidaris","status":"publish","type":"post","link":"https:\/\/agora.xtec.cat\/ceiplillet\/general\/dibuixos-solidaris\/","title":{"rendered":"DIBUIXOS SOLIDARIS"},"content":{"rendered":"<p>Durant tots aquests dies, hi ha persones que estan treballant de valent, arriscant les seves vides per tots nosaltres. Per aquest motiu els nens i nenes de l\u2019escola Lillet a G\u00fcell volen aportar el seu granet de sorra fent arribar a tots aquests herois i hero\u00efnes el seu suport en forma de dibuixos.<\/p>\n<p>Tots aquests dibuixos, els hem fet arribar a l&#8217;Hospital Sant Bernab\u00e9 de Berga i a la resid\u00e8ncia d&#8217;avis de La Pobla de Lillet.<\/p>\n<p>Esperem que els ajudi a aixecar els \u00e0nims i a recordar que no estan sols! Que tots junts ho aconseguirem! Moooolts \u00e0nims i moooolt\u00edssimes gr\u00e0cies per la vostra valentia i dedicaci\u00f3!<\/p>\n<p>Si voleu veure tots els dibuixos que han fet els nens i nenes de l&#8217;escola, feu &#8220;click&#8221; sobre aquesta imatge!<\/p>\n<p><a href=\"https:\/\/photos.app.goo.gl\/Dt8L3NWrBtVEkTWV8\"><img loading=\"lazy\" decoding=\"async\" class=\"alignnone size-large wp-image-1778\" src=\"https:\/\/agora.xtec.cat\/ceiplillet\/wp-content\/uploads\/usu481\/2020\/04\/1-1024x432.png\" alt=\"\" width=\"1024\" height=\"432\" srcset=\"https:\/\/agora.xtec.cat\/ceiplillet\/wp-content\/uploads\/usu481\/2020\/04\/1-1024x432.png 1024w, https:\/\/agora.xtec.cat\/ceiplillet\/wp-content\/uploads\/usu481\/2020\/04\/1-300x127.png 300w, https:\/\/agora.xtec.cat\/ceiplillet\/wp-content\/uploads\/usu481\/2020\/04\/1-768x324.png 768w, https:\/\/agora.xtec.cat\/ceiplillet\/wp-content\/uploads\/usu481\/2020\/04\/1.png 1064w\" sizes=\"auto, (max-width: 1024px) 100vw, 1024px\" \/><\/a><\/p>\n","protected":false},"excerpt":{"rendered":"<p>Durant tots aquests dies, hi ha persones que estan treballant de valent, arriscant les seves vides per tots nosaltres. Per aquest motiu els nens i nenes de l\u2019escola Lillet a G\u00fcell volen aportar el seu granet de sorra fent arribar a tots aquests herois i hero\u00efnes el seu suport en forma de dibuixos. Tots aquests [&hellip;]<\/p>\n","protected":false},"author":1,"featured_media":1778,"comment_status":"open","ping_status":"closed","sticky":false,"template":"","format":"standard","meta":{"_bbp_topic_count":0,"_bbp_reply_count":0,"_bbp_total_topic_count":0,"_bbp_total_reply_count":0,"_bbp_voice_count":0,"_bbp_anonymous_reply_count":0,"_bbp_topic_count_hidden":0,"_bbp_reply_count_hidden":0,"_bbp_forum_subforum_count":0,"site-sidebar-layout":"default","site-content-layout":"","ast-site-content-layout":"","site-content-style":"default","site-sidebar-style":"default","ast-global-header-display":"","ast-banner-title-visibility":"","ast-main-header-display":"","ast-hfb-above-header-display":"","ast-hfb-below-header-display":"","ast-hfb-mobile-header-display":"","site-post-title":"","ast-breadcrumbs-content":"","ast-featured-img":"","footer-sml-layout":"","theme-transparent-header-meta":"","adv-header-id-meta":"","stick-header-meta":"","header-above-stick-meta":"","header-main-stick-meta":"","header-below-stick-meta":"","astra-migrate-meta-layouts":"default","ast-page-background-enabled":"default","ast-page-background-meta":{"desktop":{"background-color":"var(--ast-global-color-4)","background-image":"","background-repeat":"repeat","background-position":"center center","background-size":"auto","background-attachment":"scroll","background-type":"","background-media":"","overlay-type":"","overlay-color":"","overlay-opacity":"","overlay-gradient":""},"tablet":{"background-color":"","background-image":"","background-repeat":"repeat","background-position":"center center","background-size":"auto","background-attachment":"scroll","background-type":"","background-media":"","overlay-type":"","overlay-color":"","overlay-opacity":"","overlay-gradient":""},"mobile":{"background-color":"","background-image":"","background-repeat":"repeat","background-position":"center center","background-size":"auto","background-attachment":"scroll","background-type":"","background-media":"","overlay-type":"","overlay-color":"","overlay-opacity":"","overlay-gradient":""}},"ast-content-background-meta":{"desktop":{"background-color":"var(--ast-global-color-5)","background-image":"","background-repeat":"repeat","background-position":"center center","background-size":"auto","background-attachment":"scroll","background-type":"","background-media":"","overlay-type":"","overlay-color":"","overlay-opacity":"","overlay-gradient":""},"tablet":{"background-color":"var(--ast-global-color-5)","background-image":"","background-repeat":"repeat","background-position":"center center","background-size":"auto","background-attachment":"scroll","background-type":"","background-media":"","overlay-type":"","overlay-color":"","overlay-opacity":"","overlay-gradient":""},"mobile":{"background-color":"var(--ast-global-color-5)","background-image":"","background-repeat":"repeat","background-position":"center center","background-size":"auto","background-attachment":"scroll","background-type":"","background-media":"","overlay-type":"","overlay-color":"","overlay-opacity":"","overlay-gradient":""}},"footnotes":""},"categories":[42,43,49,46,58,1,2,3,8,9,5,45],"tags":[],"class_list":["post-1776","post","type-post","status-publish","format-standard","has-post-thumbnail","hentry","category-cicle-inicial","category-cicle-mitja","category-cicle-superior","category-escola-emprenedora","category-espais","category-general","category-infantil","category-p3","category-p4","category-p5","category-primaria","category-projectes"],"post_mailing_queue_ids":[],"_links":{"self":[{"href":"https:\/\/agora.xtec.cat\/ceiplillet\/wp-json\/wp\/v2\/posts\/1776","targetHints":{"allow":["GET"]}}],"collection":[{"href":"https:\/\/agora.xtec.cat\/ceiplillet\/wp-json\/wp\/v2\/posts"}],"about":[{"href":"https:\/\/agora.xtec.cat\/ceiplillet\/wp-json\/wp\/v2\/types\/post"}],"author":[{"embeddable":true,"href":"https:\/\/agora.xtec.cat\/ceiplillet\/wp-json\/wp\/v2\/users\/1"}],"replies":[{"embeddable":true,"href":"https:\/\/agora.xtec.cat\/ceiplillet\/wp-json\/wp\/v2\/comments?post=1776"}],"version-history":[{"count":3,"href":"https:\/\/agora.xtec.cat\/ceiplillet\/wp-json\/wp\/v2\/posts\/1776\/revisions"}],"predecessor-version":[{"id":1783,"href":"https:\/\/agora.xtec.cat\/ceiplillet\/wp-json\/wp\/v2\/posts\/1776\/revisions\/1783"}],"wp:featuredmedia":[{"embeddable":true,"href":"https:\/\/agora.xtec.cat\/ceiplillet\/wp-json\/wp\/v2\/media\/1778"}],"wp:attachment":[{"href":"https:\/\/agora.xtec.cat\/ceiplillet\/wp-json\/wp\/v2\/media?parent=1776"}],"wp:term":[{"taxonomy":"category","embeddable":true,"href":"https:\/\/agora.xtec.cat\/ceiplillet\/wp-json\/wp\/v2\/categories?post=1776"},{"taxonomy":"post_tag","embeddable":true,"href":"https:\/\/agora.xtec.cat\/ceiplillet\/wp-json\/wp\/v2\/tags?post=1776"}],"curies":[{"name":"wp","href":"https:\/\/api.w.org\/{rel}","templated":true}]}}