{"id":1530,"date":"2019-12-09T14:41:21","date_gmt":"2019-12-09T13:41:21","guid":{"rendered":"http:\/\/agora.xtec.cat\/ceiplillet\/?p=1530"},"modified":"2019-12-10T20:06:25","modified_gmt":"2019-12-10T19:06:25","slug":"el-nostre-gran-viatge","status":"publish","type":"post","link":"https:\/\/agora.xtec.cat\/ceiplillet\/general\/el-nostre-gran-viatge\/","title":{"rendered":"EL NOSTRE GRAN VIATGE"},"content":{"rendered":"<p><b><i>El 26 de novembre a la tarda, hem fet l\u2019Aula oberta i ens han vingut a visitar la padrina i l\u2019avi de la Laia, la Rosa i l\u2019Eduard, per explicar-nos el viatge que van fer a Sud-\u00e0frica i Illa Maurici durant el mes de juliol de fa dos anys.\u00a0<\/i><\/b><\/p>\n<p>&nbsp;<\/p>\n<p><span style=\"font-weight: 400;\">Per situar-nos una mica ens han ensenyat el mapa d&#8217;\u00c0frica i ens han explicat que Sud-\u00e0frica t\u00e9 tres capitals, que hi ha uns 56 milions d\u2019habitants, el doble que a Espanya, i que s\u2019hi parlen b\u00e0sicament tres idiomes; el zul\u00fa, l\u2019angl\u00e8s i l\u2019afric\u00e0.\u00a0<\/span><\/p>\n<p><span style=\"font-weight: 400;\">Tamb\u00e9 ens han explicat que \u00e9s un pa\u00eds amb for\u00e7a pobresa, un treballador cobra de 60 a 90 \u20ac al mes. Les cases dels pobles, estan fetes de palla, canyes i fang, en canvi a les ciutats hi ha edificis alts. Una curiositat que ens ha fet molta gr\u00e0cia, \u00e9s que pel carrer et pots trobar suricates i porcs\u00a0 senglars igual que aqu\u00ed et trobaries gossos i gats. Tamb\u00e9 hi ha micos, que s\u00f3n molt simp\u00e0tics i divertits, per\u00f2 si et descuides et roben el que poden i si deixes la finestra oberta te\u2019ls pots trobar dins del llit.<\/span><\/p>\n<p><span style=\"font-weight: 400;\">Tamb\u00e9 ens han parlat del clima; durant la nit i matinada les temperatures s\u00f3n molt baixes per\u00f2 al llarg del dia poden pujar fins als 25 o 30 graus, aix\u00f2 a l\u2019hivern que \u00e9s quan hi van anar ells, per\u00f2 a l\u2019estiu poden pujar encara molt \u00e9s.<\/span><\/p>\n<p><span style=\"font-weight: 400;\">Ens han ensenyat fotos del Parc Kruger, que \u00e9s una de les majors reserves naturals de l\u2019\u00c0frica on els animals estan en llibertat. En aquest parc hi ha \u201crangers\u201d que s\u00f3n els policies d\u2019all\u00e0, a un d\u2019ells li falta una cama perqu\u00e8 un lle\u00f3 li va arrencar. Dins el parc van poder veure lleons, elefants, zebres, girafes, rinoceronts blancs, cocodrils, hipop\u00f2tams, macdonalds,\u00a0 micos, ocells ex\u00f2tics, etc.<\/span><\/p>\n<p><span style=\"font-weight: 400;\">Tamb\u00e9 va poder veure com es banyaven amb els taurons blancs, ho feien dins una g\u00e0bia perqu\u00e8 s\u00f3n animals molt perillosos i se\u2019t podrien menjar.<\/span><\/p>\n<p><span style=\"font-weight: 400;\">Vam poder veure fotos del Table mountain, el Cap de Bona Esperan\u00e7a, les Cataractes Vict\u00f2ria, l\u2019impressionant Riu Chobe, el Lion Encounter.<\/span><\/p>\n<p><span style=\"font-weight: 400;\">Per acabar vam poder veure la seva estada a Illa Maurici on es van poder banyar amb els dofins i van poder veure moltes esp\u00e8cies de peixos.<\/span><\/p>\n<p>&nbsp;<\/p>\n<p><span style=\"font-weight: 400;\">Moltes gr\u00e0cies per compartir amb nosaltres aquesta experi\u00e8ncia!!<\/span><\/p>\n<p>&nbsp;<\/p>\n<p><span style=\"font-weight: 400;\">Alumnes de Cicle Superior<\/span><\/p>\n<p>&nbsp;<\/p>\n<p><a href=\"https:\/\/photos.app.goo.gl\/1BGp9NrK79UTxKKn9\"><img loading=\"lazy\" decoding=\"async\" class=\"alignnone wp-image-1534 size-large\" src=\"https:\/\/agora.xtec.cat\/ceiplillet\/wp-content\/uploads\/usu481\/2019\/12\/IMG_2517-768x1024.jpg\" alt=\"\" width=\"768\" height=\"1024\" srcset=\"https:\/\/agora.xtec.cat\/ceiplillet\/wp-content\/uploads\/usu481\/2019\/12\/IMG_2517-768x1024.jpg 768w, https:\/\/agora.xtec.cat\/ceiplillet\/wp-content\/uploads\/usu481\/2019\/12\/IMG_2517-225x300.jpg 225w\" sizes=\"auto, (max-width: 768px) 100vw, 768px\" \/><\/a><\/p>\n","protected":false},"excerpt":{"rendered":"<p>El 26 de novembre a la tarda, hem fet l\u2019Aula oberta i ens han vingut a visitar la padrina i l\u2019avi de la Laia, la Rosa i l\u2019Eduard, per explicar-nos el viatge que van fer a Sud-\u00e0frica i Illa Maurici durant el mes de juliol de fa dos anys.\u00a0 &nbsp; Per situar-nos una mica ens [&hellip;]<\/p>\n","protected":false},"author":1,"featured_media":1534,"comment_status":"open","ping_status":"closed","sticky":false,"template":"","format":"standard","meta":{"_bbp_topic_count":0,"_bbp_reply_count":0,"_bbp_total_topic_count":0,"_bbp_total_reply_count":0,"_bbp_voice_count":0,"_bbp_anonymous_reply_count":0,"_bbp_topic_count_hidden":0,"_bbp_reply_count_hidden":0,"_bbp_forum_subforum_count":0,"site-sidebar-layout":"default","site-content-layout":"","ast-site-content-layout":"","site-content-style":"default","site-sidebar-style":"default","ast-global-header-display":"","ast-banner-title-visibility":"","ast-main-header-display":"","ast-hfb-above-header-display":"","ast-hfb-below-header-display":"","ast-hfb-mobile-header-display":"","site-post-title":"","ast-breadcrumbs-content":"","ast-featured-img":"","footer-sml-layout":"","theme-transparent-header-meta":"","adv-header-id-meta":"","stick-header-meta":"","header-above-stick-meta":"","header-main-stick-meta":"","header-below-stick-meta":"","astra-migrate-meta-layouts":"default","ast-page-background-enabled":"default","ast-page-background-meta":{"desktop":{"background-color":"var(--ast-global-color-4)","background-image":"","background-repeat":"repeat","background-position":"center center","background-size":"auto","background-attachment":"scroll","background-type":"","background-media":"","overlay-type":"","overlay-color":"","overlay-opacity":"","overlay-gradient":""},"tablet":{"background-color":"","background-image":"","background-repeat":"repeat","background-position":"center center","background-size":"auto","background-attachment":"scroll","background-type":"","background-media":"","overlay-type":"","overlay-color":"","overlay-opacity":"","overlay-gradient":""},"mobile":{"background-color":"","background-image":"","background-repeat":"repeat","background-position":"center center","background-size":"auto","background-attachment":"scroll","background-type":"","background-media":"","overlay-type":"","overlay-color":"","overlay-opacity":"","overlay-gradient":""}},"ast-content-background-meta":{"desktop":{"background-color":"var(--ast-global-color-5)","background-image":"","background-repeat":"repeat","background-position":"center center","background-size":"auto","background-attachment":"scroll","background-type":"","background-media":"","overlay-type":"","overlay-color":"","overlay-opacity":"","overlay-gradient":""},"tablet":{"background-color":"var(--ast-global-color-5)","background-image":"","background-repeat":"repeat","background-position":"center center","background-size":"auto","background-attachment":"scroll","background-type":"","background-media":"","overlay-type":"","overlay-color":"","overlay-opacity":"","overlay-gradient":""},"mobile":{"background-color":"var(--ast-global-color-5)","background-image":"","background-repeat":"repeat","background-position":"center center","background-size":"auto","background-attachment":"scroll","background-type":"","background-media":"","overlay-type":"","overlay-color":"","overlay-opacity":"","overlay-gradient":""}},"footnotes":""},"categories":[49,1,5],"tags":[64,71,70],"class_list":["post-1530","post","type-post","status-publish","format-standard","has-post-thumbnail","hentry","category-cicle-superior","category-general","category-primaria","tag-aula-oberta","tag-cicle-superior","tag-curs-2019-2020"],"post_mailing_queue_ids":[],"_links":{"self":[{"href":"https:\/\/agora.xtec.cat\/ceiplillet\/wp-json\/wp\/v2\/posts\/1530","targetHints":{"allow":["GET"]}}],"collection":[{"href":"https:\/\/agora.xtec.cat\/ceiplillet\/wp-json\/wp\/v2\/posts"}],"about":[{"href":"https:\/\/agora.xtec.cat\/ceiplillet\/wp-json\/wp\/v2\/types\/post"}],"author":[{"embeddable":true,"href":"https:\/\/agora.xtec.cat\/ceiplillet\/wp-json\/wp\/v2\/users\/1"}],"replies":[{"embeddable":true,"href":"https:\/\/agora.xtec.cat\/ceiplillet\/wp-json\/wp\/v2\/comments?post=1530"}],"version-history":[{"count":3,"href":"https:\/\/agora.xtec.cat\/ceiplillet\/wp-json\/wp\/v2\/posts\/1530\/revisions"}],"predecessor-version":[{"id":1538,"href":"https:\/\/agora.xtec.cat\/ceiplillet\/wp-json\/wp\/v2\/posts\/1530\/revisions\/1538"}],"wp:featuredmedia":[{"embeddable":true,"href":"https:\/\/agora.xtec.cat\/ceiplillet\/wp-json\/wp\/v2\/media\/1534"}],"wp:attachment":[{"href":"https:\/\/agora.xtec.cat\/ceiplillet\/wp-json\/wp\/v2\/media?parent=1530"}],"wp:term":[{"taxonomy":"category","embeddable":true,"href":"https:\/\/agora.xtec.cat\/ceiplillet\/wp-json\/wp\/v2\/categories?post=1530"},{"taxonomy":"post_tag","embeddable":true,"href":"https:\/\/agora.xtec.cat\/ceiplillet\/wp-json\/wp\/v2\/tags?post=1530"}],"curies":[{"name":"wp","href":"https:\/\/api.w.org\/{rel}","templated":true}]}}