{"id":1526,"date":"2019-12-05T15:31:28","date_gmt":"2019-12-05T14:31:28","guid":{"rendered":"http:\/\/agora.xtec.cat\/ceiplillet\/?p=1526"},"modified":"2020-01-16T15:07:55","modified_gmt":"2020-01-16T14:07:55","slug":"sorra-magica-a-laula-oberta","status":"publish","type":"post","link":"https:\/\/agora.xtec.cat\/ceiplillet\/infantil\/sorra-magica-a-laula-oberta\/","title":{"rendered":"Sorra m\u00e0gica a l&#8217;aula oberta!"},"content":{"rendered":"<p>Bones fam\u00edlies,<\/p>\n<p>Dimecres 4 de desembre, els nens i les nenes de P2 i P3 vam tenir la sort de gaudir d&#8217;una nova aula oberta amb la mare i el pare del Lluc.<\/p>\n<p>Ens van ensenyar a fer sorra m\u00e0gica amb farina i oli! Va ser molt divertit!<\/p>\n<p><a href=\"https:\/\/agora.xtec.cat\/ceiplillet\/wp-content\/uploads\/usu481\/2019\/12\/a2452a56-2eed-421b-a149-6721ca84efe8.jpg\"><img loading=\"lazy\" decoding=\"async\" class=\"alignnone wp-image-1527\" src=\"https:\/\/agora.xtec.cat\/ceiplillet\/wp-content\/uploads\/usu481\/2019\/12\/a2452a56-2eed-421b-a149-6721ca84efe8-1024x768.jpg\" alt=\"\" width=\"460\" height=\"345\" srcset=\"https:\/\/agora.xtec.cat\/ceiplillet\/wp-content\/uploads\/usu481\/2019\/12\/a2452a56-2eed-421b-a149-6721ca84efe8-1024x768.jpg 1024w, https:\/\/agora.xtec.cat\/ceiplillet\/wp-content\/uploads\/usu481\/2019\/12\/a2452a56-2eed-421b-a149-6721ca84efe8-300x225.jpg 300w, https:\/\/agora.xtec.cat\/ceiplillet\/wp-content\/uploads\/usu481\/2019\/12\/a2452a56-2eed-421b-a149-6721ca84efe8-768x576.jpg 768w, https:\/\/agora.xtec.cat\/ceiplillet\/wp-content\/uploads\/usu481\/2019\/12\/a2452a56-2eed-421b-a149-6721ca84efe8-200x150.jpg 200w, https:\/\/agora.xtec.cat\/ceiplillet\/wp-content\/uploads\/usu481\/2019\/12\/a2452a56-2eed-421b-a149-6721ca84efe8.jpg 2048w\" sizes=\"auto, (max-width: 460px) 100vw, 460px\" \/><\/a><\/p>\n<p>Cliqueu <a href=\"https:\/\/photos.app.goo.gl\/Eipb3Q5E1K28a4xC8\"><strong>AQU\u00cd<\/strong><\/a> per visualitzar m\u00e9s fotografies.<\/p>\n<p>Molt\u00edssimes gr\u00e0cies Eli i Enric!<\/p>\n","protected":false},"excerpt":{"rendered":"<p>Bones fam\u00edlies, Dimecres 4 de desembre, els nens i les nenes de P2 i P3 vam tenir la sort de gaudir d&#8217;una nova aula oberta amb la mare i el pare del Lluc. Ens van ensenyar a fer sorra m\u00e0gica amb farina i oli! Va ser molt divertit! Cliqueu AQU\u00cd per visualitzar m\u00e9s fotografies. Molt\u00edssimes [&hellip;]<\/p>\n","protected":false},"author":1,"featured_media":0,"comment_status":"closed","ping_status":"closed","sticky":false,"template":"","format":"standard","meta":{"_bbp_topic_count":0,"_bbp_reply_count":0,"_bbp_total_topic_count":0,"_bbp_total_reply_count":0,"_bbp_voice_count":0,"_bbp_anonymous_reply_count":0,"_bbp_topic_count_hidden":0,"_bbp_reply_count_hidden":0,"_bbp_forum_subforum_count":0,"site-sidebar-layout":"default","site-content-layout":"","ast-site-content-layout":"","site-content-style":"default","site-sidebar-style":"default","ast-global-header-display":"","ast-banner-title-visibility":"","ast-main-header-display":"","ast-hfb-above-header-display":"","ast-hfb-below-header-display":"","ast-hfb-mobile-header-display":"","site-post-title":"","ast-breadcrumbs-content":"","ast-featured-img":"","footer-sml-layout":"","theme-transparent-header-meta":"","adv-header-id-meta":"","stick-header-meta":"","header-above-stick-meta":"","header-main-stick-meta":"","header-below-stick-meta":"","astra-migrate-meta-layouts":"default","ast-page-background-enabled":"default","ast-page-background-meta":{"desktop":{"background-color":"var(--ast-global-color-4)","background-image":"","background-repeat":"repeat","background-position":"center center","background-size":"auto","background-attachment":"scroll","background-type":"","background-media":"","overlay-type":"","overlay-color":"","overlay-opacity":"","overlay-gradient":""},"tablet":{"background-color":"","background-image":"","background-repeat":"repeat","background-position":"center center","background-size":"auto","background-attachment":"scroll","background-type":"","background-media":"","overlay-type":"","overlay-color":"","overlay-opacity":"","overlay-gradient":""},"mobile":{"background-color":"","background-image":"","background-repeat":"repeat","background-position":"center center","background-size":"auto","background-attachment":"scroll","background-type":"","background-media":"","overlay-type":"","overlay-color":"","overlay-opacity":"","overlay-gradient":""}},"ast-content-background-meta":{"desktop":{"background-color":"var(--ast-global-color-5)","background-image":"","background-repeat":"repeat","background-position":"center center","background-size":"auto","background-attachment":"scroll","background-type":"","background-media":"","overlay-type":"","overlay-color":"","overlay-opacity":"","overlay-gradient":""},"tablet":{"background-color":"var(--ast-global-color-5)","background-image":"","background-repeat":"repeat","background-position":"center center","background-size":"auto","background-attachment":"scroll","background-type":"","background-media":"","overlay-type":"","overlay-color":"","overlay-opacity":"","overlay-gradient":""},"mobile":{"background-color":"var(--ast-global-color-5)","background-image":"","background-repeat":"repeat","background-position":"center center","background-size":"auto","background-attachment":"scroll","background-type":"","background-media":"","overlay-type":"","overlay-color":"","overlay-opacity":"","overlay-gradient":""}},"footnotes":""},"categories":[2,3],"tags":[],"class_list":["post-1526","post","type-post","status-publish","format-standard","hentry","category-infantil","category-p3"],"post_mailing_queue_ids":[],"_links":{"self":[{"href":"https:\/\/agora.xtec.cat\/ceiplillet\/wp-json\/wp\/v2\/posts\/1526","targetHints":{"allow":["GET"]}}],"collection":[{"href":"https:\/\/agora.xtec.cat\/ceiplillet\/wp-json\/wp\/v2\/posts"}],"about":[{"href":"https:\/\/agora.xtec.cat\/ceiplillet\/wp-json\/wp\/v2\/types\/post"}],"author":[{"embeddable":true,"href":"https:\/\/agora.xtec.cat\/ceiplillet\/wp-json\/wp\/v2\/users\/1"}],"replies":[{"embeddable":true,"href":"https:\/\/agora.xtec.cat\/ceiplillet\/wp-json\/wp\/v2\/comments?post=1526"}],"version-history":[{"count":2,"href":"https:\/\/agora.xtec.cat\/ceiplillet\/wp-json\/wp\/v2\/posts\/1526\/revisions"}],"predecessor-version":[{"id":1529,"href":"https:\/\/agora.xtec.cat\/ceiplillet\/wp-json\/wp\/v2\/posts\/1526\/revisions\/1529"}],"wp:attachment":[{"href":"https:\/\/agora.xtec.cat\/ceiplillet\/wp-json\/wp\/v2\/media?parent=1526"}],"wp:term":[{"taxonomy":"category","embeddable":true,"href":"https:\/\/agora.xtec.cat\/ceiplillet\/wp-json\/wp\/v2\/categories?post=1526"},{"taxonomy":"post_tag","embeddable":true,"href":"https:\/\/agora.xtec.cat\/ceiplillet\/wp-json\/wp\/v2\/tags?post=1526"}],"curies":[{"name":"wp","href":"https:\/\/api.w.org\/{rel}","templated":true}]}}