{"id":1492,"date":"2019-11-26T18:08:36","date_gmt":"2019-11-26T17:08:36","guid":{"rendered":"http:\/\/agora.xtec.cat\/ceiplillet\/?p=1492"},"modified":"2019-11-26T18:09:15","modified_gmt":"2019-11-26T17:09:15","slug":"taller-de-coeducacio-un-conte-terrible","status":"publish","type":"post","link":"https:\/\/agora.xtec.cat\/ceiplillet\/general\/taller-de-coeducacio-un-conte-terrible\/","title":{"rendered":"TALLER DE COEDUCACI\u00d3 &#8220;UN CONTE TERRIBLE&#8221;"},"content":{"rendered":"<p style=\"text-align: left;\">Avui als alumnes de cicle mitj\u00e0 i cicle superior ens han vingut a explicar un conte, \u201cel conte ferotge\u201d. Ens l\u2019ha explicat l\u2019Imma Llort del Consell Comarcal.<\/p>\n<p style=\"text-align: left;\">Ha estat un conte que ens ha fet reflexionar sobre els prejudicis que tenim cap a les persones diferents a nosaltres, tamb\u00e9 hem parlat del respecte, la por i de la societat actual en la que per desgr\u00e0cia, encara hi ha una tend\u00e8ncia molt masclista.<\/p>\n<p style=\"text-align: left;\">Al final de la sessi\u00f3, hem fet una din\u00e0mica en la qual hem anotat en un paper una situaci\u00f3 que ens havia fet sentir malament i qu\u00e8 pod\u00edem fer per millorar-ho.<\/p>\n<p style=\"text-align: left;\">Ha estat un mat\u00ed de reflexi\u00f3 molt profit\u00f3s!<\/p>\n<p style=\"text-align: left;\">Gr\u00e0cies Imma!<\/p>\n<p><a href=\"https:\/\/photos.app.goo.gl\/AjTdUChMvEkbi2J77\"><img loading=\"lazy\" decoding=\"async\" class=\"SzDcob\" src=\"https:\/\/lh3.googleusercontent.com\/V77a5QiYFB5tt9vz1gSxu7zqlknVvTqWsvWB3oi6O4wXPUGWtw_ZuRbgFeH-VhLIIUR_tQK1azbmNL3RIx_aJ-HI4rv3MLqxp0fK4kB1w9Sq6n5BgB29ga8WfWZFwYjyICaB2iZwby0hj2w2AtB9PJqpTh7lU1ir3lXpj4PfdFcR_39dFd0XA6Gfvl8ghVMtA70XrgUxvZxPjzjbLxMfDq76R-vIjpzmeiu0Dyh8fK7VcT9HYXtFSpmOsgozwAb6wwDgbqAFsjRIbDGP-8oE8snEn9FMDj_fxr5EqS69BOKqT1YggQ36cMsnFh4kS1djVp2t45UQr1DM9U8BYjTyBIY9mCA2ZUGcspMiWexGL9MoCmiXJeNGqsd0hI3DN72xAgVuQUlqjXhvB8vfkjkIpwpZy8sI_KNwVJ8Gow1WFNVWXrjP322phZN5H_prSdfQ9WAY0MnIThaBsUQv59UvCMdITVM20p-dzvpC20dGkZjlp5tkJg-NYqGta8rSfCFcMO4sw5cTN9n1kOlp8yWwBVW5WcLno5ovxI_u97NGH9IWYUHm7A0v_BRctR7emWuv8A5uAFWaujPk1Dwu4mW20jcOpDn_h8RLbnPUlZ6DEdqFhWs3gmqnM4LoPTIiAP_K9nmfrSVhQ0pXjMc84cUpUf7nQcCSYT7Vg8mdGjH6Mxy2Bj0hDD-2K58DsCmsy7rMf4fqIcJwgIbwtPg8EFX5HeoGeVOm6ybZQEaOZLa64hIlRq8=w1894-h1420-no\" width=\"947\" height=\"710\" data-atf=\"false\" data-iml=\"53060.81499999982\" aria-label=\"Foto - Paisatge - 26 de nov. 2019, 9:39:26\" \/><\/a><\/p>\n","protected":false},"excerpt":{"rendered":"<p>Avui als alumnes de cicle mitj\u00e0 i cicle superior ens han vingut a explicar un conte, \u201cel conte ferotge\u201d. Ens l\u2019ha explicat l\u2019Imma Llort del Consell Comarcal. Ha estat un conte que ens ha fet reflexionar sobre els prejudicis que tenim cap a les persones diferents a nosaltres, tamb\u00e9 hem parlat del respecte, la por [&hellip;]<\/p>\n","protected":false},"author":1,"featured_media":0,"comment_status":"open","ping_status":"closed","sticky":false,"template":"","format":"standard","meta":{"_bbp_topic_count":0,"_bbp_reply_count":0,"_bbp_total_topic_count":0,"_bbp_total_reply_count":0,"_bbp_voice_count":0,"_bbp_anonymous_reply_count":0,"_bbp_topic_count_hidden":0,"_bbp_reply_count_hidden":0,"_bbp_forum_subforum_count":0,"site-sidebar-layout":"default","site-content-layout":"","ast-site-content-layout":"","site-content-style":"default","site-sidebar-style":"default","ast-global-header-display":"","ast-banner-title-visibility":"","ast-main-header-display":"","ast-hfb-above-header-display":"","ast-hfb-below-header-display":"","ast-hfb-mobile-header-display":"","site-post-title":"","ast-breadcrumbs-content":"","ast-featured-img":"","footer-sml-layout":"","theme-transparent-header-meta":"","adv-header-id-meta":"","stick-header-meta":"","header-above-stick-meta":"","header-main-stick-meta":"","header-below-stick-meta":"","astra-migrate-meta-layouts":"default","ast-page-background-enabled":"default","ast-page-background-meta":{"desktop":{"background-color":"var(--ast-global-color-4)","background-image":"","background-repeat":"repeat","background-position":"center center","background-size":"auto","background-attachment":"scroll","background-type":"","background-media":"","overlay-type":"","overlay-color":"","overlay-opacity":"","overlay-gradient":""},"tablet":{"background-color":"","background-image":"","background-repeat":"repeat","background-position":"center center","background-size":"auto","background-attachment":"scroll","background-type":"","background-media":"","overlay-type":"","overlay-color":"","overlay-opacity":"","overlay-gradient":""},"mobile":{"background-color":"","background-image":"","background-repeat":"repeat","background-position":"center center","background-size":"auto","background-attachment":"scroll","background-type":"","background-media":"","overlay-type":"","overlay-color":"","overlay-opacity":"","overlay-gradient":""}},"ast-content-background-meta":{"desktop":{"background-color":"var(--ast-global-color-5)","background-image":"","background-repeat":"repeat","background-position":"center center","background-size":"auto","background-attachment":"scroll","background-type":"","background-media":"","overlay-type":"","overlay-color":"","overlay-opacity":"","overlay-gradient":""},"tablet":{"background-color":"var(--ast-global-color-5)","background-image":"","background-repeat":"repeat","background-position":"center center","background-size":"auto","background-attachment":"scroll","background-type":"","background-media":"","overlay-type":"","overlay-color":"","overlay-opacity":"","overlay-gradient":""},"mobile":{"background-color":"var(--ast-global-color-5)","background-image":"","background-repeat":"repeat","background-position":"center center","background-size":"auto","background-attachment":"scroll","background-type":"","background-media":"","overlay-type":"","overlay-color":"","overlay-opacity":"","overlay-gradient":""}},"footnotes":""},"categories":[43,49,1,5],"tags":[],"class_list":["post-1492","post","type-post","status-publish","format-standard","hentry","category-cicle-mitja","category-cicle-superior","category-general","category-primaria"],"post_mailing_queue_ids":[],"_links":{"self":[{"href":"https:\/\/agora.xtec.cat\/ceiplillet\/wp-json\/wp\/v2\/posts\/1492","targetHints":{"allow":["GET"]}}],"collection":[{"href":"https:\/\/agora.xtec.cat\/ceiplillet\/wp-json\/wp\/v2\/posts"}],"about":[{"href":"https:\/\/agora.xtec.cat\/ceiplillet\/wp-json\/wp\/v2\/types\/post"}],"author":[{"embeddable":true,"href":"https:\/\/agora.xtec.cat\/ceiplillet\/wp-json\/wp\/v2\/users\/1"}],"replies":[{"embeddable":true,"href":"https:\/\/agora.xtec.cat\/ceiplillet\/wp-json\/wp\/v2\/comments?post=1492"}],"version-history":[{"count":2,"href":"https:\/\/agora.xtec.cat\/ceiplillet\/wp-json\/wp\/v2\/posts\/1492\/revisions"}],"predecessor-version":[{"id":1494,"href":"https:\/\/agora.xtec.cat\/ceiplillet\/wp-json\/wp\/v2\/posts\/1492\/revisions\/1494"}],"wp:attachment":[{"href":"https:\/\/agora.xtec.cat\/ceiplillet\/wp-json\/wp\/v2\/media?parent=1492"}],"wp:term":[{"taxonomy":"category","embeddable":true,"href":"https:\/\/agora.xtec.cat\/ceiplillet\/wp-json\/wp\/v2\/categories?post=1492"},{"taxonomy":"post_tag","embeddable":true,"href":"https:\/\/agora.xtec.cat\/ceiplillet\/wp-json\/wp\/v2\/tags?post=1492"}],"curies":[{"name":"wp","href":"https:\/\/api.w.org\/{rel}","templated":true}]}}