{"id":1464,"date":"2019-11-22T18:16:50","date_gmt":"2019-11-22T17:16:50","guid":{"rendered":"http:\/\/agora.xtec.cat\/ceiplillet\/?p=1464"},"modified":"2019-11-22T18:31:46","modified_gmt":"2019-11-22T17:31:46","slug":"primera-aula-oberta-a-la-classe-del-toy-story","status":"publish","type":"post","link":"https:\/\/agora.xtec.cat\/ceiplillet\/general\/primera-aula-oberta-a-la-classe-del-toy-story\/","title":{"rendered":"Primera aula Oberta a la classe del Toy Story!"},"content":{"rendered":"<p style=\"text-align: center;\"><strong>EL MANTENIMENT DEL POBLE<\/strong><\/p>\n<p>Aquest dimecres vam poder gaudir de la primera aula oberta a Cicle Inicial.\u00a0 El Mart\u00ed i l&#8217;\u00d3scar ens van explicar quines s\u00f3n les feines m\u00e9s importants per mantenir el poble net i bonic. Hi ha feines que es fan tot l&#8217;any i altres que depenen de l&#8217;estaci\u00f3.<\/p>\n<p>L\u2019\u00d3scar va portar la m\u00e0quina que fan servir per tallar l\u2019herba i l\u2019arn\u00e9s que es posen perqu\u00e8 no els pesi tant.\u00a0 Tots ens la vam voler posar!<\/p>\n<p>Moltes gr\u00e0cies Mart\u00ed i \u00d3scar!<\/p>\n<p><a href=\"https:\/\/photos.app.goo.gl\/QFDNJsrGH5vE5ieJ8\"><img loading=\"lazy\" decoding=\"async\" class=\"aligncenter size-large wp-image-1465\" src=\"https:\/\/agora.xtec.cat\/ceiplillet\/wp-content\/uploads\/usu481\/2019\/11\/portada-2-1024x819.jpg\" alt=\"\" width=\"1024\" height=\"819\" srcset=\"https:\/\/agora.xtec.cat\/ceiplillet\/wp-content\/uploads\/usu481\/2019\/11\/portada-2-1024x819.jpg 1024w, https:\/\/agora.xtec.cat\/ceiplillet\/wp-content\/uploads\/usu481\/2019\/11\/portada-2-300x240.jpg 300w, https:\/\/agora.xtec.cat\/ceiplillet\/wp-content\/uploads\/usu481\/2019\/11\/portada-2-768x614.jpg 768w, https:\/\/agora.xtec.cat\/ceiplillet\/wp-content\/uploads\/usu481\/2019\/11\/portada-2.jpg 1888w\" sizes=\"auto, (max-width: 1024px) 100vw, 1024px\" \/><\/a><\/p>\n<p>Si cliqueu a la imatge podreu veure m\u00e9s fotografies.<\/p>\n","protected":false},"excerpt":{"rendered":"<p>EL MANTENIMENT DEL POBLE Aquest dimecres vam poder gaudir de la primera aula oberta a Cicle Inicial.\u00a0 El Mart\u00ed i l&#8217;\u00d3scar ens van explicar quines s\u00f3n les feines m\u00e9s importants per mantenir el poble net i bonic. Hi ha feines que es fan tot l&#8217;any i altres que depenen de l&#8217;estaci\u00f3. L\u2019\u00d3scar va portar la [&hellip;]<\/p>\n","protected":false},"author":29,"featured_media":804,"comment_status":"open","ping_status":"closed","sticky":false,"template":"","format":"standard","meta":{"_bbp_topic_count":0,"_bbp_reply_count":0,"_bbp_total_topic_count":0,"_bbp_total_reply_count":0,"_bbp_voice_count":0,"_bbp_anonymous_reply_count":0,"_bbp_topic_count_hidden":0,"_bbp_reply_count_hidden":0,"_bbp_forum_subforum_count":0,"site-sidebar-layout":"default","site-content-layout":"","ast-site-content-layout":"","site-content-style":"default","site-sidebar-style":"default","ast-global-header-display":"","ast-banner-title-visibility":"","ast-main-header-display":"","ast-hfb-above-header-display":"","ast-hfb-below-header-display":"","ast-hfb-mobile-header-display":"","site-post-title":"","ast-breadcrumbs-content":"","ast-featured-img":"","footer-sml-layout":"","theme-transparent-header-meta":"","adv-header-id-meta":"","stick-header-meta":"","header-above-stick-meta":"","header-main-stick-meta":"","header-below-stick-meta":"","astra-migrate-meta-layouts":"default","ast-page-background-enabled":"default","ast-page-background-meta":{"desktop":{"background-color":"var(--ast-global-color-4)","background-image":"","background-repeat":"repeat","background-position":"center center","background-size":"auto","background-attachment":"scroll","background-type":"","background-media":"","overlay-type":"","overlay-color":"","overlay-opacity":"","overlay-gradient":""},"tablet":{"background-color":"","background-image":"","background-repeat":"repeat","background-position":"center center","background-size":"auto","background-attachment":"scroll","background-type":"","background-media":"","overlay-type":"","overlay-color":"","overlay-opacity":"","overlay-gradient":""},"mobile":{"background-color":"","background-image":"","background-repeat":"repeat","background-position":"center center","background-size":"auto","background-attachment":"scroll","background-type":"","background-media":"","overlay-type":"","overlay-color":"","overlay-opacity":"","overlay-gradient":""}},"ast-content-background-meta":{"desktop":{"background-color":"var(--ast-global-color-5)","background-image":"","background-repeat":"repeat","background-position":"center center","background-size":"auto","background-attachment":"scroll","background-type":"","background-media":"","overlay-type":"","overlay-color":"","overlay-opacity":"","overlay-gradient":""},"tablet":{"background-color":"var(--ast-global-color-5)","background-image":"","background-repeat":"repeat","background-position":"center center","background-size":"auto","background-attachment":"scroll","background-type":"","background-media":"","overlay-type":"","overlay-color":"","overlay-opacity":"","overlay-gradient":""},"mobile":{"background-color":"var(--ast-global-color-5)","background-image":"","background-repeat":"repeat","background-position":"center center","background-size":"auto","background-attachment":"scroll","background-type":"","background-media":"","overlay-type":"","overlay-color":"","overlay-opacity":"","overlay-gradient":""}},"footnotes":""},"categories":[42,1,5],"tags":[64,66,70],"class_list":["post-1464","post","type-post","status-publish","format-standard","has-post-thumbnail","hentry","category-cicle-inicial","category-general","category-primaria","tag-aula-oberta","tag-cicle-inicial","tag-curs-2019-2020"],"post_mailing_queue_ids":[],"_links":{"self":[{"href":"https:\/\/agora.xtec.cat\/ceiplillet\/wp-json\/wp\/v2\/posts\/1464","targetHints":{"allow":["GET"]}}],"collection":[{"href":"https:\/\/agora.xtec.cat\/ceiplillet\/wp-json\/wp\/v2\/posts"}],"about":[{"href":"https:\/\/agora.xtec.cat\/ceiplillet\/wp-json\/wp\/v2\/types\/post"}],"author":[{"embeddable":true,"href":"https:\/\/agora.xtec.cat\/ceiplillet\/wp-json\/wp\/v2\/users\/29"}],"replies":[{"embeddable":true,"href":"https:\/\/agora.xtec.cat\/ceiplillet\/wp-json\/wp\/v2\/comments?post=1464"}],"version-history":[{"count":3,"href":"https:\/\/agora.xtec.cat\/ceiplillet\/wp-json\/wp\/v2\/posts\/1464\/revisions"}],"predecessor-version":[{"id":1468,"href":"https:\/\/agora.xtec.cat\/ceiplillet\/wp-json\/wp\/v2\/posts\/1464\/revisions\/1468"}],"wp:featuredmedia":[{"embeddable":true,"href":"https:\/\/agora.xtec.cat\/ceiplillet\/wp-json\/wp\/v2\/media\/804"}],"wp:attachment":[{"href":"https:\/\/agora.xtec.cat\/ceiplillet\/wp-json\/wp\/v2\/media?parent=1464"}],"wp:term":[{"taxonomy":"category","embeddable":true,"href":"https:\/\/agora.xtec.cat\/ceiplillet\/wp-json\/wp\/v2\/categories?post=1464"},{"taxonomy":"post_tag","embeddable":true,"href":"https:\/\/agora.xtec.cat\/ceiplillet\/wp-json\/wp\/v2\/tags?post=1464"}],"curies":[{"name":"wp","href":"https:\/\/api.w.org\/{rel}","templated":true}]}}