{"id":1430,"date":"2019-11-07T15:34:23","date_gmt":"2019-11-07T14:34:23","guid":{"rendered":"http:\/\/agora.xtec.cat\/ceiplillet\/?p=1430"},"modified":"2019-12-06T15:22:35","modified_gmt":"2019-12-06T14:22:35","slug":"aula-oberta-fem-plastilina","status":"publish","type":"post","link":"https:\/\/agora.xtec.cat\/ceiplillet\/infantil\/aula-oberta-fem-plastilina\/","title":{"rendered":"Aula Oberta: fem plastilina!"},"content":{"rendered":"<p>Ahir dimecres 6 de novembre, la mare i el pare de la Brihana de P3 van venir a fer una aula oberta dedicada a la plastilina.<\/p>\n<p>Primer ens van passar uns v\u00eddeos sobre com utilitzar la plastilina per fer diferents formes i despr\u00e9s, amb uns motlles que ells portaven, vam posar en pr\u00e0ctica all\u00f2 que hav\u00edem vist ens els v\u00eddeos.<\/p>\n<p><a href=\"https:\/\/agora.xtec.cat\/ceiplillet\/wp-content\/uploads\/usu481\/2019\/11\/2cb72a7b-08e7-4086-98cb-28d5c760aadd.jpg\"><img loading=\"lazy\" decoding=\"async\" class=\"alignnone wp-image-1434\" src=\"https:\/\/agora.xtec.cat\/ceiplillet\/wp-content\/uploads\/usu481\/2019\/11\/2cb72a7b-08e7-4086-98cb-28d5c760aadd-1024x768.jpg\" alt=\"\" width=\"377\" height=\"283\" srcset=\"https:\/\/agora.xtec.cat\/ceiplillet\/wp-content\/uploads\/usu481\/2019\/11\/2cb72a7b-08e7-4086-98cb-28d5c760aadd-1024x768.jpg 1024w, https:\/\/agora.xtec.cat\/ceiplillet\/wp-content\/uploads\/usu481\/2019\/11\/2cb72a7b-08e7-4086-98cb-28d5c760aadd-300x225.jpg 300w, https:\/\/agora.xtec.cat\/ceiplillet\/wp-content\/uploads\/usu481\/2019\/11\/2cb72a7b-08e7-4086-98cb-28d5c760aadd-768x576.jpg 768w, https:\/\/agora.xtec.cat\/ceiplillet\/wp-content\/uploads\/usu481\/2019\/11\/2cb72a7b-08e7-4086-98cb-28d5c760aadd-200x150.jpg 200w, https:\/\/agora.xtec.cat\/ceiplillet\/wp-content\/uploads\/usu481\/2019\/11\/2cb72a7b-08e7-4086-98cb-28d5c760aadd.jpg 2048w\" sizes=\"auto, (max-width: 377px) 100vw, 377px\" \/><\/a><\/p>\n<p>Va estar molt b\u00e9! Gr\u00e0cies fam\u00edlia per la vostra col\u00b7laboraci\u00f3!<\/p>\n<p>Cliqueu <a href=\"https:\/\/photos.app.goo.gl\/yuWHk2qgtsSmRoq77\"><strong>AQU\u00cd<\/strong><\/a> per visualitzar m\u00e9s imatges.<\/p>\n","protected":false},"excerpt":{"rendered":"<p>Ahir dimecres 6 de novembre, la mare i el pare de la Brihana de P3 van venir a fer una aula oberta dedicada a la plastilina. Primer ens van passar uns v\u00eddeos sobre com utilitzar la plastilina per fer diferents formes i despr\u00e9s, amb uns motlles que ells portaven, vam posar en pr\u00e0ctica all\u00f2 que [&hellip;]<\/p>\n","protected":false},"author":1,"featured_media":804,"comment_status":"closed","ping_status":"closed","sticky":false,"template":"","format":"standard","meta":{"_bbp_topic_count":0,"_bbp_reply_count":0,"_bbp_total_topic_count":0,"_bbp_total_reply_count":0,"_bbp_voice_count":0,"_bbp_anonymous_reply_count":0,"_bbp_topic_count_hidden":0,"_bbp_reply_count_hidden":0,"_bbp_forum_subforum_count":0,"site-sidebar-layout":"default","site-content-layout":"","ast-site-content-layout":"","site-content-style":"default","site-sidebar-style":"default","ast-global-header-display":"","ast-banner-title-visibility":"","ast-main-header-display":"","ast-hfb-above-header-display":"","ast-hfb-below-header-display":"","ast-hfb-mobile-header-display":"","site-post-title":"","ast-breadcrumbs-content":"","ast-featured-img":"","footer-sml-layout":"","theme-transparent-header-meta":"","adv-header-id-meta":"","stick-header-meta":"","header-above-stick-meta":"","header-main-stick-meta":"","header-below-stick-meta":"","astra-migrate-meta-layouts":"default","ast-page-background-enabled":"default","ast-page-background-meta":{"desktop":{"background-color":"var(--ast-global-color-4)","background-image":"","background-repeat":"repeat","background-position":"center center","background-size":"auto","background-attachment":"scroll","background-type":"","background-media":"","overlay-type":"","overlay-color":"","overlay-opacity":"","overlay-gradient":""},"tablet":{"background-color":"","background-image":"","background-repeat":"repeat","background-position":"center center","background-size":"auto","background-attachment":"scroll","background-type":"","background-media":"","overlay-type":"","overlay-color":"","overlay-opacity":"","overlay-gradient":""},"mobile":{"background-color":"","background-image":"","background-repeat":"repeat","background-position":"center center","background-size":"auto","background-attachment":"scroll","background-type":"","background-media":"","overlay-type":"","overlay-color":"","overlay-opacity":"","overlay-gradient":""}},"ast-content-background-meta":{"desktop":{"background-color":"var(--ast-global-color-5)","background-image":"","background-repeat":"repeat","background-position":"center center","background-size":"auto","background-attachment":"scroll","background-type":"","background-media":"","overlay-type":"","overlay-color":"","overlay-opacity":"","overlay-gradient":""},"tablet":{"background-color":"var(--ast-global-color-5)","background-image":"","background-repeat":"repeat","background-position":"center center","background-size":"auto","background-attachment":"scroll","background-type":"","background-media":"","overlay-type":"","overlay-color":"","overlay-opacity":"","overlay-gradient":""},"mobile":{"background-color":"var(--ast-global-color-5)","background-image":"","background-repeat":"repeat","background-position":"center center","background-size":"auto","background-attachment":"scroll","background-type":"","background-media":"","overlay-type":"","overlay-color":"","overlay-opacity":"","overlay-gradient":""}},"footnotes":""},"categories":[2,3],"tags":[],"class_list":["post-1430","post","type-post","status-publish","format-standard","has-post-thumbnail","hentry","category-infantil","category-p3"],"post_mailing_queue_ids":[],"_links":{"self":[{"href":"https:\/\/agora.xtec.cat\/ceiplillet\/wp-json\/wp\/v2\/posts\/1430","targetHints":{"allow":["GET"]}}],"collection":[{"href":"https:\/\/agora.xtec.cat\/ceiplillet\/wp-json\/wp\/v2\/posts"}],"about":[{"href":"https:\/\/agora.xtec.cat\/ceiplillet\/wp-json\/wp\/v2\/types\/post"}],"author":[{"embeddable":true,"href":"https:\/\/agora.xtec.cat\/ceiplillet\/wp-json\/wp\/v2\/users\/1"}],"replies":[{"embeddable":true,"href":"https:\/\/agora.xtec.cat\/ceiplillet\/wp-json\/wp\/v2\/comments?post=1430"}],"version-history":[{"count":1,"href":"https:\/\/agora.xtec.cat\/ceiplillet\/wp-json\/wp\/v2\/posts\/1430\/revisions"}],"predecessor-version":[{"id":1436,"href":"https:\/\/agora.xtec.cat\/ceiplillet\/wp-json\/wp\/v2\/posts\/1430\/revisions\/1436"}],"wp:featuredmedia":[{"embeddable":true,"href":"https:\/\/agora.xtec.cat\/ceiplillet\/wp-json\/wp\/v2\/media\/804"}],"wp:attachment":[{"href":"https:\/\/agora.xtec.cat\/ceiplillet\/wp-json\/wp\/v2\/media?parent=1430"}],"wp:term":[{"taxonomy":"category","embeddable":true,"href":"https:\/\/agora.xtec.cat\/ceiplillet\/wp-json\/wp\/v2\/categories?post=1430"},{"taxonomy":"post_tag","embeddable":true,"href":"https:\/\/agora.xtec.cat\/ceiplillet\/wp-json\/wp\/v2\/tags?post=1430"}],"curies":[{"name":"wp","href":"https:\/\/api.w.org\/{rel}","templated":true}]}}