{"id":1091,"date":"2018-11-19T13:42:19","date_gmt":"2018-11-19T12:42:19","guid":{"rendered":"http:\/\/agora.xtec.cat\/ceiplillet\/?p=1091"},"modified":"2019-05-02T13:52:19","modified_gmt":"2019-05-02T11:52:19","slug":"sortida-al-parc-guell-i-al-palau-guell","status":"publish","type":"post","link":"https:\/\/agora.xtec.cat\/ceiplillet\/general\/sortida-al-parc-guell-i-al-palau-guell\/","title":{"rendered":"Sortida al Parc G\u00fcell i al Palau G\u00fcell"},"content":{"rendered":"<p>El passat divendres 16 de novembre els nens, nenes i mestres de l&#8217;escola vam anar a Barcelona per visitar el Parc G\u00fcell i el Palau G\u00fcell, completant d&#8217;aquesta manera el projecte interdisciplinari de Gaud\u00ed, que duem a terme durant aquest curs.<\/p>\n<p>Al mat\u00ed, despr\u00e9s d&#8217;esmorzar, vam arribar al Parc G\u00fcell cap a 2 quarts de 12, vam passejar i observar els diferents elements arquitect\u00f2nics i naturals del parc: sala Hip\u00f2stila, porxo de les Bugaderes, els bancs ondulats, en Gaudell&#8230; Un cop acabada la visita, vam dinar a la zona de picnic.<\/p>\n<p>A la tarda ens vam dirigir al Palau G\u00fcell amb autob\u00fas, i durant el trajecte vam poder veure la Sagrada Fam\u00edlia; va ser molt emocionant! A les 3, vam entrar al Palau, vam visitar les diferents estances i ho vam finalitzar amb un taller de vitralls.<\/p>\n<p>Ens va agradar molt\u00edssim tot el que vam veure, i ens va servir per aprendre m\u00e9s coses sobre Gaud\u00ed i el senyor G\u00fcell. Una excursi\u00f3 per recordar!<\/p>\n<p><a href=\"https:\/\/agora.xtec.cat\/ceiplillet\/wp-content\/uploads\/usu481\/2018\/11\/IMG-20181116-WA0021.jpg\"><img loading=\"lazy\" decoding=\"async\" class=\"size-medium wp-image-1095 aligncenter\" src=\"https:\/\/agora.xtec.cat\/ceiplillet\/wp-content\/uploads\/usu481\/2018\/11\/IMG-20181116-WA0021-300x225.jpg\" alt=\"\" width=\"300\" height=\"225\" srcset=\"https:\/\/agora.xtec.cat\/ceiplillet\/wp-content\/uploads\/usu481\/2018\/11\/IMG-20181116-WA0021-300x225.jpg 300w, https:\/\/agora.xtec.cat\/ceiplillet\/wp-content\/uploads\/usu481\/2018\/11\/IMG-20181116-WA0021-768x576.jpg 768w, https:\/\/agora.xtec.cat\/ceiplillet\/wp-content\/uploads\/usu481\/2018\/11\/IMG-20181116-WA0021-1024x768.jpg 1024w, https:\/\/agora.xtec.cat\/ceiplillet\/wp-content\/uploads\/usu481\/2018\/11\/IMG-20181116-WA0021-200x150.jpg 200w, https:\/\/agora.xtec.cat\/ceiplillet\/wp-content\/uploads\/usu481\/2018\/11\/IMG-20181116-WA0021.jpg 1600w\" sizes=\"auto, (max-width: 300px) 100vw, 300px\" \/><\/a><\/p>\n<p>&nbsp;<\/p>\n<p><a href=\"https:\/\/photos.app.goo.gl\/7KN6BtvvwibK6uxf7\">Aqu\u00ed<\/a> podeu veure m\u00e9s fotos de la sortida.<\/p>\n","protected":false},"excerpt":{"rendered":"<p>El passat divendres 16 de novembre els nens, nenes i mestres de l&#8217;escola vam anar a Barcelona per visitar el Parc G\u00fcell i el Palau G\u00fcell, completant d&#8217;aquesta manera el projecte interdisciplinari de Gaud\u00ed, que duem a terme durant aquest curs. Al mat\u00ed, despr\u00e9s d&#8217;esmorzar, vam arribar al Parc G\u00fcell cap a 2 quarts de [&hellip;]<\/p>\n","protected":false},"author":1,"featured_media":1093,"comment_status":"open","ping_status":"closed","sticky":false,"template":"","format":"standard","meta":{"_bbp_topic_count":0,"_bbp_reply_count":0,"_bbp_total_topic_count":0,"_bbp_total_reply_count":0,"_bbp_voice_count":0,"_bbp_anonymous_reply_count":0,"_bbp_topic_count_hidden":0,"_bbp_reply_count_hidden":0,"_bbp_forum_subforum_count":0,"site-sidebar-layout":"default","site-content-layout":"","ast-site-content-layout":"","site-content-style":"default","site-sidebar-style":"default","ast-global-header-display":"","ast-banner-title-visibility":"","ast-main-header-display":"","ast-hfb-above-header-display":"","ast-hfb-below-header-display":"","ast-hfb-mobile-header-display":"","site-post-title":"","ast-breadcrumbs-content":"","ast-featured-img":"","footer-sml-layout":"","theme-transparent-header-meta":"","adv-header-id-meta":"","stick-header-meta":"","header-above-stick-meta":"","header-main-stick-meta":"","header-below-stick-meta":"","astra-migrate-meta-layouts":"default","ast-page-background-enabled":"default","ast-page-background-meta":{"desktop":{"background-color":"var(--ast-global-color-4)","background-image":"","background-repeat":"repeat","background-position":"center center","background-size":"auto","background-attachment":"scroll","background-type":"","background-media":"","overlay-type":"","overlay-color":"","overlay-opacity":"","overlay-gradient":""},"tablet":{"background-color":"","background-image":"","background-repeat":"repeat","background-position":"center center","background-size":"auto","background-attachment":"scroll","background-type":"","background-media":"","overlay-type":"","overlay-color":"","overlay-opacity":"","overlay-gradient":""},"mobile":{"background-color":"","background-image":"","background-repeat":"repeat","background-position":"center center","background-size":"auto","background-attachment":"scroll","background-type":"","background-media":"","overlay-type":"","overlay-color":"","overlay-opacity":"","overlay-gradient":""}},"ast-content-background-meta":{"desktop":{"background-color":"var(--ast-global-color-5)","background-image":"","background-repeat":"repeat","background-position":"center center","background-size":"auto","background-attachment":"scroll","background-type":"","background-media":"","overlay-type":"","overlay-color":"","overlay-opacity":"","overlay-gradient":""},"tablet":{"background-color":"var(--ast-global-color-5)","background-image":"","background-repeat":"repeat","background-position":"center center","background-size":"auto","background-attachment":"scroll","background-type":"","background-media":"","overlay-type":"","overlay-color":"","overlay-opacity":"","overlay-gradient":""},"mobile":{"background-color":"var(--ast-global-color-5)","background-image":"","background-repeat":"repeat","background-position":"center center","background-size":"auto","background-attachment":"scroll","background-type":"","background-media":"","overlay-type":"","overlay-color":"","overlay-opacity":"","overlay-gradient":""}},"footnotes":""},"categories":[1,2,5],"tags":[59,16],"class_list":["post-1091","post","type-post","status-publish","format-standard","has-post-thumbnail","hentry","category-general","category-infantil","category-primaria","tag-projecte-interdisicplinari","tag-sortides"],"post_mailing_queue_ids":[],"_links":{"self":[{"href":"https:\/\/agora.xtec.cat\/ceiplillet\/wp-json\/wp\/v2\/posts\/1091","targetHints":{"allow":["GET"]}}],"collection":[{"href":"https:\/\/agora.xtec.cat\/ceiplillet\/wp-json\/wp\/v2\/posts"}],"about":[{"href":"https:\/\/agora.xtec.cat\/ceiplillet\/wp-json\/wp\/v2\/types\/post"}],"author":[{"embeddable":true,"href":"https:\/\/agora.xtec.cat\/ceiplillet\/wp-json\/wp\/v2\/users\/1"}],"replies":[{"embeddable":true,"href":"https:\/\/agora.xtec.cat\/ceiplillet\/wp-json\/wp\/v2\/comments?post=1091"}],"version-history":[{"count":2,"href":"https:\/\/agora.xtec.cat\/ceiplillet\/wp-json\/wp\/v2\/posts\/1091\/revisions"}],"predecessor-version":[{"id":1097,"href":"https:\/\/agora.xtec.cat\/ceiplillet\/wp-json\/wp\/v2\/posts\/1091\/revisions\/1097"}],"wp:featuredmedia":[{"embeddable":true,"href":"https:\/\/agora.xtec.cat\/ceiplillet\/wp-json\/wp\/v2\/media\/1093"}],"wp:attachment":[{"href":"https:\/\/agora.xtec.cat\/ceiplillet\/wp-json\/wp\/v2\/media?parent=1091"}],"wp:term":[{"taxonomy":"category","embeddable":true,"href":"https:\/\/agora.xtec.cat\/ceiplillet\/wp-json\/wp\/v2\/categories?post=1091"},{"taxonomy":"post_tag","embeddable":true,"href":"https:\/\/agora.xtec.cat\/ceiplillet\/wp-json\/wp\/v2\/tags?post=1091"}],"curies":[{"name":"wp","href":"https:\/\/api.w.org\/{rel}","templated":true}]}}