{"id":7,"count":6,"description":"L'AFA \u00e9s una <strong>associaci\u00f3 sense \u00e0nim de lucre<\/strong>\u00a0formada per fam\u00edlies d\u2019alumnes per contribuir a la\u00a0<strong>millora de la qualitat del sistema educatiu p\u00fablic<\/strong>\u00a0i de les\u00a0<strong>condicions d\u2019escolaritzaci\u00f3 de l\u2019alumnat.\u00a0<\/strong>Des de l'AFA, que se situa en el mateix centre educatiu, les fam\u00edlies exercim diferents responsabilitats -econ\u00f2miques, legals, laborals i personals- per influir en l\u2019educaci\u00f3 de tot l\u2019alumnat i en el bon funcionament del centre educatiu.","link":"https:\/\/agora.xtec.cat\/ceiplillet\/categoria\/afa\/","name":"AFA","slug":"afa","taxonomy":"category","parent":0,"meta":[],"_links":{"self":[{"href":"https:\/\/agora.xtec.cat\/ceiplillet\/wp-json\/wp\/v2\/categories\/7","targetHints":{"allow":["GET"]}}],"collection":[{"href":"https:\/\/agora.xtec.cat\/ceiplillet\/wp-json\/wp\/v2\/categories"}],"about":[{"href":"https:\/\/agora.xtec.cat\/ceiplillet\/wp-json\/wp\/v2\/taxonomies\/category"}],"wp:post_type":[{"href":"https:\/\/agora.xtec.cat\/ceiplillet\/wp-json\/wp\/v2\/posts?categories=7"}],"curies":[{"name":"wp","href":"https:\/\/api.w.org\/{rel}","templated":true}]}}