{"id":9023,"date":"2026-04-24T12:08:13","date_gmt":"2026-04-24T10:08:13","guid":{"rendered":"https:\/\/agora.xtec.cat\/ceiplestelada\/?p=9023"},"modified":"2026-04-24T15:13:45","modified_gmt":"2026-04-24T13:13:45","slug":"setmana-de-lartista-a-infantil","status":"publish","type":"post","link":"https:\/\/agora.xtec.cat\/ceiplestelada\/general\/setmana-de-lartista-a-infantil\/","title":{"rendered":"Setmana de l&#8217;artista a INFANTIL"},"content":{"rendered":"<p><span style=\"font-weight: 400;\">La setmana del 13 al 17 d\u2019abril, els alumnes d\u2019infantil hem celebrat la <\/span><i><span style=\"font-weight: 400;\">Setmana de l\u2019Artista, <\/span><\/i><span style=\"font-weight: 400;\">una proposta pensada per apropar els infants al m\u00f3n de l\u2019art d\u2019una manera vivencial, creativa i divertida<\/span><i><span style=\"font-weight: 400;\">.\u00a0<\/span><\/i><\/p>\n<p><span style=\"font-weight: 400;\">Al llarg d\u2019aquests dies, els nens i nenes han experimentat amb diferents t\u00e8cniques, han conegut algunes artistes i han pogut expressar-se lliurement a trav\u00e9s de les seves pr\u00f2pies creacions.\u00a0<\/span><\/p>\n<p><span style=\"font-weight: 400;\">A m\u00e9s, hem tingut la sort de comptar amb la visita d\u2019una artista a l\u2019escola, la Rosa Hern\u00e1ndez, coneguda com a <\/span><i><span style=\"font-weight: 400;\">Pipilota<\/span><\/i><span style=\"font-weight: 400;\"> que ha pintat una il\u00b7lustraci\u00f3 en un espai de l\u2019escola. Aquesta experi\u00e8ncia ha estat molt especial, ja que els infants han pogut observar de primera m\u00e0 com treballa una artista, con\u00e8ixer la seva professi\u00f3 i interactuar amb ella durant el proc\u00e9s creatiu, posant en valor la imaginaci\u00f3 i el gaudi de fer art, m\u00e9s enll\u00e0 del resultat final.\u00a0<\/span><\/p>\n<p><span style=\"font-weight: 400;\">Moltes gr\u00e0cies, Rosa. <\/span><\/p>\n<p>Aqu\u00ed teniu una mostra.<\/p>\n<p><a href=\"https:\/\/agora.xtec.cat\/ceiplestelada\/wp-content\/uploads\/usu885\/2026\/04\/Copia-de-IMG-20260415-WA0096.jpg\"><img loading=\"lazy\" decoding=\"async\" class=\"alignleft size-thumbnail wp-image-9025\" src=\"https:\/\/agora.xtec.cat\/ceiplestelada\/wp-content\/uploads\/usu885\/2026\/04\/Copia-de-IMG-20260415-WA0096-150x150.jpg\" alt=\"\" width=\"150\" height=\"150\" \/><\/a> <a href=\"https:\/\/agora.xtec.cat\/ceiplestelada\/wp-content\/uploads\/usu885\/2026\/04\/Copia-de-IMG-20260415-WA0095.jpg\"><img loading=\"lazy\" decoding=\"async\" class=\"alignleft size-thumbnail wp-image-9027\" src=\"https:\/\/agora.xtec.cat\/ceiplestelada\/wp-content\/uploads\/usu885\/2026\/04\/Copia-de-IMG-20260415-WA0095-150x150.jpg\" alt=\"\" width=\"150\" height=\"150\" \/><\/a> <a href=\"https:\/\/agora.xtec.cat\/ceiplestelada\/wp-content\/uploads\/usu885\/2026\/04\/Copia-de-IMG-20260415-WA0078.jpg\"><img loading=\"lazy\" decoding=\"async\" class=\"alignleft size-thumbnail wp-image-9028\" src=\"https:\/\/agora.xtec.cat\/ceiplestelada\/wp-content\/uploads\/usu885\/2026\/04\/Copia-de-IMG-20260415-WA0078-150x150.jpg\" alt=\"\" width=\"150\" height=\"150\" \/><\/a> <a href=\"https:\/\/agora.xtec.cat\/ceiplestelada\/wp-content\/uploads\/usu885\/2026\/04\/Copia-de-1776683089538.jpg\"><img loading=\"lazy\" decoding=\"async\" class=\"alignleft size-thumbnail wp-image-9029\" src=\"https:\/\/agora.xtec.cat\/ceiplestelada\/wp-content\/uploads\/usu885\/2026\/04\/Copia-de-1776683089538-150x150.jpg\" alt=\"\" width=\"150\" height=\"150\" \/><\/a> <a href=\"https:\/\/agora.xtec.cat\/ceiplestelada\/wp-content\/uploads\/usu885\/2026\/04\/Copia-de-1776683089480.jpg\"><img loading=\"lazy\" decoding=\"async\" class=\"alignleft size-thumbnail wp-image-9030\" src=\"https:\/\/agora.xtec.cat\/ceiplestelada\/wp-content\/uploads\/usu885\/2026\/04\/Copia-de-1776683089480-150x150.jpg\" alt=\"\" width=\"150\" height=\"150\" \/><\/a> <a href=\"https:\/\/agora.xtec.cat\/ceiplestelada\/wp-content\/uploads\/usu885\/2026\/04\/1776683089508.jpg\"><img loading=\"lazy\" decoding=\"async\" class=\"alignleft size-thumbnail wp-image-9031\" src=\"https:\/\/agora.xtec.cat\/ceiplestelada\/wp-content\/uploads\/usu885\/2026\/04\/1776683089508-150x150.jpg\" alt=\"\" width=\"150\" height=\"150\" \/><\/a><\/p>\n<p>&nbsp;<\/p>\n","protected":false},"excerpt":{"rendered":"<p>La setmana del 13 al 17 d\u2019abril, els alumnes d\u2019infantil hem celebrat la Setmana de l\u2019Artista, una proposta pensada per apropar els infants al m\u00f3n de l\u2019art d\u2019una manera vivencial, creativa i divertida.\u00a0 Al llarg d\u2019aquests dies, els nens i nenes han experimentat amb diferents t\u00e8cniques, han conegut algunes artistes i han pogut expressar-se lliurement [&hellip;]<\/p>\n","protected":false},"author":10,"featured_media":9026,"comment_status":"closed","ping_status":"open","sticky":false,"template":"","format":"standard","meta":{"_bbp_topic_count":0,"_bbp_reply_count":0,"_bbp_total_topic_count":0,"_bbp_total_reply_count":0,"_bbp_voice_count":0,"_bbp_anonymous_reply_count":0,"_bbp_topic_count_hidden":0,"_bbp_reply_count_hidden":0,"_bbp_forum_subforum_count":0,"site-sidebar-layout":"default","site-content-layout":"","ast-site-content-layout":"default","site-content-style":"default","site-sidebar-style":"default","ast-global-header-display":"","ast-banner-title-visibility":"","ast-main-header-display":"","ast-hfb-above-header-display":"","ast-hfb-below-header-display":"","ast-hfb-mobile-header-display":"","site-post-title":"","ast-breadcrumbs-content":"","ast-featured-img":"","footer-sml-layout":"","theme-transparent-header-meta":"default","adv-header-id-meta":"","stick-header-meta":"","header-above-stick-meta":"","header-main-stick-meta":"","header-below-stick-meta":"","astra-migrate-meta-layouts":"set","ast-page-background-enabled":"default","ast-page-background-meta":{"desktop":{"background-color":"var(--ast-global-color-4)","background-image":"","background-repeat":"repeat","background-position":"center center","background-size":"auto","background-attachment":"scroll","background-type":"","background-media":"","overlay-type":"","overlay-color":"","overlay-opacity":"","overlay-gradient":""},"tablet":{"background-color":"","background-image":"","background-repeat":"repeat","background-position":"center center","background-size":"auto","background-attachment":"scroll","background-type":"","background-media":"","overlay-type":"","overlay-color":"","overlay-opacity":"","overlay-gradient":""},"mobile":{"background-color":"","background-image":"","background-repeat":"repeat","background-position":"center center","background-size":"auto","background-attachment":"scroll","background-type":"","background-media":"","overlay-type":"","overlay-color":"","overlay-opacity":"","overlay-gradient":""}},"ast-content-background-meta":{"desktop":{"background-color":"var(--ast-global-color-5)","background-image":"","background-repeat":"repeat","background-position":"center center","background-size":"auto","background-attachment":"scroll","background-type":"","background-media":"","overlay-type":"","overlay-color":"","overlay-opacity":"","overlay-gradient":""},"tablet":{"background-color":"var(--ast-global-color-5)","background-image":"","background-repeat":"repeat","background-position":"center center","background-size":"auto","background-attachment":"scroll","background-type":"","background-media":"","overlay-type":"","overlay-color":"","overlay-opacity":"","overlay-gradient":""},"mobile":{"background-color":"var(--ast-global-color-5)","background-image":"","background-repeat":"repeat","background-position":"center center","background-size":"auto","background-attachment":"scroll","background-type":"","background-media":"","overlay-type":"","overlay-color":"","overlay-opacity":"","overlay-gradient":""}},"footnotes":""},"categories":[1,4],"tags":[],"class_list":["post-9023","post","type-post","status-publish","format-standard","has-post-thumbnail","hentry","category-general","category-portada"],"post_mailing_queue_ids":[],"_links":{"self":[{"href":"https:\/\/agora.xtec.cat\/ceiplestelada\/wp-json\/wp\/v2\/posts\/9023","targetHints":{"allow":["GET"]}}],"collection":[{"href":"https:\/\/agora.xtec.cat\/ceiplestelada\/wp-json\/wp\/v2\/posts"}],"about":[{"href":"https:\/\/agora.xtec.cat\/ceiplestelada\/wp-json\/wp\/v2\/types\/post"}],"author":[{"embeddable":true,"href":"https:\/\/agora.xtec.cat\/ceiplestelada\/wp-json\/wp\/v2\/users\/10"}],"replies":[{"embeddable":true,"href":"https:\/\/agora.xtec.cat\/ceiplestelada\/wp-json\/wp\/v2\/comments?post=9023"}],"version-history":[{"count":3,"href":"https:\/\/agora.xtec.cat\/ceiplestelada\/wp-json\/wp\/v2\/posts\/9023\/revisions"}],"predecessor-version":[{"id":9033,"href":"https:\/\/agora.xtec.cat\/ceiplestelada\/wp-json\/wp\/v2\/posts\/9023\/revisions\/9033"}],"wp:featuredmedia":[{"embeddable":true,"href":"https:\/\/agora.xtec.cat\/ceiplestelada\/wp-json\/wp\/v2\/media\/9026"}],"wp:attachment":[{"href":"https:\/\/agora.xtec.cat\/ceiplestelada\/wp-json\/wp\/v2\/media?parent=9023"}],"wp:term":[{"taxonomy":"category","embeddable":true,"href":"https:\/\/agora.xtec.cat\/ceiplestelada\/wp-json\/wp\/v2\/categories?post=9023"},{"taxonomy":"post_tag","embeddable":true,"href":"https:\/\/agora.xtec.cat\/ceiplestelada\/wp-json\/wp\/v2\/tags?post=9023"}],"curies":[{"name":"wp","href":"https:\/\/api.w.org\/{rel}","templated":true}]}}