{"id":8952,"date":"2026-03-06T12:08:01","date_gmt":"2026-03-06T11:08:01","guid":{"rendered":"https:\/\/agora.xtec.cat\/ceiplestelada\/?p=8952"},"modified":"2026-03-06T12:08:53","modified_gmt":"2026-03-06T11:08:53","slug":"acompanyam-a-la-xarxa","status":"publish","type":"post","link":"https:\/\/agora.xtec.cat\/ceiplestelada\/portada\/acompanyam-a-la-xarxa\/","title":{"rendered":"Acompanya&#8217;m a la xarxa"},"content":{"rendered":"<p>Aquesta setmana, l\u2019escola juntament amb Mossos d&#8217;Esquadra de Granollers, ha fet un pas endavant en la formaci\u00f3 digital del nostre alumnat de <strong class=\"Yjhzub\" data-sfc-cb=\"\" data-complete=\"true\" data-processed=\"true\">5\u00e8 i 6\u00e8 de Prim\u00e0ria<\/strong>. La jornada ha comptat amb la <strong class=\"Yjhzub\" data-sfc-cb=\"\" data-complete=\"true\" data-processed=\"true\">participaci\u00f3 fonamental de les fam\u00edlies<\/strong>, creant un espai de di\u00e0leg compartit sobre els reptes i oportunitats de les\u00a0<strong class=\"Yjhzub\" data-sfc-cb=\"\" data-complete=\"true\" data-processed=\"true\">xarxes socials, videojocs i\u00a0 l&#8217;\u00fas de dispositius digitals.\u00a0<\/strong><\/p>\n<p>Les fam\u00edlies s&#8217;han deixat aconsellar sobre la import\u00e0ncia de l&#8217;acompanyament al seu fill\/a al m\u00f3n digital.<\/p>\n<p>Agra\u00efr a totes les fam\u00edlies que ho han fet possible.<\/p>\n<p><a href=\"https:\/\/agora.xtec.cat\/ceiplestelada\/wp-content\/uploads\/usu885\/2026\/03\/IMG-20260304-WA00152.jpeg\"><img loading=\"lazy\" decoding=\"async\" class=\"alignleft size-thumbnail wp-image-8953\" src=\"https:\/\/agora.xtec.cat\/ceiplestelada\/wp-content\/uploads\/usu885\/2026\/03\/IMG-20260304-WA00152-150x150.jpeg\" alt=\"\" width=\"150\" height=\"150\" \/><\/a> <a href=\"https:\/\/agora.xtec.cat\/ceiplestelada\/wp-content\/uploads\/usu885\/2026\/03\/IMG-20260304-WA00132.jpeg\"><img loading=\"lazy\" decoding=\"async\" class=\"alignleft size-thumbnail wp-image-8954\" src=\"https:\/\/agora.xtec.cat\/ceiplestelada\/wp-content\/uploads\/usu885\/2026\/03\/IMG-20260304-WA00132-150x150.jpeg\" alt=\"\" width=\"150\" height=\"150\" \/><\/a><\/p>\n<p>&nbsp;<\/p>\n","protected":false},"excerpt":{"rendered":"<p>Aquesta setmana, l\u2019escola juntament amb Mossos d&#8217;Esquadra de Granollers, ha fet un pas endavant en la formaci\u00f3 digital del nostre alumnat de 5\u00e8 i 6\u00e8 de Prim\u00e0ria. La jornada ha comptat amb la participaci\u00f3 fonamental de les fam\u00edlies, creant un espai de di\u00e0leg compartit sobre els reptes i oportunitats de les\u00a0xarxes socials, videojocs i\u00a0 l&#8217;\u00fas [&hellip;]<\/p>\n","protected":false},"author":10,"featured_media":8956,"comment_status":"closed","ping_status":"open","sticky":false,"template":"","format":"standard","meta":{"_bbp_topic_count":0,"_bbp_reply_count":0,"_bbp_total_topic_count":0,"_bbp_total_reply_count":0,"_bbp_voice_count":0,"_bbp_anonymous_reply_count":0,"_bbp_topic_count_hidden":0,"_bbp_reply_count_hidden":0,"_bbp_forum_subforum_count":0,"site-sidebar-layout":"default","site-content-layout":"","ast-site-content-layout":"default","site-content-style":"default","site-sidebar-style":"default","ast-global-header-display":"","ast-banner-title-visibility":"","ast-main-header-display":"","ast-hfb-above-header-display":"","ast-hfb-below-header-display":"","ast-hfb-mobile-header-display":"","site-post-title":"","ast-breadcrumbs-content":"","ast-featured-img":"","footer-sml-layout":"disabled","theme-transparent-header-meta":"default","adv-header-id-meta":"","stick-header-meta":"","header-above-stick-meta":"","header-main-stick-meta":"","header-below-stick-meta":"","astra-migrate-meta-layouts":"set","ast-page-background-enabled":"default","ast-page-background-meta":{"desktop":{"background-color":"var(--ast-global-color-4)","background-image":"","background-repeat":"repeat","background-position":"center center","background-size":"auto","background-attachment":"scroll","background-type":"","background-media":"","overlay-type":"","overlay-color":"","overlay-opacity":"","overlay-gradient":""},"tablet":{"background-color":"","background-image":"","background-repeat":"repeat","background-position":"center center","background-size":"auto","background-attachment":"scroll","background-type":"","background-media":"","overlay-type":"","overlay-color":"","overlay-opacity":"","overlay-gradient":""},"mobile":{"background-color":"","background-image":"","background-repeat":"repeat","background-position":"center center","background-size":"auto","background-attachment":"scroll","background-type":"","background-media":"","overlay-type":"","overlay-color":"","overlay-opacity":"","overlay-gradient":""}},"ast-content-background-meta":{"desktop":{"background-color":"var(--ast-global-color-5)","background-image":"","background-repeat":"repeat","background-position":"center center","background-size":"auto","background-attachment":"scroll","background-type":"","background-media":"","overlay-type":"","overlay-color":"","overlay-opacity":"","overlay-gradient":""},"tablet":{"background-color":"var(--ast-global-color-5)","background-image":"","background-repeat":"repeat","background-position":"center center","background-size":"auto","background-attachment":"scroll","background-type":"","background-media":"","overlay-type":"","overlay-color":"","overlay-opacity":"","overlay-gradient":""},"mobile":{"background-color":"var(--ast-global-color-5)","background-image":"","background-repeat":"repeat","background-position":"center center","background-size":"auto","background-attachment":"scroll","background-type":"","background-media":"","overlay-type":"","overlay-color":"","overlay-opacity":"","overlay-gradient":""}},"footnotes":""},"categories":[4,290],"tags":[],"class_list":["post-8952","post","type-post","status-publish","format-standard","has-post-thumbnail","hentry","category-portada","category-xerrades-i-tallers"],"post_mailing_queue_ids":[],"_links":{"self":[{"href":"https:\/\/agora.xtec.cat\/ceiplestelada\/wp-json\/wp\/v2\/posts\/8952","targetHints":{"allow":["GET"]}}],"collection":[{"href":"https:\/\/agora.xtec.cat\/ceiplestelada\/wp-json\/wp\/v2\/posts"}],"about":[{"href":"https:\/\/agora.xtec.cat\/ceiplestelada\/wp-json\/wp\/v2\/types\/post"}],"author":[{"embeddable":true,"href":"https:\/\/agora.xtec.cat\/ceiplestelada\/wp-json\/wp\/v2\/users\/10"}],"replies":[{"embeddable":true,"href":"https:\/\/agora.xtec.cat\/ceiplestelada\/wp-json\/wp\/v2\/comments?post=8952"}],"version-history":[{"count":1,"href":"https:\/\/agora.xtec.cat\/ceiplestelada\/wp-json\/wp\/v2\/posts\/8952\/revisions"}],"predecessor-version":[{"id":8955,"href":"https:\/\/agora.xtec.cat\/ceiplestelada\/wp-json\/wp\/v2\/posts\/8952\/revisions\/8955"}],"wp:featuredmedia":[{"embeddable":true,"href":"https:\/\/agora.xtec.cat\/ceiplestelada\/wp-json\/wp\/v2\/media\/8956"}],"wp:attachment":[{"href":"https:\/\/agora.xtec.cat\/ceiplestelada\/wp-json\/wp\/v2\/media?parent=8952"}],"wp:term":[{"taxonomy":"category","embeddable":true,"href":"https:\/\/agora.xtec.cat\/ceiplestelada\/wp-json\/wp\/v2\/categories?post=8952"},{"taxonomy":"post_tag","embeddable":true,"href":"https:\/\/agora.xtec.cat\/ceiplestelada\/wp-json\/wp\/v2\/tags?post=8952"}],"curies":[{"name":"wp","href":"https:\/\/api.w.org\/{rel}","templated":true}]}}