{"id":8919,"date":"2026-02-06T16:24:29","date_gmt":"2026-02-06T15:24:29","guid":{"rendered":"https:\/\/agora.xtec.cat\/ceiplestelada\/?p=8919"},"modified":"2026-02-16T16:18:48","modified_gmt":"2026-02-16T15:18:48","slug":"carnaval-2026-a-lestelada","status":"publish","type":"post","link":"https:\/\/agora.xtec.cat\/ceiplestelada\/portada\/carnaval-2026-a-lestelada\/","title":{"rendered":"Carnaval 2026 a l&#8217;Estelada"},"content":{"rendered":"<p>La setmana del 9 al 13 de febrer&#8230; celebrem el <strong><span style=\"color: #ff6600;\">CARNAVAL\u00a0<span style=\"color: #000000;\">a l&#8217;Estelada!!!\u00a0<\/span><\/span><\/strong><\/p>\n<p>Per\u00f2&#8230; avui\u00a0 divendres 6 de febrer ens reunim tots i totes al gimn\u00e0s per rebre al rei Carnestoltes que acompanyat de l&#8217;alumnat de sis\u00e8, ens ha llegit el manifest que hem de cumplir durant tota la setmana. Amb m\u00fasica i alegria hem ballat amb el rei&#8230;aix\u00ed comencem la setmana m\u00e9s boja del curs!!!<\/p>\n<p>Anirem actualitzant l&#8217;article perqu\u00e8 pugueu seguint el que fem a l&#8217;escola en aquesta setmana de CARNAVAL!!<\/p>\n<p>El dijous gras tota l&#8217;escola marxarem a esmorzar fora; els petits van a l&#8217;Ajuntament, els mitjans a l&#8217;esplanada de la Carbonera i els m\u00e9s grans caminen fins dalt de Can Volart.<\/p>\n<p>I&#8230;per \u00faltim celebrarem la tarda del divendres el carnaval. Tothom ballar\u00e0 i es disfressar\u00e0 tot fent-li homenatge al cinema.<\/p>\n<p><a href=\"https:\/\/agora.xtec.cat\/ceiplestelada\/wp-content\/uploads\/usu885\/2026\/02\/IMG-20260206-WA0013.jpeg\"><img loading=\"lazy\" decoding=\"async\" class=\"alignleft size-thumbnail wp-image-8920\" src=\"https:\/\/agora.xtec.cat\/ceiplestelada\/wp-content\/uploads\/usu885\/2026\/02\/IMG-20260206-WA0013-150x150.jpeg\" alt=\"\" width=\"150\" height=\"150\" \/><\/a><a href=\"https:\/\/agora.xtec.cat\/ceiplestelada\/wp-content\/uploads\/usu885\/2026\/02\/IMG-20260206-WA0017.jpeg\"><img loading=\"lazy\" decoding=\"async\" class=\"alignleft size-thumbnail wp-image-8922\" src=\"https:\/\/agora.xtec.cat\/ceiplestelada\/wp-content\/uploads\/usu885\/2026\/02\/IMG-20260206-WA0017-150x150.jpeg\" alt=\"\" width=\"150\" height=\"150\" \/><\/a> <a href=\"https:\/\/agora.xtec.cat\/ceiplestelada\/wp-content\/uploads\/usu885\/2026\/02\/IMG-20260206-WA0015.jpeg\"><img loading=\"lazy\" decoding=\"async\" class=\"alignleft size-thumbnail wp-image-8923\" src=\"https:\/\/agora.xtec.cat\/ceiplestelada\/wp-content\/uploads\/usu885\/2026\/02\/IMG-20260206-WA0015-150x150.jpeg\" alt=\"\" width=\"150\" height=\"150\" \/><\/a><\/p>\n<p><a href=\"https:\/\/agora.xtec.cat\/ceiplestelada\/wp-content\/uploads\/usu885\/2026\/02\/IMG-20260213-WA0030.jpeg\"><img loading=\"lazy\" decoding=\"async\" class=\"alignleft size-thumbnail wp-image-8926\" src=\"https:\/\/agora.xtec.cat\/ceiplestelada\/wp-content\/uploads\/usu885\/2026\/02\/IMG-20260213-WA0030-150x150.jpeg\" alt=\"\" width=\"150\" height=\"150\" \/><\/a> <a href=\"https:\/\/agora.xtec.cat\/ceiplestelada\/wp-content\/uploads\/usu885\/2026\/02\/IMG-20260213-WA0020.jpeg\"><img loading=\"lazy\" decoding=\"async\" class=\"alignleft size-thumbnail wp-image-8927\" src=\"https:\/\/agora.xtec.cat\/ceiplestelada\/wp-content\/uploads\/usu885\/2026\/02\/IMG-20260213-WA0020-150x150.jpeg\" alt=\"\" width=\"150\" height=\"150\" \/><\/a> <a href=\"https:\/\/agora.xtec.cat\/ceiplestelada\/wp-content\/uploads\/usu885\/2026\/02\/IMG-20260213-WA0014.jpeg\"><img loading=\"lazy\" decoding=\"async\" class=\"alignleft size-thumbnail wp-image-8928\" src=\"https:\/\/agora.xtec.cat\/ceiplestelada\/wp-content\/uploads\/usu885\/2026\/02\/IMG-20260213-WA0014-150x150.jpeg\" alt=\"\" width=\"150\" height=\"150\" \/><\/a> <a href=\"https:\/\/agora.xtec.cat\/ceiplestelada\/wp-content\/uploads\/usu885\/2026\/02\/IMG-20260213-WA0026.jpeg\"><img loading=\"lazy\" decoding=\"async\" class=\"alignleft size-thumbnail wp-image-8929\" src=\"https:\/\/agora.xtec.cat\/ceiplestelada\/wp-content\/uploads\/usu885\/2026\/02\/IMG-20260213-WA0026-150x150.jpeg\" alt=\"\" width=\"150\" height=\"150\" \/><\/a> <a href=\"https:\/\/agora.xtec.cat\/ceiplestelada\/wp-content\/uploads\/usu885\/2026\/02\/IMG-20260213-WA0028.jpeg\"><img loading=\"lazy\" decoding=\"async\" class=\"alignleft size-thumbnail wp-image-8930\" src=\"https:\/\/agora.xtec.cat\/ceiplestelada\/wp-content\/uploads\/usu885\/2026\/02\/IMG-20260213-WA0028-150x150.jpeg\" alt=\"\" width=\"150\" height=\"150\" \/><\/a> <a href=\"https:\/\/agora.xtec.cat\/ceiplestelada\/wp-content\/uploads\/usu885\/2026\/02\/IMG-20260213-WA0016.jpeg\"><img loading=\"lazy\" decoding=\"async\" class=\"alignleft size-thumbnail wp-image-8931\" src=\"https:\/\/agora.xtec.cat\/ceiplestelada\/wp-content\/uploads\/usu885\/2026\/02\/IMG-20260213-WA0016-150x150.jpeg\" alt=\"\" width=\"150\" height=\"150\" \/><\/a> <a href=\"https:\/\/agora.xtec.cat\/ceiplestelada\/wp-content\/uploads\/usu885\/2026\/02\/IMG-20260213-WA0018.jpeg\"><img loading=\"lazy\" decoding=\"async\" class=\"alignleft size-thumbnail wp-image-8932\" src=\"https:\/\/agora.xtec.cat\/ceiplestelada\/wp-content\/uploads\/usu885\/2026\/02\/IMG-20260213-WA0018-150x150.jpeg\" alt=\"\" width=\"150\" height=\"150\" \/><\/a> <a href=\"https:\/\/agora.xtec.cat\/ceiplestelada\/wp-content\/uploads\/usu885\/2026\/02\/IMG-20260213-WA0022.jpeg\"><img loading=\"lazy\" decoding=\"async\" class=\"alignleft size-thumbnail wp-image-8933\" src=\"https:\/\/agora.xtec.cat\/ceiplestelada\/wp-content\/uploads\/usu885\/2026\/02\/IMG-20260213-WA0022-150x150.jpeg\" alt=\"\" width=\"150\" height=\"150\" \/><\/a><a href=\"https:\/\/agora.xtec.cat\/ceiplestelada\/wp-content\/uploads\/usu885\/2026\/02\/IMG-20260206-WA0019.jpeg\"><img loading=\"lazy\" decoding=\"async\" class=\"alignleft size-thumbnail wp-image-8924\" src=\"https:\/\/agora.xtec.cat\/ceiplestelada\/wp-content\/uploads\/usu885\/2026\/02\/IMG-20260206-WA0019-150x150.jpeg\" alt=\"\" width=\"150\" height=\"150\" \/><\/a><\/p>\n","protected":false},"excerpt":{"rendered":"<p>La setmana del 9 al 13 de febrer&#8230; celebrem el CARNAVAL\u00a0a l&#8217;Estelada!!!\u00a0 Per\u00f2&#8230; avui\u00a0 divendres 6 de febrer ens reunim tots i totes al gimn\u00e0s per rebre al rei Carnestoltes que acompanyat de l&#8217;alumnat de sis\u00e8, ens ha llegit el manifest que hem de cumplir durant tota la setmana. Amb m\u00fasica i alegria hem ballat [&hellip;]<\/p>\n","protected":false},"author":10,"featured_media":8921,"comment_status":"closed","ping_status":"open","sticky":false,"template":"","format":"standard","meta":{"_bbp_topic_count":0,"_bbp_reply_count":0,"_bbp_total_topic_count":0,"_bbp_total_reply_count":0,"_bbp_voice_count":0,"_bbp_anonymous_reply_count":0,"_bbp_topic_count_hidden":0,"_bbp_reply_count_hidden":0,"_bbp_forum_subforum_count":0,"site-sidebar-layout":"default","site-content-layout":"","ast-site-content-layout":"default","site-content-style":"default","site-sidebar-style":"default","ast-global-header-display":"","ast-banner-title-visibility":"","ast-main-header-display":"","ast-hfb-above-header-display":"","ast-hfb-below-header-display":"","ast-hfb-mobile-header-display":"","site-post-title":"","ast-breadcrumbs-content":"","ast-featured-img":"","footer-sml-layout":"","theme-transparent-header-meta":"default","adv-header-id-meta":"","stick-header-meta":"","header-above-stick-meta":"","header-main-stick-meta":"","header-below-stick-meta":"","astra-migrate-meta-layouts":"set","ast-page-background-enabled":"default","ast-page-background-meta":{"desktop":{"background-color":"var(--ast-global-color-4)","background-image":"","background-repeat":"repeat","background-position":"center center","background-size":"auto","background-attachment":"scroll","background-type":"","background-media":"","overlay-type":"","overlay-color":"","overlay-opacity":"","overlay-gradient":""},"tablet":{"background-color":"","background-image":"","background-repeat":"repeat","background-position":"center center","background-size":"auto","background-attachment":"scroll","background-type":"","background-media":"","overlay-type":"","overlay-color":"","overlay-opacity":"","overlay-gradient":""},"mobile":{"background-color":"","background-image":"","background-repeat":"repeat","background-position":"center center","background-size":"auto","background-attachment":"scroll","background-type":"","background-media":"","overlay-type":"","overlay-color":"","overlay-opacity":"","overlay-gradient":""}},"ast-content-background-meta":{"desktop":{"background-color":"var(--ast-global-color-5)","background-image":"","background-repeat":"repeat","background-position":"center center","background-size":"auto","background-attachment":"scroll","background-type":"","background-media":"","overlay-type":"","overlay-color":"","overlay-opacity":"","overlay-gradient":""},"tablet":{"background-color":"var(--ast-global-color-5)","background-image":"","background-repeat":"repeat","background-position":"center center","background-size":"auto","background-attachment":"scroll","background-type":"","background-media":"","overlay-type":"","overlay-color":"","overlay-opacity":"","overlay-gradient":""},"mobile":{"background-color":"var(--ast-global-color-5)","background-image":"","background-repeat":"repeat","background-position":"center center","background-size":"auto","background-attachment":"scroll","background-type":"","background-media":"","overlay-type":"","overlay-color":"","overlay-opacity":"","overlay-gradient":""}},"footnotes":""},"categories":[4],"tags":[],"class_list":["post-8919","post","type-post","status-publish","format-standard","has-post-thumbnail","hentry","category-portada"],"post_mailing_queue_ids":[],"_links":{"self":[{"href":"https:\/\/agora.xtec.cat\/ceiplestelada\/wp-json\/wp\/v2\/posts\/8919","targetHints":{"allow":["GET"]}}],"collection":[{"href":"https:\/\/agora.xtec.cat\/ceiplestelada\/wp-json\/wp\/v2\/posts"}],"about":[{"href":"https:\/\/agora.xtec.cat\/ceiplestelada\/wp-json\/wp\/v2\/types\/post"}],"author":[{"embeddable":true,"href":"https:\/\/agora.xtec.cat\/ceiplestelada\/wp-json\/wp\/v2\/users\/10"}],"replies":[{"embeddable":true,"href":"https:\/\/agora.xtec.cat\/ceiplestelada\/wp-json\/wp\/v2\/comments?post=8919"}],"version-history":[{"count":2,"href":"https:\/\/agora.xtec.cat\/ceiplestelada\/wp-json\/wp\/v2\/posts\/8919\/revisions"}],"predecessor-version":[{"id":8934,"href":"https:\/\/agora.xtec.cat\/ceiplestelada\/wp-json\/wp\/v2\/posts\/8919\/revisions\/8934"}],"wp:featuredmedia":[{"embeddable":true,"href":"https:\/\/agora.xtec.cat\/ceiplestelada\/wp-json\/wp\/v2\/media\/8921"}],"wp:attachment":[{"href":"https:\/\/agora.xtec.cat\/ceiplestelada\/wp-json\/wp\/v2\/media?parent=8919"}],"wp:term":[{"taxonomy":"category","embeddable":true,"href":"https:\/\/agora.xtec.cat\/ceiplestelada\/wp-json\/wp\/v2\/categories?post=8919"},{"taxonomy":"post_tag","embeddable":true,"href":"https:\/\/agora.xtec.cat\/ceiplestelada\/wp-json\/wp\/v2\/tags?post=8919"}],"curies":[{"name":"wp","href":"https:\/\/api.w.org\/{rel}","templated":true}]}}