{"id":8679,"date":"2025-06-09T20:28:20","date_gmt":"2025-06-09T18:28:20","guid":{"rendered":"https:\/\/agora.xtec.cat\/ceiplestelada\/?p=8679"},"modified":"2025-06-09T20:30:20","modified_gmt":"2025-06-09T18:30:20","slug":"jornada-de-sensibilitzacio-a-la-diversitat-funcional","status":"publish","type":"post","link":"https:\/\/agora.xtec.cat\/ceiplestelada\/general\/jornada-de-sensibilitzacio-a-la-diversitat-funcional\/","title":{"rendered":"Jornada de sensibilitzaci\u00f3 a la diversitat funcional"},"content":{"rendered":"<p data-start=\"270\" data-end=\"673\">La tarda de dimecres 4 i dijous 5 de juny, padrins\/es i fillols\/es van descobrir la diversitat funcional a trav\u00e9s d&#8217;uns tallers on la inclusi\u00f3 i la comprensi\u00f3 de la diversitat s\u00f3n fonamentals per empatitzar i entendre a les persones. Els tallers que vam proposar van oferir una experi\u00e8ncia vivencial per posar-nos a la pell de les persones amb discapacitat una vegada m\u00e9s. Aquests tallers no nom\u00e9s s\u00f3n una eina pedag\u00f2gica potent, sin\u00f3 tamb\u00e9 una oportunitat per promoure el respecte i la sensibilitzaci\u00f3 entre petits i grans.<\/p>\n<p data-start=\"270\" data-end=\"673\">Els tallers van ser:<\/p>\n<h3 data-start=\"675\" data-end=\"696\">1. Mira com pinto<\/h3>\n<p data-start=\"697\" data-end=\"1082\">En aquest taller, els participants van dibuixar amb els peus o amb qualsevol part del cos que no fos les mans.<\/p>\n<h3 data-start=\"1084\" data-end=\"1108\">2. Beure sense veure<\/h3>\n<p data-start=\"1109\" data-end=\"1495\">Omplir i beure un got d\u2019aigua pot semblar un gest senzill, per\u00f2 quan es fa amb els ulls tapats, la perspectiva canvia completament. Aquest taller proposa l\u2019experi\u00e8ncia de beure amb els ulls coberts per experimentar com \u00e9s afrontar activitats quotidianes amb una discapacitat visual. Aix\u00ed es pren consci\u00e8ncia de la import\u00e0ncia de l\u2019accessibilitat i de l\u2019adaptaci\u00f3 d\u2019espais i entorns per a tothom.<\/p>\n<h3 data-start=\"1497\" data-end=\"1521\">3. I ara, com menjo?<\/h3>\n<p data-start=\"1522\" data-end=\"1863\">Menjar amb un sol bra\u00e7 pot ser un gran repte. Aquest taller reprodueix aquesta situaci\u00f3 i ofereix als participants l\u2019oportunitat d\u2019experimentar les dificultats a l\u2019hora de menjar amb una discapacitat motora.<\/p>\n<h3 data-start=\"1865\" data-end=\"1884\">4. Joc a cegues<\/h3>\n<p data-start=\"1885\" data-end=\"2196\">En aquest taller l\u00fadic, els participants munten uns encaixos amb els ulls tapats. La finalitat \u00e9s comprendre com les persones amb discapacitat visual poden gaudir de l\u2019oci i el lleure amb les adaptacions necess\u00e0ries.<\/p>\n<p data-start=\"1885\" data-end=\"2196\">Aquesta participaci\u00f3 activa de l\u2019alumnat en aquests tallers ha estat clau per prendre consci\u00e8ncia de la diversitat funcional des d\u2019una perspectiva vivencial. Cada taller ha servit perqu\u00e8 els nens i nenes experimentessin en primera persona les dificultats i les capacitats de les persones amb discapacitat, fomentant aix\u00ed l\u2019empatia, el respecte i la inclusi\u00f3. Gr\u00e0cies a aquesta immersi\u00f3,\u00a0 l&#8217;alumnat no nom\u00e9s han apr\u00e8s a valorar les adaptacions necess\u00e0ries per a una societat m\u00e9s accessible, sin\u00f3 que tamb\u00e9 han desenvolupat una actitud m\u00e9s oberta i col\u00b7laborativa envers la diversitat. Aquestes experi\u00e8ncies contribuiran, sens dubte, a formar ciutadans m\u00e9s sensibles i compromesos amb la igualtat d\u2019oportunitats.<\/p>\n<p data-start=\"1885\" data-end=\"2196\"><a href=\"https:\/\/agora.xtec.cat\/ceiplestelada\/wp-content\/uploads\/usu885\/2025\/06\/IMG-20250605-WA0038.jpg\"><img loading=\"lazy\" decoding=\"async\" class=\"alignleft size-thumbnail wp-image-8681\" src=\"https:\/\/agora.xtec.cat\/ceiplestelada\/wp-content\/uploads\/usu885\/2025\/06\/IMG-20250605-WA0038-150x150.jpg\" alt=\"\" width=\"150\" height=\"150\" \/><\/a> <a href=\"https:\/\/agora.xtec.cat\/ceiplestelada\/wp-content\/uploads\/usu885\/2025\/06\/IMG-20250605-WA0035.jpeg\"><img loading=\"lazy\" decoding=\"async\" class=\"alignleft size-thumbnail wp-image-8682\" src=\"https:\/\/agora.xtec.cat\/ceiplestelada\/wp-content\/uploads\/usu885\/2025\/06\/IMG-20250605-WA0035-150x150.jpeg\" alt=\"\" width=\"150\" height=\"150\" \/><\/a> <a href=\"https:\/\/agora.xtec.cat\/ceiplestelada\/wp-content\/uploads\/usu885\/2025\/06\/IMG-20250605-WA0021.jpg\"><img loading=\"lazy\" decoding=\"async\" class=\"alignleft size-thumbnail wp-image-8683\" src=\"https:\/\/agora.xtec.cat\/ceiplestelada\/wp-content\/uploads\/usu885\/2025\/06\/IMG-20250605-WA0021-150x150.jpg\" alt=\"\" width=\"150\" height=\"150\" \/><\/a> <a href=\"https:\/\/agora.xtec.cat\/ceiplestelada\/wp-content\/uploads\/usu885\/2025\/06\/IMG-20250604-WA0030.jpeg\"><img loading=\"lazy\" decoding=\"async\" class=\"alignleft size-thumbnail wp-image-8684\" src=\"https:\/\/agora.xtec.cat\/ceiplestelada\/wp-content\/uploads\/usu885\/2025\/06\/IMG-20250604-WA0030-150x150.jpeg\" alt=\"\" width=\"150\" height=\"150\" \/><\/a> <a href=\"https:\/\/agora.xtec.cat\/ceiplestelada\/wp-content\/uploads\/usu885\/2025\/06\/IMG-20250604-WA0027.jpeg\"><img loading=\"lazy\" decoding=\"async\" class=\"alignleft size-thumbnail wp-image-8685\" src=\"https:\/\/agora.xtec.cat\/ceiplestelada\/wp-content\/uploads\/usu885\/2025\/06\/IMG-20250604-WA0027-150x150.jpeg\" alt=\"\" width=\"150\" height=\"150\" \/><\/a><a href=\"https:\/\/agora.xtec.cat\/ceiplestelada\/wp-content\/uploads\/usu885\/2025\/06\/IMG_20250605_160223-scaled.jpg\"><img loading=\"lazy\" decoding=\"async\" class=\"alignleft size-thumbnail wp-image-8687\" src=\"https:\/\/agora.xtec.cat\/ceiplestelada\/wp-content\/uploads\/usu885\/2025\/06\/IMG_20250605_160223-150x150.jpg\" alt=\"\" width=\"150\" height=\"150\" \/><\/a> <a href=\"https:\/\/agora.xtec.cat\/ceiplestelada\/wp-content\/uploads\/usu885\/2025\/06\/20250605_153102-scaled.jpg\"><img loading=\"lazy\" decoding=\"async\" class=\"alignleft size-thumbnail wp-image-8688\" src=\"https:\/\/agora.xtec.cat\/ceiplestelada\/wp-content\/uploads\/usu885\/2025\/06\/20250605_153102-150x150.jpg\" alt=\"\" width=\"150\" height=\"150\" \/><\/a><\/p>\n<p data-start=\"1885\" data-end=\"2196\">\n","protected":false},"excerpt":{"rendered":"<p>La tarda de dimecres 4 i dijous 5 de juny, padrins\/es i fillols\/es van descobrir la diversitat funcional a trav\u00e9s d&#8217;uns tallers on la inclusi\u00f3 i la comprensi\u00f3 de la diversitat s\u00f3n fonamentals per empatitzar i entendre a les persones. Els tallers que vam proposar van oferir una experi\u00e8ncia vivencial per posar-nos a la pell [&hellip;]<\/p>\n","protected":false},"author":10,"featured_media":8686,"comment_status":"closed","ping_status":"open","sticky":false,"template":"","format":"standard","meta":{"_bbp_topic_count":0,"_bbp_reply_count":0,"_bbp_total_topic_count":0,"_bbp_total_reply_count":0,"_bbp_voice_count":0,"_bbp_anonymous_reply_count":0,"_bbp_topic_count_hidden":0,"_bbp_reply_count_hidden":0,"_bbp_forum_subforum_count":0,"site-sidebar-layout":"default","site-content-layout":"","ast-site-content-layout":"","site-content-style":"default","site-sidebar-style":"default","ast-global-header-display":"","ast-banner-title-visibility":"","ast-main-header-display":"","ast-hfb-above-header-display":"","ast-hfb-below-header-display":"","ast-hfb-mobile-header-display":"","site-post-title":"","ast-breadcrumbs-content":"","ast-featured-img":"","footer-sml-layout":"","theme-transparent-header-meta":"","adv-header-id-meta":"","stick-header-meta":"","header-above-stick-meta":"","header-main-stick-meta":"","header-below-stick-meta":"","astra-migrate-meta-layouts":"default","ast-page-background-enabled":"default","ast-page-background-meta":{"desktop":{"background-color":"var(--ast-global-color-4)","background-image":"","background-repeat":"repeat","background-position":"center center","background-size":"auto","background-attachment":"scroll","background-type":"","background-media":"","overlay-type":"","overlay-color":"","overlay-opacity":"","overlay-gradient":""},"tablet":{"background-color":"","background-image":"","background-repeat":"repeat","background-position":"center center","background-size":"auto","background-attachment":"scroll","background-type":"","background-media":"","overlay-type":"","overlay-color":"","overlay-opacity":"","overlay-gradient":""},"mobile":{"background-color":"","background-image":"","background-repeat":"repeat","background-position":"center center","background-size":"auto","background-attachment":"scroll","background-type":"","background-media":"","overlay-type":"","overlay-color":"","overlay-opacity":"","overlay-gradient":""}},"ast-content-background-meta":{"desktop":{"background-color":"var(--ast-global-color-5)","background-image":"","background-repeat":"repeat","background-position":"center center","background-size":"auto","background-attachment":"scroll","background-type":"","background-media":"","overlay-type":"","overlay-color":"","overlay-opacity":"","overlay-gradient":""},"tablet":{"background-color":"var(--ast-global-color-5)","background-image":"","background-repeat":"repeat","background-position":"center center","background-size":"auto","background-attachment":"scroll","background-type":"","background-media":"","overlay-type":"","overlay-color":"","overlay-opacity":"","overlay-gradient":""},"mobile":{"background-color":"var(--ast-global-color-5)","background-image":"","background-repeat":"repeat","background-position":"center center","background-size":"auto","background-attachment":"scroll","background-type":"","background-media":"","overlay-type":"","overlay-color":"","overlay-opacity":"","overlay-gradient":""}},"footnotes":""},"categories":[1,4],"tags":[],"class_list":["post-8679","post","type-post","status-publish","format-standard","has-post-thumbnail","hentry","category-general","category-portada"],"post_mailing_queue_ids":[],"_links":{"self":[{"href":"https:\/\/agora.xtec.cat\/ceiplestelada\/wp-json\/wp\/v2\/posts\/8679","targetHints":{"allow":["GET"]}}],"collection":[{"href":"https:\/\/agora.xtec.cat\/ceiplestelada\/wp-json\/wp\/v2\/posts"}],"about":[{"href":"https:\/\/agora.xtec.cat\/ceiplestelada\/wp-json\/wp\/v2\/types\/post"}],"author":[{"embeddable":true,"href":"https:\/\/agora.xtec.cat\/ceiplestelada\/wp-json\/wp\/v2\/users\/10"}],"replies":[{"embeddable":true,"href":"https:\/\/agora.xtec.cat\/ceiplestelada\/wp-json\/wp\/v2\/comments?post=8679"}],"version-history":[{"count":3,"href":"https:\/\/agora.xtec.cat\/ceiplestelada\/wp-json\/wp\/v2\/posts\/8679\/revisions"}],"predecessor-version":[{"id":8690,"href":"https:\/\/agora.xtec.cat\/ceiplestelada\/wp-json\/wp\/v2\/posts\/8679\/revisions\/8690"}],"wp:featuredmedia":[{"embeddable":true,"href":"https:\/\/agora.xtec.cat\/ceiplestelada\/wp-json\/wp\/v2\/media\/8686"}],"wp:attachment":[{"href":"https:\/\/agora.xtec.cat\/ceiplestelada\/wp-json\/wp\/v2\/media?parent=8679"}],"wp:term":[{"taxonomy":"category","embeddable":true,"href":"https:\/\/agora.xtec.cat\/ceiplestelada\/wp-json\/wp\/v2\/categories?post=8679"},{"taxonomy":"post_tag","embeddable":true,"href":"https:\/\/agora.xtec.cat\/ceiplestelada\/wp-json\/wp\/v2\/tags?post=8679"}],"curies":[{"name":"wp","href":"https:\/\/api.w.org\/{rel}","templated":true}]}}