{"id":8340,"date":"2024-10-01T20:06:16","date_gmt":"2024-10-01T18:06:16","guid":{"rendered":"https:\/\/agora.xtec.cat\/ceiplestelada\/?p=8340"},"modified":"2024-10-01T20:06:16","modified_gmt":"2024-10-01T18:06:16","slug":"agora-al-pati","status":"publish","type":"post","link":"https:\/\/agora.xtec.cat\/ceiplestelada\/general\/agora-al-pati\/","title":{"rendered":"\u00c0GORA al pati!"},"content":{"rendered":"<p>El divendres 27 de setembre es va muntar al pati de prim\u00e0ria l&#8217;\u00c0GORA tan esperada per tots els nens i les nenes. Nom\u00e9s acabada de muntar ja li vam donar \u00fas tant de joc al pati com per realitzar activitats de classe com \u00e9s l&#8217;activitat de lectura entre padrins\/madrines i fillols i filloles.<\/p>\n<p>I&#8230;aix\u00f2 nom\u00e9s ha sigut el comen\u00e7ament ja que totes les obres de teatre, assaig i totes les activitats que se&#8217;ns acudeixin tindran un espai reservat tant per protagonistes com per espectadors.<\/p>\n<p>El pati ja va agafant forma per\u00f2 encara falta omplir-lo de m\u00e9s idees que la comissi\u00f3 de pati tant de l&#8217;escola com de families hi va estar pensant i treballant. Animem a tots els pares i mares que puguin col\u00b7laborar amb aquesta comissi\u00f3 quan es faci crida perqu\u00e8 aix\u00ed el pati esdevingui un espai de joc, tranquil\u00b7litat i moviment per tots els nens i les nenes de l&#8217;Estelada.<\/p>\n<p><a href=\"https:\/\/agora.xtec.cat\/ceiplestelada\/wp-content\/uploads\/usu885\/2024\/10\/IMG-20241001-WA0003.jpeg\"><img loading=\"lazy\" decoding=\"async\" class=\"alignleft size-thumbnail wp-image-8342\" src=\"https:\/\/agora.xtec.cat\/ceiplestelada\/wp-content\/uploads\/usu885\/2024\/10\/IMG-20241001-WA0003-150x150.jpeg\" alt=\"\" width=\"150\" height=\"150\" \/><\/a> <a href=\"https:\/\/agora.xtec.cat\/ceiplestelada\/wp-content\/uploads\/usu885\/2024\/10\/IMG-20240923-WA0014.jpeg\"><img loading=\"lazy\" decoding=\"async\" class=\"alignleft size-thumbnail wp-image-8343\" src=\"https:\/\/agora.xtec.cat\/ceiplestelada\/wp-content\/uploads\/usu885\/2024\/10\/IMG-20240923-WA0014-150x150.jpeg\" alt=\"\" width=\"150\" height=\"150\" \/><\/a><a href=\"https:\/\/agora.xtec.cat\/ceiplestelada\/wp-content\/uploads\/usu885\/2024\/10\/IMG-20240923-WA0018.jpg\"><img loading=\"lazy\" decoding=\"async\" class=\"alignleft wp-image-8345\" src=\"https:\/\/agora.xtec.cat\/ceiplestelada\/wp-content\/uploads\/usu885\/2024\/10\/IMG-20240923-WA0018-150x150.jpg\" alt=\"\" width=\"147\" height=\"147\" \/><\/a><\/p>\n<p>&nbsp;<\/p>\n","protected":false},"excerpt":{"rendered":"<p>El divendres 27 de setembre es va muntar al pati de prim\u00e0ria l&#8217;\u00c0GORA tan esperada per tots els nens i les nenes. Nom\u00e9s acabada de muntar ja li vam donar \u00fas tant de joc al pati com per realitzar activitats de classe com \u00e9s l&#8217;activitat de lectura entre padrins\/madrines i fillols i filloles. I&#8230;aix\u00f2 nom\u00e9s [&hellip;]<\/p>\n","protected":false},"author":10,"featured_media":8344,"comment_status":"closed","ping_status":"closed","sticky":false,"template":"","format":"standard","meta":{"_bbp_topic_count":0,"_bbp_reply_count":0,"_bbp_total_topic_count":0,"_bbp_total_reply_count":0,"_bbp_voice_count":0,"_bbp_anonymous_reply_count":0,"_bbp_topic_count_hidden":0,"_bbp_reply_count_hidden":0,"_bbp_forum_subforum_count":0,"site-sidebar-layout":"default","site-content-layout":"","ast-site-content-layout":"","site-content-style":"default","site-sidebar-style":"default","ast-global-header-display":"","ast-banner-title-visibility":"","ast-main-header-display":"","ast-hfb-above-header-display":"","ast-hfb-below-header-display":"","ast-hfb-mobile-header-display":"","site-post-title":"","ast-breadcrumbs-content":"","ast-featured-img":"","footer-sml-layout":"","theme-transparent-header-meta":"","adv-header-id-meta":"","stick-header-meta":"","header-above-stick-meta":"","header-main-stick-meta":"","header-below-stick-meta":"","astra-migrate-meta-layouts":"default","ast-page-background-enabled":"default","ast-page-background-meta":{"desktop":{"background-color":"var(--ast-global-color-4)","background-image":"","background-repeat":"repeat","background-position":"center center","background-size":"auto","background-attachment":"scroll","background-type":"","background-media":"","overlay-type":"","overlay-color":"","overlay-opacity":"","overlay-gradient":""},"tablet":{"background-color":"","background-image":"","background-repeat":"repeat","background-position":"center center","background-size":"auto","background-attachment":"scroll","background-type":"","background-media":"","overlay-type":"","overlay-color":"","overlay-opacity":"","overlay-gradient":""},"mobile":{"background-color":"","background-image":"","background-repeat":"repeat","background-position":"center center","background-size":"auto","background-attachment":"scroll","background-type":"","background-media":"","overlay-type":"","overlay-color":"","overlay-opacity":"","overlay-gradient":""}},"ast-content-background-meta":{"desktop":{"background-color":"var(--ast-global-color-5)","background-image":"","background-repeat":"repeat","background-position":"center center","background-size":"auto","background-attachment":"scroll","background-type":"","background-media":"","overlay-type":"","overlay-color":"","overlay-opacity":"","overlay-gradient":""},"tablet":{"background-color":"var(--ast-global-color-5)","background-image":"","background-repeat":"repeat","background-position":"center center","background-size":"auto","background-attachment":"scroll","background-type":"","background-media":"","overlay-type":"","overlay-color":"","overlay-opacity":"","overlay-gradient":""},"mobile":{"background-color":"var(--ast-global-color-5)","background-image":"","background-repeat":"repeat","background-position":"center center","background-size":"auto","background-attachment":"scroll","background-type":"","background-media":"","overlay-type":"","overlay-color":"","overlay-opacity":"","overlay-gradient":""}},"footnotes":""},"categories":[1,4],"tags":[],"class_list":["post-8340","post","type-post","status-publish","format-standard","has-post-thumbnail","hentry","category-general","category-portada"],"post_mailing_queue_ids":[],"_links":{"self":[{"href":"https:\/\/agora.xtec.cat\/ceiplestelada\/wp-json\/wp\/v2\/posts\/8340","targetHints":{"allow":["GET"]}}],"collection":[{"href":"https:\/\/agora.xtec.cat\/ceiplestelada\/wp-json\/wp\/v2\/posts"}],"about":[{"href":"https:\/\/agora.xtec.cat\/ceiplestelada\/wp-json\/wp\/v2\/types\/post"}],"author":[{"embeddable":true,"href":"https:\/\/agora.xtec.cat\/ceiplestelada\/wp-json\/wp\/v2\/users\/10"}],"replies":[{"embeddable":true,"href":"https:\/\/agora.xtec.cat\/ceiplestelada\/wp-json\/wp\/v2\/comments?post=8340"}],"version-history":[{"count":2,"href":"https:\/\/agora.xtec.cat\/ceiplestelada\/wp-json\/wp\/v2\/posts\/8340\/revisions"}],"predecessor-version":[{"id":8346,"href":"https:\/\/agora.xtec.cat\/ceiplestelada\/wp-json\/wp\/v2\/posts\/8340\/revisions\/8346"}],"wp:featuredmedia":[{"embeddable":true,"href":"https:\/\/agora.xtec.cat\/ceiplestelada\/wp-json\/wp\/v2\/media\/8344"}],"wp:attachment":[{"href":"https:\/\/agora.xtec.cat\/ceiplestelada\/wp-json\/wp\/v2\/media?parent=8340"}],"wp:term":[{"taxonomy":"category","embeddable":true,"href":"https:\/\/agora.xtec.cat\/ceiplestelada\/wp-json\/wp\/v2\/categories?post=8340"},{"taxonomy":"post_tag","embeddable":true,"href":"https:\/\/agora.xtec.cat\/ceiplestelada\/wp-json\/wp\/v2\/tags?post=8340"}],"curies":[{"name":"wp","href":"https:\/\/api.w.org\/{rel}","templated":true}]}}