{"id":8089,"date":"2024-02-07T13:11:14","date_gmt":"2024-02-07T12:11:14","guid":{"rendered":"https:\/\/agora.xtec.cat\/ceiplestelada\/?p=8089"},"modified":"2024-02-07T21:58:44","modified_gmt":"2024-02-07T20:58:44","slug":"collaborem-amb-els-100-anys-de-radio","status":"publish","type":"post","link":"https:\/\/agora.xtec.cat\/ceiplestelada\/general\/collaborem-amb-els-100-anys-de-radio\/","title":{"rendered":"Col\u00b7laborem amb els 100 anys de R\u00e0dio!"},"content":{"rendered":"<p>Amb motiu de la commemoraci\u00f3 dels 100 anys de r\u00e0dio a Catalunya i coincidint amb el dia mundial de la r\u00e0dio (13 de febrer), \u00a0l&#8217;alumnat de 3r de l&#8217;Estelada col\u00b7labora en un programa radiof\u00f2nic en obert. Aix\u00ed doncs, a partir del 13 de febrer i durant uns 30 dies aproximadament, \u00a0podreu seguir aquest programa radiof\u00f2nic on hi participen diferents centres de Catalunya.<\/p>\n<p>Podeu escoltar el qu\u00e8 han fet els i les alumnes de 3r en el seg\u00fcent enlla\u00e7:<a href=\"https:\/\/drive.google.com\/file\/d\/1rYF5GuosYRiWRNgGcao-KiySw4sjGCr4\/view?usp=share_link\"> R\u00e0dio 3r 100 anys<\/a><\/p>\n<p>Podeu fer-ne el seguiment del programa radiof\u00f2nica en obert, al seg\u00fcent enlla\u00e7:<\/p>\n<blockquote class=\"wp-embedded-content\" data-secret=\"LyZgq0krjJ\"><p><a href=\"https:\/\/projectes.xtec.cat\/canaldereporters\/dia-mundial-de-la-radio-100-anys-explicant-histories\/\">Dia mundial de la r\u00e0dio<\/a><\/p><\/blockquote>\n<p><iframe loading=\"lazy\" class=\"wp-embedded-content\" sandbox=\"allow-scripts\" security=\"restricted\" style=\"position: absolute; clip: rect(1px, 1px, 1px, 1px);\" title=\"&#8220;Dia mundial de la r\u00e0dio&#8221; &#8212; Canal de reporters\" src=\"https:\/\/projectes.xtec.cat\/canaldereporters\/dia-mundial-de-la-radio-100-anys-explicant-histories\/embed\/#?secret=8O17QGTUAa#?secret=LyZgq0krjJ\" data-secret=\"LyZgq0krjJ\" width=\"500\" height=\"282\" frameborder=\"0\" marginwidth=\"0\" marginheight=\"0\" scrolling=\"no\"><\/iframe><\/p>\n<p>&nbsp;<\/p>\n<p><strong>#100anyshistories<\/strong><\/p>\n<p>&nbsp;<\/p>\n<p>&nbsp;<\/p>\n","protected":false},"excerpt":{"rendered":"<p>Amb motiu de la commemoraci\u00f3 dels 100 anys de r\u00e0dio a Catalunya i coincidint amb el dia mundial de la r\u00e0dio (13 de febrer), \u00a0l&#8217;alumnat de 3r de l&#8217;Estelada col\u00b7labora en un programa radiof\u00f2nic en obert. Aix\u00ed doncs, a partir del 13 de febrer i durant uns 30 dies aproximadament, \u00a0podreu seguir aquest programa radiof\u00f2nic [&hellip;]<\/p>\n","protected":false},"author":10,"featured_media":0,"comment_status":"closed","ping_status":"closed","sticky":false,"template":"","format":"standard","meta":{"_bbp_topic_count":0,"_bbp_reply_count":0,"_bbp_total_topic_count":0,"_bbp_total_reply_count":0,"_bbp_voice_count":0,"_bbp_anonymous_reply_count":0,"_bbp_topic_count_hidden":0,"_bbp_reply_count_hidden":0,"_bbp_forum_subforum_count":0,"site-sidebar-layout":"default","site-content-layout":"","ast-site-content-layout":"","site-content-style":"default","site-sidebar-style":"default","ast-global-header-display":"","ast-banner-title-visibility":"","ast-main-header-display":"","ast-hfb-above-header-display":"","ast-hfb-below-header-display":"","ast-hfb-mobile-header-display":"","site-post-title":"","ast-breadcrumbs-content":"","ast-featured-img":"","footer-sml-layout":"","theme-transparent-header-meta":"","adv-header-id-meta":"","stick-header-meta":"","header-above-stick-meta":"","header-main-stick-meta":"","header-below-stick-meta":"","astra-migrate-meta-layouts":"default","ast-page-background-enabled":"default","ast-page-background-meta":{"desktop":{"background-color":"var(--ast-global-color-4)","background-image":"","background-repeat":"repeat","background-position":"center center","background-size":"auto","background-attachment":"scroll","background-type":"","background-media":"","overlay-type":"","overlay-color":"","overlay-opacity":"","overlay-gradient":""},"tablet":{"background-color":"","background-image":"","background-repeat":"repeat","background-position":"center center","background-size":"auto","background-attachment":"scroll","background-type":"","background-media":"","overlay-type":"","overlay-color":"","overlay-opacity":"","overlay-gradient":""},"mobile":{"background-color":"","background-image":"","background-repeat":"repeat","background-position":"center center","background-size":"auto","background-attachment":"scroll","background-type":"","background-media":"","overlay-type":"","overlay-color":"","overlay-opacity":"","overlay-gradient":""}},"ast-content-background-meta":{"desktop":{"background-color":"var(--ast-global-color-5)","background-image":"","background-repeat":"repeat","background-position":"center center","background-size":"auto","background-attachment":"scroll","background-type":"","background-media":"","overlay-type":"","overlay-color":"","overlay-opacity":"","overlay-gradient":""},"tablet":{"background-color":"var(--ast-global-color-5)","background-image":"","background-repeat":"repeat","background-position":"center center","background-size":"auto","background-attachment":"scroll","background-type":"","background-media":"","overlay-type":"","overlay-color":"","overlay-opacity":"","overlay-gradient":""},"mobile":{"background-color":"var(--ast-global-color-5)","background-image":"","background-repeat":"repeat","background-position":"center center","background-size":"auto","background-attachment":"scroll","background-type":"","background-media":"","overlay-type":"","overlay-color":"","overlay-opacity":"","overlay-gradient":""}},"footnotes":""},"categories":[1,4],"tags":[],"class_list":["post-8089","post","type-post","status-publish","format-standard","hentry","category-general","category-portada"],"post_mailing_queue_ids":[],"_links":{"self":[{"href":"https:\/\/agora.xtec.cat\/ceiplestelada\/wp-json\/wp\/v2\/posts\/8089","targetHints":{"allow":["GET"]}}],"collection":[{"href":"https:\/\/agora.xtec.cat\/ceiplestelada\/wp-json\/wp\/v2\/posts"}],"about":[{"href":"https:\/\/agora.xtec.cat\/ceiplestelada\/wp-json\/wp\/v2\/types\/post"}],"author":[{"embeddable":true,"href":"https:\/\/agora.xtec.cat\/ceiplestelada\/wp-json\/wp\/v2\/users\/10"}],"replies":[{"embeddable":true,"href":"https:\/\/agora.xtec.cat\/ceiplestelada\/wp-json\/wp\/v2\/comments?post=8089"}],"version-history":[{"count":5,"href":"https:\/\/agora.xtec.cat\/ceiplestelada\/wp-json\/wp\/v2\/posts\/8089\/revisions"}],"predecessor-version":[{"id":8105,"href":"https:\/\/agora.xtec.cat\/ceiplestelada\/wp-json\/wp\/v2\/posts\/8089\/revisions\/8105"}],"wp:attachment":[{"href":"https:\/\/agora.xtec.cat\/ceiplestelada\/wp-json\/wp\/v2\/media?parent=8089"}],"wp:term":[{"taxonomy":"category","embeddable":true,"href":"https:\/\/agora.xtec.cat\/ceiplestelada\/wp-json\/wp\/v2\/categories?post=8089"},{"taxonomy":"post_tag","embeddable":true,"href":"https:\/\/agora.xtec.cat\/ceiplestelada\/wp-json\/wp\/v2\/tags?post=8089"}],"curies":[{"name":"wp","href":"https:\/\/api.w.org\/{rel}","templated":true}]}}