{"id":3170,"date":"2020-07-19T09:35:28","date_gmt":"2020-07-19T07:35:28","guid":{"rendered":"http:\/\/agora.xtec.cat\/ceiplestelada\/?p=3170"},"modified":"2020-10-04T12:44:07","modified_gmt":"2020-10-04T10:44:07","slug":"juliol-2020","status":"publish","type":"post","link":"https:\/\/agora.xtec.cat\/ceiplestelada\/general\/juliol-2020\/","title":{"rendered":"ESTELADA ARTICLE P\u00c0GINA INICI JULIOL 2020"},"content":{"rendered":"<h3 style=\"text-align: left;\"><a href=\"https:\/\/docs.google.com\/document\/d\/1JF8XTCPehqWb168lIW05Vm8Q_OIDOXIN3-lVDQxMAUE\/edit?usp=sharing\"><span style=\"color: #993300;\"><strong>1.- Pla\u00a0 D&#8217;organitzaci\u00f3 D&#8217;Obertura de l&#8217;Escola l&#8217;Estelada. <\/strong><\/span><\/a><\/h3>\n<h6 style=\"text-align: center;\"><\/h6>\n<h3 style=\"text-align: left;\"><span style=\"text-decoration: underline;\"><span style=\"color: #993300; text-decoration: underline;\"><strong>2.-Informaci\u00f3 Activitats Extraescolars 2020-2021<\/strong><\/span><\/span><\/h3>\n<p>Benvolgudes fam\u00edlies aqu\u00ed teniu l&#8217;oferta d&#8217;Activitats Extraescolars que ofereix l&#8217;AMPA de l&#8217;Estelada.<\/p>\n<p><a href=\"https:\/\/agora.xtec.cat\/ceiplestelada\/wp-content\/uploads\/usu885\/2020\/07\/oferta-extraescolars-i-angles-2020-2021-PDF.pdf\"><span style=\"color: #000080;\">ACTIVITATS EXTRAESCOLARS<\/span><\/a><\/p>\n<p><a href=\"https:\/\/agora.xtec.cat\/ceiplestelada\/wp-content\/uploads\/usu885\/2020\/07\/FULL-INSCRIPCIO-2020-21.XLS-Hoja1.pdf\"><span style=\"color: #000080;\">FULL INSCRIPCIO 2020-21<\/span><\/a><\/p>\n<p><a href=\"https:\/\/agora.xtec.cat\/ceiplestelada\/wp-content\/uploads\/usu885\/2020\/07\/HAPPY-ENGLISH-FULL-INSCRIPCI%C3%93-20-21.pdf\"><span style=\"color: #000080;\">FULL D&#8217;INSCRIPCI\u00d3 HAPPY ENGLISH<\/span><\/a><\/p>\n<p><a href=\"https:\/\/agora.xtec.cat\/ceiplestelada\/wp-content\/uploads\/usu885\/2020\/07\/FULL-INSCRIPCI%C3%93-IOGA.XLS-Hoja1.pdf\"><span style=\"color: #000080;\">FULL INSCRIPCI\u00d3 IOGA<\/span><\/a><\/p>\n<p><a href=\"https:\/\/agora.xtec.cat\/ceiplestelada\/wp-content\/uploads\/usu885\/2020\/07\/FULL-DAIUTORIZACIONS-I-DADES-M%C3%89DIQUES..pdf\"><span style=\"color: #000080;\">FULL-D&#8217;AUTORIZACIONS-I-DADES-M\u00c9DIQUES.<\/span><\/a><\/p>\n<h3 style=\"text-align: left;\"><span style=\"color: #993300;\"><span style=\"text-decoration: underline;\"><strong>3.-Qu\u00e8 necessitem saber per iniciar el curs 2020-2021 ?<\/strong>\u00a0<\/span>\u00a0<\/span><\/h3>\n<h4 style=\"text-align: left;\"><a href=\"https:\/\/docs.google.com\/document\/d\/14mSCLGOV6jm9ChK0kRxQw-qEcJUTOdDnXGlSMu7Lg0w\/edit?usp=sharing\"><strong><span style=\"color: #ff0000;\">Informaci\u00f3 per a les fam\u00edlies de P3<\/span><\/strong><\/a><\/h4>\n<h4 style=\"text-align: left;\"><a href=\"https:\/\/docs.google.com\/document\/d\/1IopRNLnuF12XtLiTuPHi3lsZObeuq8eZ814MJuRLwpM\/edit?usp=sharing\"><strong><span style=\"color: #0000ff;\">Informaci\u00f3 per a les fam\u00edlies de P4 i P5<\/span><\/strong><\/a><\/h4>\n<h4 style=\"text-align: left;\"><strong><span style=\"color: #339966;\"><a href=\"https:\/\/docs.google.com\/document\/d\/1TtfFcjK9Vfct2GFNoxOzv3FuARX8rA4QZnN8xOB4FnA\/edit?usp=sharing\">Informaci\u00f3 per a les fam\u00edlies de Prim\u00e0ria<\/a><\/span><\/strong><\/h4>\n<h3><\/h3>\n<h3 style=\"text-align: left;\"><span style=\"text-decoration: underline;\"><strong><span style=\"color: #993300; text-decoration: underline;\">4.-Reunions d&#8217;inici de curs mes d&#8217;octubre.<\/span><\/strong><\/span><\/h3>\n<p><span style=\"color: #000000;\">Un cop fetes les reunions abans d&#8217;iniciar el curs sobre aspectes organitzatius, ara al mes d&#8217;octubre farem les reunions pedag\u00f2giques amb les tutores i tutors dels vostres fills i filles. <\/span><span style=\"color: #000000;\">\u00a0\u00a0<\/span><\/p>\n<table style=\"width: 721px;\">\n<tbody>\n<tr style=\"background-color: #1bf707;\">\n<td style=\"width: 164px;\"><span style=\"font-weight: 400;\">Reuni\u00f3 del curs de<\/span><\/td>\n<td style=\"width: 275px;\"><span style=\"font-weight: 400;\">meet de reuni\u00f3<\/span><\/td>\n<td style=\"width: 272px;\"><span style=\"font-weight: 400;\">Dia i hora<\/span><\/td>\n<\/tr>\n<tr>\n<td style=\"width: 164px;\"><b>P3<\/b><\/td>\n<td style=\"width: 275px;\"><a href=\"https:\/\/meet.google.com\/ovq-fsfh-grh\"><span style=\"font-weight: 400;\">https:\/\/meet.google.com\/ovq-fsfh-grh<\/span><\/a><\/td>\n<td style=\"width: 272px;\"><b>Dimecres 13\/10; <\/b><b>18 hores<\/b><\/td>\n<\/tr>\n<tr>\n<td style=\"width: 164px;\"><b>P4-P5 A,B,C<\/b><\/td>\n<td style=\"width: 275px;\"><a href=\"https:\/\/meet.google.com\/ovq-fsfh-grh\"><span style=\"font-weight: 400;\">https:\/\/meet.google.com\/ovq-fsfh-grh<\/span><\/a><\/td>\n<td style=\"width: 272px;\"><b>Dijous 15\/10; <\/b><b>18 hores<\/b><\/td>\n<\/tr>\n<tr>\n<td style=\"width: 164px;\"><b>1r-2n\u00a0 A,B,C<\/b><\/td>\n<td style=\"width: 275px;\"><a href=\"https:\/\/meet.google.com\/suw-kpkn-evz\"><span style=\"font-weight: 400;\">https:\/\/meet.google.com\/suw-kpkn-evz<\/span><\/a><\/td>\n<td style=\"width: 272px;\"><b>Dimarts 6\/10; <\/b><b>18 hores<\/b><\/td>\n<\/tr>\n<tr>\n<td style=\"width: 164px;\"><b>3r<\/b><\/td>\n<td style=\"width: 275px;\"><a href=\"https:\/\/meet.google.com\/yef-iwvk-qup\"><span style=\"font-weight: 400;\">https:\/\/meet.google.com\/yef-iwvk-qup<\/span><\/a><\/td>\n<td style=\"width: 272px;\"><b>Dilluns\u00a0 5\/10; <\/b><b>18 hores<\/b><\/td>\n<\/tr>\n<tr>\n<td style=\"width: 164px;\"><b>4t \u00a0 A,B,C<\/b><\/td>\n<td style=\"width: 275px;\"><a href=\"https:\/\/meet.google.com\/yef-iwvk-qup\"><span style=\"font-weight: 400;\">https:\/\/meet.google.com\/yef-iwvk-qup<\/span><\/a><\/td>\n<td style=\"width: 272px;\"><b>Dimecres 7\/10; <\/b><b>18 hores<\/b><\/td>\n<\/tr>\n<tr>\n<td style=\"width: 164px;\"><b>5\u00e8<\/b><\/td>\n<td style=\"width: 275px;\"><a href=\"https:\/\/meet.google.com\/yef-iwvk-qup\"><span style=\"font-weight: 400;\">https:\/\/meet.google.com\/yef-iwvk-qup<\/span><\/a><\/td>\n<td style=\"width: 272px;\"><b>Dijous 8\/10; <\/b><b>18 hores\u00a0<\/b><\/td>\n<\/tr>\n<tr>\n<td style=\"width: 164px;\"><b>6\u00e8\u00a0 A,B<\/b><\/td>\n<td style=\"width: 275px;\"><a href=\"https:\/\/meet.google.com\/snp-wxoa-hak\"><span style=\"font-weight: 400;\">https:\/\/meet.google.com\/snp-wxoa-hak<\/span><\/a><\/td>\n<td style=\"width: 272px;\"><b>Dijous 8\/10; <\/b><b>18 hores<\/b><\/td>\n<\/tr>\n<\/tbody>\n<\/table>\n<h3><span style=\"color: #993300;\"><span style=\"text-decoration: underline;\"><strong>5.-Departament d&#8217;Educaci\u00f3 <span style=\"color: #ff0000; text-decoration: underline;\">per a les fam\u00edlies<\/span><\/strong><\/span>: <span style=\"color: #333333;\">Llegiu aquests documents de prevenci\u00f3 de brots COVID-19 i actuacions i recomanacions en cas d&#8217;un\u00a0 possible cas de COVID-19<\/span><\/span><\/h3>\n<h6><a href=\"http:\/\/ensenyament.gencat.cat\/web\/.content\/home\/actualitat\/escolasegura\/actualitat\/curs-2020-2021\/carta-families.pdf\"><span style=\"color: #008000;\">1.- Mesures per evitar brots de COVID-19 a les escoles<\/span><\/a><\/h6>\n<h6><a href=\"http:\/\/ensenyament.gencat.cat\/web\/.content\/home\/actualitat\/escolasegura\/actualitat\/curs-2020-2021\/annex-mesures-estraordinaries.pdf\"><strong><span style=\"color: #800080;\">2.- Altres recomanacions\u00a0<\/span><\/strong><\/a><\/h6>\n<h3><span style=\"color: #993300;\"><span style=\"text-decoration: underline;\"><strong>6.- Ajuts per alumnat amb necesseitats espec\u00edfiques de suport educatiu.<\/strong><\/span>\u00a0<\/span><\/h3>\n<h6><span style=\"color: #000000;\">Termini 30 de setembre.<\/span><\/h6>\n<h6><span style=\"color: #000000;\">Accediu a la informaci\u00f3\u00a0<\/span> \u2192\u00a0\u00a0 <a href=\"http:\/\/web.gencat.cat\/ca\/tramits\/tramits-temes\/Ajuts-per-a-alumnes-amb-necessitat-especifica-de-suport-educatiu?category=7449fd1c-a82c-11e3-a972-000c29052e2c\"><span style=\"color: #ff0000;\">AQU\u00cd<\/span><\/a><\/h6>\n<h3><\/h3>\n<h3><strong><span style=\"text-decoration: underline; color: #993300;\">7.- Nous documents enviats als centres educatius el 9 de setembre<\/span><\/strong><\/h3>\n<h6>Us fem arribar els darrers documents rebuts sobre aspectes a tenir en compte en l&#8217;obertura de centres educatius:<\/h6>\n<h5><\/h5>\n<h5><a href=\"https:\/\/documents.espai.educacio.gencat.cat\/IPCNormativa\/Adaptacio_mesures_Pla_actuacio.pdf\"><span style=\"color: #000080;\">1.- Adaptaci\u00f3 de mesures (amb algunes novetats actualitzades)<\/span><\/a><\/h5>\n<h5><a href=\"https:\/\/documents.espai.educacio.gencat.cat\/IPCNormativa\/Protocol-Gestio-casos-rev.pdf\"><span style=\"color: #800080;\">2.- Gesti\u00f3 de casos (novetats referents al control de s\u00edmptomes)<\/span><\/a><\/h5>\n<p>.<\/p>\n<h3><span style=\"color: #993300;\">8.- AJUTS DE MENJADOR<\/span><\/h3>\n<p><span style=\"color: #000080;\">Fem p\u00fablic el llistat d&#8217;ajuts del menjador escolar. Segons la llei de protecci\u00f3 de dades, no es poden mostrar els noms dels beneficiaris. Podeu identificar l&#8217;alumne\/a per mitj\u00e0 de l&#8217;IDALU (codi).\u00a0<\/span><\/p>\n<p><a href=\"https:\/\/doc-14-68-apps-viewer.googleusercontent.com\/viewer\/secure\/pdf\/fp4u9vb4iqigtnt25b04kco34b3p2uvb\/107bsrjfqcacj0o30jl53a7q2g8avm04\/1600150575000\/gmail\/16675633579478500240\/ACFrOgBsFoDdIadYe7wR1ROO4yMldz_S3m2fzRrDJ-QMyilBu2YehSKRAN5iCLcD6CTN-DgUbYr4rnpLlxAHg4aFGXbDFJrvoCFDuQT7_7tOkmltkYjgdu6PxbTsKLE=?print=true&amp;nonce=9kibdc0vbs0te&amp;user=16675633579478500240&amp;hash=nbitosg37p75s4bse6e9aovhk9knk0ci\"><strong><span style=\"color: #800080;\">Document d&#8217;Ajuts<\/span><\/strong><\/a><\/p>\n","protected":false},"excerpt":{"rendered":"<p>1.- Pla\u00a0 D&#8217;organitzaci\u00f3 D&#8217;Obertura de l&#8217;Escola l&#8217;Estelada. 2.-Informaci\u00f3 Activitats Extraescolars 2020-2021 Benvolgudes fam\u00edlies aqu\u00ed teniu l&#8217;oferta d&#8217;Activitats Extraescolars que ofereix l&#8217;AMPA de l&#8217;Estelada. ACTIVITATS EXTRAESCOLARS FULL INSCRIPCIO 2020-21 FULL D&#8217;INSCRIPCI\u00d3 HAPPY ENGLISH FULL INSCRIPCI\u00d3 IOGA FULL-D&#8217;AUTORIZACIONS-I-DADES-M\u00c9DIQUES. 3.-Qu\u00e8 necessitem saber per iniciar el curs 2020-2021 ?\u00a0\u00a0 Informaci\u00f3 per a les fam\u00edlies de P3 Informaci\u00f3 per a [&hellip;]<\/p>\n","protected":false},"author":10,"featured_media":3377,"comment_status":"closed","ping_status":"closed","sticky":false,"template":"","format":"standard","meta":{"_bbp_topic_count":0,"_bbp_reply_count":0,"_bbp_total_topic_count":0,"_bbp_total_reply_count":0,"_bbp_voice_count":0,"_bbp_anonymous_reply_count":0,"_bbp_topic_count_hidden":0,"_bbp_reply_count_hidden":0,"_bbp_forum_subforum_count":0,"site-sidebar-layout":"default","site-content-layout":"","ast-site-content-layout":"","site-content-style":"default","site-sidebar-style":"default","ast-global-header-display":"","ast-banner-title-visibility":"","ast-main-header-display":"","ast-hfb-above-header-display":"","ast-hfb-below-header-display":"","ast-hfb-mobile-header-display":"","site-post-title":"","ast-breadcrumbs-content":"","ast-featured-img":"","footer-sml-layout":"","theme-transparent-header-meta":"","adv-header-id-meta":"","stick-header-meta":"","header-above-stick-meta":"","header-main-stick-meta":"","header-below-stick-meta":"","astra-migrate-meta-layouts":"default","ast-page-background-enabled":"default","ast-page-background-meta":{"desktop":{"background-color":"var(--ast-global-color-4)","background-image":"","background-repeat":"repeat","background-position":"center center","background-size":"auto","background-attachment":"scroll","background-type":"","background-media":"","overlay-type":"","overlay-color":"","overlay-opacity":"","overlay-gradient":""},"tablet":{"background-color":"","background-image":"","background-repeat":"repeat","background-position":"center center","background-size":"auto","background-attachment":"scroll","background-type":"","background-media":"","overlay-type":"","overlay-color":"","overlay-opacity":"","overlay-gradient":""},"mobile":{"background-color":"","background-image":"","background-repeat":"repeat","background-position":"center center","background-size":"auto","background-attachment":"scroll","background-type":"","background-media":"","overlay-type":"","overlay-color":"","overlay-opacity":"","overlay-gradient":""}},"ast-content-background-meta":{"desktop":{"background-color":"var(--ast-global-color-5)","background-image":"","background-repeat":"repeat","background-position":"center center","background-size":"auto","background-attachment":"scroll","background-type":"","background-media":"","overlay-type":"","overlay-color":"","overlay-opacity":"","overlay-gradient":""},"tablet":{"background-color":"var(--ast-global-color-5)","background-image":"","background-repeat":"repeat","background-position":"center center","background-size":"auto","background-attachment":"scroll","background-type":"","background-media":"","overlay-type":"","overlay-color":"","overlay-opacity":"","overlay-gradient":""},"mobile":{"background-color":"var(--ast-global-color-5)","background-image":"","background-repeat":"repeat","background-position":"center center","background-size":"auto","background-attachment":"scroll","background-type":"","background-media":"","overlay-type":"","overlay-color":"","overlay-opacity":"","overlay-gradient":""}},"footnotes":""},"categories":[1],"tags":[],"class_list":["post-3170","post","type-post","status-publish","format-standard","has-post-thumbnail","hentry","category-general"],"post_mailing_queue_ids":[],"_links":{"self":[{"href":"https:\/\/agora.xtec.cat\/ceiplestelada\/wp-json\/wp\/v2\/posts\/3170","targetHints":{"allow":["GET"]}}],"collection":[{"href":"https:\/\/agora.xtec.cat\/ceiplestelada\/wp-json\/wp\/v2\/posts"}],"about":[{"href":"https:\/\/agora.xtec.cat\/ceiplestelada\/wp-json\/wp\/v2\/types\/post"}],"author":[{"embeddable":true,"href":"https:\/\/agora.xtec.cat\/ceiplestelada\/wp-json\/wp\/v2\/users\/10"}],"replies":[{"embeddable":true,"href":"https:\/\/agora.xtec.cat\/ceiplestelada\/wp-json\/wp\/v2\/comments?post=3170"}],"version-history":[{"count":4,"href":"https:\/\/agora.xtec.cat\/ceiplestelada\/wp-json\/wp\/v2\/posts\/3170\/revisions"}],"predecessor-version":[{"id":3748,"href":"https:\/\/agora.xtec.cat\/ceiplestelada\/wp-json\/wp\/v2\/posts\/3170\/revisions\/3748"}],"wp:featuredmedia":[{"embeddable":true,"href":"https:\/\/agora.xtec.cat\/ceiplestelada\/wp-json\/wp\/v2\/media\/3377"}],"wp:attachment":[{"href":"https:\/\/agora.xtec.cat\/ceiplestelada\/wp-json\/wp\/v2\/media?parent=3170"}],"wp:term":[{"taxonomy":"category","embeddable":true,"href":"https:\/\/agora.xtec.cat\/ceiplestelada\/wp-json\/wp\/v2\/categories?post=3170"},{"taxonomy":"post_tag","embeddable":true,"href":"https:\/\/agora.xtec.cat\/ceiplestelada\/wp-json\/wp\/v2\/tags?post=3170"}],"curies":[{"name":"wp","href":"https:\/\/api.w.org\/{rel}","templated":true}]}}