{"id":9117,"date":"2025-05-27T16:12:49","date_gmt":"2025-05-27T14:12:49","guid":{"rendered":"https:\/\/agora.xtec.cat\/ceiplessavines\/?p=9117"},"modified":"2025-05-27T16:12:49","modified_gmt":"2025-05-27T14:12:49","slug":"kalopsia","status":"publish","type":"post","link":"https:\/\/agora.xtec.cat\/ceiplessavines\/general\/kalopsia\/","title":{"rendered":"KAL\u00d2PSIA"},"content":{"rendered":"<p align=\"justify\"><span style=\"font-family: Liberation Serif, serif\"><span style=\"font-size: large\">El dia 9 de maig de 2025 els alumnes de 4<sup>t<\/sup>, 5<sup>\u00e8<\/sup> i 6<sup>\u00e8<\/sup> de l\u2019escola les Savines van anar a l&#8217;esgl\u00e9sia de St. Dom\u00e8nec, a veure l\u2019obra de teatre titulada Kal\u00f2psia.<\/span><\/span><\/p>\n<p align=\"justify\"><span style=\"font-family: Liberation Serif, serif\"><span style=\"font-size: large\">Es tractava d\u2019un<span style=\"color: #111111\"> m\u00f3n<\/span> que es deia Kal\u00f2psia. <span style=\"color: #111111\">En<\/span> aquell <span style=\"color: #111111\">m\u00f3n<\/span> hi vivien 4 <span style=\"color: #111111\">esp<\/span><span style=\"color: #111111\">\u00e8<\/span><span style=\"color: #111111\">cies<\/span> diferents. Aquelles esp\u00e8cies tenien unes particularitats que eren: els que tenien la llengua llarga, uns altres eren els que tenien les ungles molt llargues, n\u2019hi havien de molt per\u00f2 que molt alts, i fins i tot hi havia els que eren peluts. Aquestes 4 esp\u00e8cies no es portaven b\u00e9, fins que un dia alg\u00fa va pensar en separar el planeta en 4 parts perqu\u00e8 no es tornessin a barallar mai m\u00e9s. Aquesta hist\u00f2ria l\u2019explicava un noi. Aquest teatre es va fer perqu\u00e8 era el dia mundial d\u2019Europa.<\/span><\/span><\/p>\n<p align=\"justify\"><span style=\"font-family: Liberation Serif, serif\"><span style=\"font-size: large\">Ens va agradar molt, per\u00f2 ens hauria agradat m\u00e9s si s\u2019hagu\u00e9s fet al gran teatre de la Passi\u00f3, perqu\u00e8 al ser pla hi van haver persones que no ho van veure b\u00e9. <\/span><\/span><\/p>\n<p><span style=\"font-family: Liberation Serif, serif\"><span style=\"font-size: large\">David, Mohamed i Lourdes<\/span><\/span><\/p>\n","protected":false},"excerpt":{"rendered":"<p>El dia 9 de maig de 2025 els alumnes de 4t, 5\u00e8 i 6\u00e8 de l\u2019escola les Savines van anar a l&#8217;esgl\u00e9sia de St. Dom\u00e8nec, a veure l\u2019obra de teatre titulada Kal\u00f2psia. Es tractava d\u2019un m\u00f3n que es deia Kal\u00f2psia. En aquell m\u00f3n hi vivien 4 esp\u00e8cies diferents. Aquelles esp\u00e8cies tenien unes particularitats que eren: [&hellip;]<\/p>\n","protected":false},"author":9,"featured_media":0,"comment_status":"open","ping_status":"closed","sticky":false,"template":"","format":"standard","meta":{"_bbp_topic_count":0,"_bbp_reply_count":0,"_bbp_total_topic_count":0,"_bbp_total_reply_count":0,"_bbp_voice_count":0,"_bbp_anonymous_reply_count":0,"_bbp_topic_count_hidden":0,"_bbp_reply_count_hidden":0,"_bbp_forum_subforum_count":0,"site-sidebar-layout":"default","site-content-layout":"","ast-site-content-layout":"","site-content-style":"default","site-sidebar-style":"default","ast-global-header-display":"","ast-banner-title-visibility":"","ast-main-header-display":"","ast-hfb-above-header-display":"","ast-hfb-below-header-display":"","ast-hfb-mobile-header-display":"","site-post-title":"","ast-breadcrumbs-content":"","ast-featured-img":"","footer-sml-layout":"","theme-transparent-header-meta":"","adv-header-id-meta":"","stick-header-meta":"","header-above-stick-meta":"","header-main-stick-meta":"","header-below-stick-meta":"","astra-migrate-meta-layouts":"default","ast-page-background-enabled":"default","ast-page-background-meta":{"desktop":{"background-color":"var(--ast-global-color-4)","background-image":"","background-repeat":"repeat","background-position":"center center","background-size":"auto","background-attachment":"scroll","background-type":"","background-media":"","overlay-type":"","overlay-color":"","overlay-opacity":"","overlay-gradient":""},"tablet":{"background-color":"","background-image":"","background-repeat":"repeat","background-position":"center center","background-size":"auto","background-attachment":"scroll","background-type":"","background-media":"","overlay-type":"","overlay-color":"","overlay-opacity":"","overlay-gradient":""},"mobile":{"background-color":"","background-image":"","background-repeat":"repeat","background-position":"center center","background-size":"auto","background-attachment":"scroll","background-type":"","background-media":"","overlay-type":"","overlay-color":"","overlay-opacity":"","overlay-gradient":""}},"ast-content-background-meta":{"desktop":{"background-color":"var(--ast-global-color-5)","background-image":"","background-repeat":"repeat","background-position":"center center","background-size":"auto","background-attachment":"scroll","background-type":"","background-media":"","overlay-type":"","overlay-color":"","overlay-opacity":"","overlay-gradient":""},"tablet":{"background-color":"var(--ast-global-color-5)","background-image":"","background-repeat":"repeat","background-position":"center center","background-size":"auto","background-attachment":"scroll","background-type":"","background-media":"","overlay-type":"","overlay-color":"","overlay-opacity":"","overlay-gradient":""},"mobile":{"background-color":"var(--ast-global-color-5)","background-image":"","background-repeat":"repeat","background-position":"center center","background-size":"auto","background-attachment":"scroll","background-type":"","background-media":"","overlay-type":"","overlay-color":"","overlay-opacity":"","overlay-gradient":""}},"footnotes":""},"categories":[141,1],"tags":[],"class_list":["post-9117","post","type-post","status-publish","format-standard","hentry","category-comunitat-de-grans","category-general"],"post_mailing_queue_ids":[],"_links":{"self":[{"href":"https:\/\/agora.xtec.cat\/ceiplessavines\/wp-json\/wp\/v2\/posts\/9117","targetHints":{"allow":["GET"]}}],"collection":[{"href":"https:\/\/agora.xtec.cat\/ceiplessavines\/wp-json\/wp\/v2\/posts"}],"about":[{"href":"https:\/\/agora.xtec.cat\/ceiplessavines\/wp-json\/wp\/v2\/types\/post"}],"author":[{"embeddable":true,"href":"https:\/\/agora.xtec.cat\/ceiplessavines\/wp-json\/wp\/v2\/users\/9"}],"replies":[{"embeddable":true,"href":"https:\/\/agora.xtec.cat\/ceiplessavines\/wp-json\/wp\/v2\/comments?post=9117"}],"version-history":[{"count":1,"href":"https:\/\/agora.xtec.cat\/ceiplessavines\/wp-json\/wp\/v2\/posts\/9117\/revisions"}],"predecessor-version":[{"id":9118,"href":"https:\/\/agora.xtec.cat\/ceiplessavines\/wp-json\/wp\/v2\/posts\/9117\/revisions\/9118"}],"wp:attachment":[{"href":"https:\/\/agora.xtec.cat\/ceiplessavines\/wp-json\/wp\/v2\/media?parent=9117"}],"wp:term":[{"taxonomy":"category","embeddable":true,"href":"https:\/\/agora.xtec.cat\/ceiplessavines\/wp-json\/wp\/v2\/categories?post=9117"},{"taxonomy":"post_tag","embeddable":true,"href":"https:\/\/agora.xtec.cat\/ceiplessavines\/wp-json\/wp\/v2\/tags?post=9117"}],"curies":[{"name":"wp","href":"https:\/\/api.w.org\/{rel}","templated":true}]}}