{"id":9115,"date":"2025-05-27T16:11:53","date_gmt":"2025-05-27T14:11:53","guid":{"rendered":"https:\/\/agora.xtec.cat\/ceiplessavines\/?p=9115"},"modified":"2025-05-27T16:12:06","modified_gmt":"2025-05-27T14:12:06","slug":"vermell","status":"publish","type":"post","link":"https:\/\/agora.xtec.cat\/ceiplessavines\/general\/vermell\/","title":{"rendered":"Vermell"},"content":{"rendered":"<p align=\"justify\"><span style=\"font-family: Chilanka\"><span style=\"font-size: large\">El dimecres 30 d\u2019abril, l\u2019alumnat de 6\u00e9 i 5\u00e9 de l\u2019Escola Les Savines, i altres escoles, vam anar al teatre municipal de Cervera per veure un teatre sobre el bullying.<\/span><\/span><\/p>\n<p align=\"justify\"><span style=\"font-family: Chilanka\"><span style=\"font-size: large\">Despr\u00e9s d\u2019una classe, vam anar a l\u2019auditori per veure el teatre que organitzava l\u2019Escola Alba, quan vam arribar, ens vam asseure a les cadires que hi havia. El teatre va comen\u00e7ar presentant els personatges. El protagonista era un noi que es posava vermell i llavors uns companys van comen\u00e7ar a riure\u2019s d\u2019ell. Despr\u00e9s, la monitora, a la classe va preguntar que havia passat i qui ho havia vist, per\u00f2 el protagonista no va dir res. Tamb\u00e9 sortia un noi amb una capsa amb emocions que provocava el bullying, abans d\u2019acabar, van posar una can\u00e7\u00f3 feta per ells. Quan es va acabar ens van regalar galetes.<\/span><\/span><\/p>\n<p align=\"justify\"><span style=\"font-family: Chilanka\"><span style=\"font-size: large\">Ens va agradar molt anar a aquest teatre, encara que hi havia gent d\u2019altres escoles que no respectaven els personatges.<\/span><\/span><\/p>\n<p align=\"justify\"><span style=\"font-family: Chilanka\"><span style=\"font-size: large\">Jiayi, Matheo i Sa\u00fal<\/span><\/span><\/p>\n","protected":false},"excerpt":{"rendered":"<p>El dimecres 30 d\u2019abril, l\u2019alumnat de 6\u00e9 i 5\u00e9 de l\u2019Escola Les Savines, i altres escoles, vam anar al teatre municipal de Cervera per veure un teatre sobre el bullying. Despr\u00e9s d\u2019una classe, vam anar a l\u2019auditori per veure el teatre que organitzava l\u2019Escola Alba, quan vam arribar, ens vam asseure a les cadires que [&hellip;]<\/p>\n","protected":false},"author":9,"featured_media":0,"comment_status":"open","ping_status":"closed","sticky":false,"template":"","format":"standard","meta":{"_bbp_topic_count":0,"_bbp_reply_count":0,"_bbp_total_topic_count":0,"_bbp_total_reply_count":0,"_bbp_voice_count":0,"_bbp_anonymous_reply_count":0,"_bbp_topic_count_hidden":0,"_bbp_reply_count_hidden":0,"_bbp_forum_subforum_count":0,"site-sidebar-layout":"default","site-content-layout":"","ast-site-content-layout":"","site-content-style":"default","site-sidebar-style":"default","ast-global-header-display":"","ast-banner-title-visibility":"","ast-main-header-display":"","ast-hfb-above-header-display":"","ast-hfb-below-header-display":"","ast-hfb-mobile-header-display":"","site-post-title":"","ast-breadcrumbs-content":"","ast-featured-img":"","footer-sml-layout":"","theme-transparent-header-meta":"","adv-header-id-meta":"","stick-header-meta":"","header-above-stick-meta":"","header-main-stick-meta":"","header-below-stick-meta":"","astra-migrate-meta-layouts":"default","ast-page-background-enabled":"default","ast-page-background-meta":{"desktop":{"background-color":"var(--ast-global-color-4)","background-image":"","background-repeat":"repeat","background-position":"center center","background-size":"auto","background-attachment":"scroll","background-type":"","background-media":"","overlay-type":"","overlay-color":"","overlay-opacity":"","overlay-gradient":""},"tablet":{"background-color":"","background-image":"","background-repeat":"repeat","background-position":"center center","background-size":"auto","background-attachment":"scroll","background-type":"","background-media":"","overlay-type":"","overlay-color":"","overlay-opacity":"","overlay-gradient":""},"mobile":{"background-color":"","background-image":"","background-repeat":"repeat","background-position":"center center","background-size":"auto","background-attachment":"scroll","background-type":"","background-media":"","overlay-type":"","overlay-color":"","overlay-opacity":"","overlay-gradient":""}},"ast-content-background-meta":{"desktop":{"background-color":"var(--ast-global-color-5)","background-image":"","background-repeat":"repeat","background-position":"center center","background-size":"auto","background-attachment":"scroll","background-type":"","background-media":"","overlay-type":"","overlay-color":"","overlay-opacity":"","overlay-gradient":""},"tablet":{"background-color":"var(--ast-global-color-5)","background-image":"","background-repeat":"repeat","background-position":"center center","background-size":"auto","background-attachment":"scroll","background-type":"","background-media":"","overlay-type":"","overlay-color":"","overlay-opacity":"","overlay-gradient":""},"mobile":{"background-color":"var(--ast-global-color-5)","background-image":"","background-repeat":"repeat","background-position":"center center","background-size":"auto","background-attachment":"scroll","background-type":"","background-media":"","overlay-type":"","overlay-color":"","overlay-opacity":"","overlay-gradient":""}},"footnotes":""},"categories":[141,1],"tags":[],"class_list":["post-9115","post","type-post","status-publish","format-standard","hentry","category-comunitat-de-grans","category-general"],"post_mailing_queue_ids":[],"_links":{"self":[{"href":"https:\/\/agora.xtec.cat\/ceiplessavines\/wp-json\/wp\/v2\/posts\/9115","targetHints":{"allow":["GET"]}}],"collection":[{"href":"https:\/\/agora.xtec.cat\/ceiplessavines\/wp-json\/wp\/v2\/posts"}],"about":[{"href":"https:\/\/agora.xtec.cat\/ceiplessavines\/wp-json\/wp\/v2\/types\/post"}],"author":[{"embeddable":true,"href":"https:\/\/agora.xtec.cat\/ceiplessavines\/wp-json\/wp\/v2\/users\/9"}],"replies":[{"embeddable":true,"href":"https:\/\/agora.xtec.cat\/ceiplessavines\/wp-json\/wp\/v2\/comments?post=9115"}],"version-history":[{"count":1,"href":"https:\/\/agora.xtec.cat\/ceiplessavines\/wp-json\/wp\/v2\/posts\/9115\/revisions"}],"predecessor-version":[{"id":9116,"href":"https:\/\/agora.xtec.cat\/ceiplessavines\/wp-json\/wp\/v2\/posts\/9115\/revisions\/9116"}],"wp:attachment":[{"href":"https:\/\/agora.xtec.cat\/ceiplessavines\/wp-json\/wp\/v2\/media?parent=9115"}],"wp:term":[{"taxonomy":"category","embeddable":true,"href":"https:\/\/agora.xtec.cat\/ceiplessavines\/wp-json\/wp\/v2\/categories?post=9115"},{"taxonomy":"post_tag","embeddable":true,"href":"https:\/\/agora.xtec.cat\/ceiplessavines\/wp-json\/wp\/v2\/tags?post=9115"}],"curies":[{"name":"wp","href":"https:\/\/api.w.org\/{rel}","templated":true}]}}