{"id":9113,"date":"2025-05-27T16:11:02","date_gmt":"2025-05-27T14:11:02","guid":{"rendered":"https:\/\/agora.xtec.cat\/ceiplessavines\/?p=9113"},"modified":"2025-05-27T16:11:02","modified_gmt":"2025-05-27T14:11:02","slug":"proves-diagnostiques-4t","status":"publish","type":"post","link":"https:\/\/agora.xtec.cat\/ceiplessavines\/general\/proves-diagnostiques-4t\/","title":{"rendered":"Proves diagn\u00f2stiques 4t"},"content":{"rendered":"<p><span style=\"font-family: Comic Sans MS, cursive\">Els dies 5,6,7,8,13 i 14 <\/span><span style=\"font-family: Comic Sans MS, cursive\">de maig<\/span><span style=\"font-family: Comic Sans MS, cursive\"> l\u2019alumnat de 4<\/span><sup><span style=\"font-family: Comic Sans MS, cursive\">t<\/span><\/sup><span style=\"font-family: Comic Sans MS, cursive\"> van <\/span><span style=\"font-family: Comic Sans MS, cursive\">realitzar<\/span><span style=\"font-family: Comic Sans MS, cursive\"> les proves diagn\u00f2stique<\/span><span style=\"font-family: Comic Sans MS, cursive\">s. Les proves diagn\u00f2stiques s\u00f3n quaderns amb preguntes de mates, catal\u00e0, castell\u00e0, medi i angl\u00e8s. <\/span><span style=\"font-family: Comic Sans MS, cursive\">Tots els quaderns giraven al voltant dels ocells.<\/span><\/p>\n<p><span style=\"font-family: Comic Sans MS, cursive\">C<\/span><span style=\"font-family: Comic Sans MS, cursive\">ada dia al mat<\/span><span style=\"font-family: Comic Sans MS, cursive\">\u00ed <\/span><span style=\"font-family: Comic Sans MS, cursive\">f\u00e8iem un quadern <\/span><span style=\"font-family: Comic Sans MS, cursive\">i com a <\/span><span style=\"font-family: Comic Sans MS, cursive\">m<\/span><span style=\"font-family: Comic Sans MS, cursive\">\u00e0<\/span><span style=\"font-family: Comic Sans MS, cursive\">xim ten\u00edem 2h per <\/span><span style=\"font-family: Comic Sans MS, cursive\">acabar-lo<\/span><span style=\"font-family: Comic Sans MS, cursive\">. Aquest any a difer<\/span><span style=\"font-family: Comic Sans MS, cursive\">\u00e8n<\/span><span style=\"font-family: Comic Sans MS, cursive\">cia dels altres, els quaderns tenien preguntes <\/span><span style=\"font-family: Comic Sans MS, cursive\">de catal\u00e0,<\/span><span style=\"font-family: Comic Sans MS, cursive\"> de matem<\/span><span style=\"font-family: Comic Sans MS, cursive\">\u00e0<\/span><span style=\"font-family: Comic Sans MS, cursive\">tiques, de castell\u00e0 <\/span><span style=\"font-family: Comic Sans MS, cursive\">i de medi barrejades. E<\/span><span style=\"font-family: Comic Sans MS, cursive\">l d\u2019angl<\/span><span style=\"font-family: Comic Sans MS, cursive\">\u00e8<\/span><span style=\"font-family: Comic Sans MS, cursive\">s era l&#8217;\u00fanic que <\/span><span style=\"font-family: Comic Sans MS, cursive\">no tenia altres <\/span><span style=\"font-family: Comic Sans MS, cursive\">\u00e0<\/span><span style=\"font-family: Comic Sans MS, cursive\">rees. Les proves es van fer per veure el rendiment en comprensi\u00f3 lectora, comprensi\u00f3 oral <\/span><span style=\"font-family: Comic Sans MS, cursive\">de <\/span><span style=\"font-family: Comic Sans MS, cursive\"> castell<\/span><span style=\"font-family: Comic Sans MS, cursive\">\u00e0 i c<\/span><span style=\"font-family: Comic Sans MS, cursive\">atal\u00e0, <\/span><span style=\"font-family: Comic Sans MS, cursive\">i tamb\u00e9 per veure el nivell en mates, medi i angl\u00e8s. <\/span><\/p>\n<p><span style=\"font-family: Comic Sans MS, cursive\">Finalment, <\/span><span style=\"font-family: Comic Sans MS, cursive\">comentar que els alumnes de 4<\/span><sup><span style=\"font-family: Comic Sans MS, cursive\">t<\/span><\/sup><span style=\"font-family: Comic Sans MS, cursive\"> van <\/span><span style=\"font-family: Comic Sans MS, cursive\">estar molt nerviosos <\/span><span style=\"font-family: Comic Sans MS, cursive\">i algunes de les proves els h van semblar m\u00e9s dif\u00edcils que altres. <\/span><\/p>\n<p><span style=\"font-family: Comic Sans MS, cursive\">Malamin i Marc Roig<\/span><\/p>\n","protected":false},"excerpt":{"rendered":"<p>Els dies 5,6,7,8,13 i 14 de maig l\u2019alumnat de 4t van realitzar les proves diagn\u00f2stiques. Les proves diagn\u00f2stiques s\u00f3n quaderns amb preguntes de mates, catal\u00e0, castell\u00e0, medi i angl\u00e8s. Tots els quaderns giraven al voltant dels ocells. Cada dia al mat\u00ed f\u00e8iem un quadern i com a m\u00e0xim ten\u00edem 2h per acabar-lo. Aquest any a [&hellip;]<\/p>\n","protected":false},"author":9,"featured_media":0,"comment_status":"open","ping_status":"closed","sticky":false,"template":"","format":"standard","meta":{"_bbp_topic_count":0,"_bbp_reply_count":0,"_bbp_total_topic_count":0,"_bbp_total_reply_count":0,"_bbp_voice_count":0,"_bbp_anonymous_reply_count":0,"_bbp_topic_count_hidden":0,"_bbp_reply_count_hidden":0,"_bbp_forum_subforum_count":0,"site-sidebar-layout":"default","site-content-layout":"","ast-site-content-layout":"","site-content-style":"default","site-sidebar-style":"default","ast-global-header-display":"","ast-banner-title-visibility":"","ast-main-header-display":"","ast-hfb-above-header-display":"","ast-hfb-below-header-display":"","ast-hfb-mobile-header-display":"","site-post-title":"","ast-breadcrumbs-content":"","ast-featured-img":"","footer-sml-layout":"","theme-transparent-header-meta":"","adv-header-id-meta":"","stick-header-meta":"","header-above-stick-meta":"","header-main-stick-meta":"","header-below-stick-meta":"","astra-migrate-meta-layouts":"default","ast-page-background-enabled":"default","ast-page-background-meta":{"desktop":{"background-color":"var(--ast-global-color-4)","background-image":"","background-repeat":"repeat","background-position":"center center","background-size":"auto","background-attachment":"scroll","background-type":"","background-media":"","overlay-type":"","overlay-color":"","overlay-opacity":"","overlay-gradient":""},"tablet":{"background-color":"","background-image":"","background-repeat":"repeat","background-position":"center center","background-size":"auto","background-attachment":"scroll","background-type":"","background-media":"","overlay-type":"","overlay-color":"","overlay-opacity":"","overlay-gradient":""},"mobile":{"background-color":"","background-image":"","background-repeat":"repeat","background-position":"center center","background-size":"auto","background-attachment":"scroll","background-type":"","background-media":"","overlay-type":"","overlay-color":"","overlay-opacity":"","overlay-gradient":""}},"ast-content-background-meta":{"desktop":{"background-color":"var(--ast-global-color-5)","background-image":"","background-repeat":"repeat","background-position":"center center","background-size":"auto","background-attachment":"scroll","background-type":"","background-media":"","overlay-type":"","overlay-color":"","overlay-opacity":"","overlay-gradient":""},"tablet":{"background-color":"var(--ast-global-color-5)","background-image":"","background-repeat":"repeat","background-position":"center center","background-size":"auto","background-attachment":"scroll","background-type":"","background-media":"","overlay-type":"","overlay-color":"","overlay-opacity":"","overlay-gradient":""},"mobile":{"background-color":"var(--ast-global-color-5)","background-image":"","background-repeat":"repeat","background-position":"center center","background-size":"auto","background-attachment":"scroll","background-type":"","background-media":"","overlay-type":"","overlay-color":"","overlay-opacity":"","overlay-gradient":""}},"footnotes":""},"categories":[141,1],"tags":[],"class_list":["post-9113","post","type-post","status-publish","format-standard","hentry","category-comunitat-de-grans","category-general"],"post_mailing_queue_ids":[],"_links":{"self":[{"href":"https:\/\/agora.xtec.cat\/ceiplessavines\/wp-json\/wp\/v2\/posts\/9113","targetHints":{"allow":["GET"]}}],"collection":[{"href":"https:\/\/agora.xtec.cat\/ceiplessavines\/wp-json\/wp\/v2\/posts"}],"about":[{"href":"https:\/\/agora.xtec.cat\/ceiplessavines\/wp-json\/wp\/v2\/types\/post"}],"author":[{"embeddable":true,"href":"https:\/\/agora.xtec.cat\/ceiplessavines\/wp-json\/wp\/v2\/users\/9"}],"replies":[{"embeddable":true,"href":"https:\/\/agora.xtec.cat\/ceiplessavines\/wp-json\/wp\/v2\/comments?post=9113"}],"version-history":[{"count":1,"href":"https:\/\/agora.xtec.cat\/ceiplessavines\/wp-json\/wp\/v2\/posts\/9113\/revisions"}],"predecessor-version":[{"id":9114,"href":"https:\/\/agora.xtec.cat\/ceiplessavines\/wp-json\/wp\/v2\/posts\/9113\/revisions\/9114"}],"wp:attachment":[{"href":"https:\/\/agora.xtec.cat\/ceiplessavines\/wp-json\/wp\/v2\/media?parent=9113"}],"wp:term":[{"taxonomy":"category","embeddable":true,"href":"https:\/\/agora.xtec.cat\/ceiplessavines\/wp-json\/wp\/v2\/categories?post=9113"},{"taxonomy":"post_tag","embeddable":true,"href":"https:\/\/agora.xtec.cat\/ceiplessavines\/wp-json\/wp\/v2\/tags?post=9113"}],"curies":[{"name":"wp","href":"https:\/\/api.w.org\/{rel}","templated":true}]}}