{"id":9109,"date":"2025-05-20T15:46:25","date_gmt":"2025-05-20T13:46:25","guid":{"rendered":"https:\/\/agora.xtec.cat\/ceiplessavines\/?p=9109"},"modified":"2025-05-20T15:46:25","modified_gmt":"2025-05-20T13:46:25","slug":"sant-jordi-3","status":"publish","type":"post","link":"https:\/\/agora.xtec.cat\/ceiplessavines\/general\/sant-jordi-3\/","title":{"rendered":"SANT JORDI"},"content":{"rendered":"<p align=\"justify\"><span style=\"font-size: medium\">Durant el mes d\u2019abril vam celebrar la diada de Sant Jordi. Hi van participar tots els cursos de l\u2019escola. Cada curs va treballar una tipologia textual a partir del tema \u00abLa vida al nostre Univers\u00bb. La comunitat de petits van treballar rodolins a partir dels fen\u00f2mens meteorol\u00f2gics: I3 van treballar la pluja, el sol i la lluna, I4 van fer la neu, el gel i el vent i I5 l\u2019arc de Sant Mart\u00ed, els llamps i els trons i la boira. 1r van fer unes gotes d\u2019aigua que tenien endevinalles, 2n van fer endevinalles de la Terra, 3r van fer cal\u00b7ligrames sobre el vent i el foc, 4t van fer contes de la Lluna, 5\u00e8 van fer descripcions de planetes i 6\u00e8 van fer poemes de les constel\u00b7lacions. Entre tots vam fer una gran exposici\u00f3, que tothom va poder entrar a visitar. <\/span><\/p>\n<p align=\"justify\"><span style=\"font-size: medium\">Gr\u00e0cies a aix\u00f2 vam aprendre coses dels planetes, rodolins, contes, poemes, rimes, endevinalles i cal\u00b7ligrames. Va ser molt interessant i vam treballar a art\u00edstica i llengua a teixit d\u2019aula. <\/span><\/p>\n<p align=\"justify\"><span style=\"font-size: medium\">El dia 22 d\u2019abril vam baixar al gimn\u00e0s per veure la representaci\u00f3 teatral dels alumnes del taller de teatre i la can\u00e7\u00f3 d\u2019I5. <\/span><\/p>\n<p align=\"justify\"><span style=\"font-size: medium\">El dia 23 d\u2019abril vam llegir contes i llibres entre cursos i vam llegir les produccions liter\u00e0ries davant de tota l\u2019escola. Va ser un dia molt divertit i bonic.<\/span><\/p>\n<p align=\"justify\">Nil Benet, Moulaye i Matheo<\/p>\n","protected":false},"excerpt":{"rendered":"<p>Durant el mes d\u2019abril vam celebrar la diada de Sant Jordi. Hi van participar tots els cursos de l\u2019escola. Cada curs va treballar una tipologia textual a partir del tema \u00abLa vida al nostre Univers\u00bb. La comunitat de petits van treballar rodolins a partir dels fen\u00f2mens meteorol\u00f2gics: I3 van treballar la pluja, el sol i [&hellip;]<\/p>\n","protected":false},"author":9,"featured_media":0,"comment_status":"open","ping_status":"closed","sticky":false,"template":"","format":"standard","meta":{"_bbp_topic_count":0,"_bbp_reply_count":0,"_bbp_total_topic_count":0,"_bbp_total_reply_count":0,"_bbp_voice_count":0,"_bbp_anonymous_reply_count":0,"_bbp_topic_count_hidden":0,"_bbp_reply_count_hidden":0,"_bbp_forum_subforum_count":0,"site-sidebar-layout":"default","site-content-layout":"","ast-site-content-layout":"","site-content-style":"default","site-sidebar-style":"default","ast-global-header-display":"","ast-banner-title-visibility":"","ast-main-header-display":"","ast-hfb-above-header-display":"","ast-hfb-below-header-display":"","ast-hfb-mobile-header-display":"","site-post-title":"","ast-breadcrumbs-content":"","ast-featured-img":"","footer-sml-layout":"","theme-transparent-header-meta":"","adv-header-id-meta":"","stick-header-meta":"","header-above-stick-meta":"","header-main-stick-meta":"","header-below-stick-meta":"","astra-migrate-meta-layouts":"default","ast-page-background-enabled":"default","ast-page-background-meta":{"desktop":{"background-color":"var(--ast-global-color-4)","background-image":"","background-repeat":"repeat","background-position":"center center","background-size":"auto","background-attachment":"scroll","background-type":"","background-media":"","overlay-type":"","overlay-color":"","overlay-opacity":"","overlay-gradient":""},"tablet":{"background-color":"","background-image":"","background-repeat":"repeat","background-position":"center center","background-size":"auto","background-attachment":"scroll","background-type":"","background-media":"","overlay-type":"","overlay-color":"","overlay-opacity":"","overlay-gradient":""},"mobile":{"background-color":"","background-image":"","background-repeat":"repeat","background-position":"center center","background-size":"auto","background-attachment":"scroll","background-type":"","background-media":"","overlay-type":"","overlay-color":"","overlay-opacity":"","overlay-gradient":""}},"ast-content-background-meta":{"desktop":{"background-color":"var(--ast-global-color-5)","background-image":"","background-repeat":"repeat","background-position":"center center","background-size":"auto","background-attachment":"scroll","background-type":"","background-media":"","overlay-type":"","overlay-color":"","overlay-opacity":"","overlay-gradient":""},"tablet":{"background-color":"var(--ast-global-color-5)","background-image":"","background-repeat":"repeat","background-position":"center center","background-size":"auto","background-attachment":"scroll","background-type":"","background-media":"","overlay-type":"","overlay-color":"","overlay-opacity":"","overlay-gradient":""},"mobile":{"background-color":"var(--ast-global-color-5)","background-image":"","background-repeat":"repeat","background-position":"center center","background-size":"auto","background-attachment":"scroll","background-type":"","background-media":"","overlay-type":"","overlay-color":"","overlay-opacity":"","overlay-gradient":""}},"footnotes":""},"categories":[74,141,140,21,1,7],"tags":[],"class_list":["post-9109","post","type-post","status-publish","format-standard","hentry","category-biblioteca","category-comunitat-de-grans","category-infantil-2","category-infantil","category-general","category-projectes-descola"],"post_mailing_queue_ids":[],"_links":{"self":[{"href":"https:\/\/agora.xtec.cat\/ceiplessavines\/wp-json\/wp\/v2\/posts\/9109","targetHints":{"allow":["GET"]}}],"collection":[{"href":"https:\/\/agora.xtec.cat\/ceiplessavines\/wp-json\/wp\/v2\/posts"}],"about":[{"href":"https:\/\/agora.xtec.cat\/ceiplessavines\/wp-json\/wp\/v2\/types\/post"}],"author":[{"embeddable":true,"href":"https:\/\/agora.xtec.cat\/ceiplessavines\/wp-json\/wp\/v2\/users\/9"}],"replies":[{"embeddable":true,"href":"https:\/\/agora.xtec.cat\/ceiplessavines\/wp-json\/wp\/v2\/comments?post=9109"}],"version-history":[{"count":1,"href":"https:\/\/agora.xtec.cat\/ceiplessavines\/wp-json\/wp\/v2\/posts\/9109\/revisions"}],"predecessor-version":[{"id":9110,"href":"https:\/\/agora.xtec.cat\/ceiplessavines\/wp-json\/wp\/v2\/posts\/9109\/revisions\/9110"}],"wp:attachment":[{"href":"https:\/\/agora.xtec.cat\/ceiplessavines\/wp-json\/wp\/v2\/media?parent=9109"}],"wp:term":[{"taxonomy":"category","embeddable":true,"href":"https:\/\/agora.xtec.cat\/ceiplessavines\/wp-json\/wp\/v2\/categories?post=9109"},{"taxonomy":"post_tag","embeddable":true,"href":"https:\/\/agora.xtec.cat\/ceiplessavines\/wp-json\/wp\/v2\/tags?post=9109"}],"curies":[{"name":"wp","href":"https:\/\/api.w.org\/{rel}","templated":true}]}}