{"id":9105,"date":"2025-05-20T15:39:12","date_gmt":"2025-05-20T13:39:12","guid":{"rendered":"https:\/\/agora.xtec.cat\/ceiplessavines\/?p=9105"},"modified":"2025-05-20T15:39:12","modified_gmt":"2025-05-20T13:39:12","slug":"concert-de-pasqua","status":"publish","type":"post","link":"https:\/\/agora.xtec.cat\/ceiplessavines\/general\/concert-de-pasqua\/","title":{"rendered":"CONCERT DE PASQUA"},"content":{"rendered":"<p align=\"justify\"><span style=\"font-family: Chilanka\"><span style=\"font-size: large\">El dia 10 d\u2019abril, tots els alumnes de l\u2019escola, menys infantil, vam anar a gaudir del concert de pasqua. Tamb\u00e9 hi havien altres escoles de Cervera com l\u2019escola Jaume Balmes i l\u2019escola Moss\u00e8n Josep Arques, i tamb\u00e9 altres dels voltants. El concert es va fer al gran teatre de la passi\u00f3.<\/span><\/span><\/p>\n<p align=\"justify\"><span style=\"font-family: Chilanka\"><span style=\"font-size: large\">A l\u2019escenari hi havien 3 persones tocant instruments de corda. Exactament, eren 1 home i 2 dones, l\u2019home portava 1 viol\u00ed, una dona portava 1 contrabaix i l\u2019altra un violoncel. Tocaven can\u00e7ons molt conegudes. L\u2019home va explicar la seva hist\u00f2ria amb la m\u00fasica. En algunes can\u00e7ons van fer que el p\u00fablic fes moviments per seguir la m\u00fasica que tocaven. El concert va durar 1h. Vam anar a veure el concert per celebrar la pasqua.<\/span><\/span><\/p>\n<p align=\"justify\"><span style=\"font-family: Chilanka\"><span style=\"font-size: large\">El concert va ser molt divertit, encara que hi va haver gent a qui no li va agradar, perqu\u00e8 no coneixien les can\u00e7ons. Tot i aix\u00ed, a la majoria els va agradar l\u2019experi\u00e8ncia. <\/span><\/span><\/p>\n<p align=\"justify\"><span style=\"font-family: Chilanka\"><span style=\"font-size: large\">Jiayi, Malamin i Loudres.<\/span><\/span><\/p>\n","protected":false},"excerpt":{"rendered":"<p>El dia 10 d\u2019abril, tots els alumnes de l\u2019escola, menys infantil, vam anar a gaudir del concert de pasqua. Tamb\u00e9 hi havien altres escoles de Cervera com l\u2019escola Jaume Balmes i l\u2019escola Moss\u00e8n Josep Arques, i tamb\u00e9 altres dels voltants. El concert es va fer al gran teatre de la passi\u00f3. A l\u2019escenari hi havien [&hellip;]<\/p>\n","protected":false},"author":9,"featured_media":0,"comment_status":"open","ping_status":"closed","sticky":false,"template":"","format":"standard","meta":{"_bbp_topic_count":0,"_bbp_reply_count":0,"_bbp_total_topic_count":0,"_bbp_total_reply_count":0,"_bbp_voice_count":0,"_bbp_anonymous_reply_count":0,"_bbp_topic_count_hidden":0,"_bbp_reply_count_hidden":0,"_bbp_forum_subforum_count":0,"site-sidebar-layout":"default","site-content-layout":"","ast-site-content-layout":"","site-content-style":"default","site-sidebar-style":"default","ast-global-header-display":"","ast-banner-title-visibility":"","ast-main-header-display":"","ast-hfb-above-header-display":"","ast-hfb-below-header-display":"","ast-hfb-mobile-header-display":"","site-post-title":"","ast-breadcrumbs-content":"","ast-featured-img":"","footer-sml-layout":"","theme-transparent-header-meta":"","adv-header-id-meta":"","stick-header-meta":"","header-above-stick-meta":"","header-main-stick-meta":"","header-below-stick-meta":"","astra-migrate-meta-layouts":"default","ast-page-background-enabled":"default","ast-page-background-meta":{"desktop":{"background-color":"var(--ast-global-color-4)","background-image":"","background-repeat":"repeat","background-position":"center center","background-size":"auto","background-attachment":"scroll","background-type":"","background-media":"","overlay-type":"","overlay-color":"","overlay-opacity":"","overlay-gradient":""},"tablet":{"background-color":"","background-image":"","background-repeat":"repeat","background-position":"center center","background-size":"auto","background-attachment":"scroll","background-type":"","background-media":"","overlay-type":"","overlay-color":"","overlay-opacity":"","overlay-gradient":""},"mobile":{"background-color":"","background-image":"","background-repeat":"repeat","background-position":"center center","background-size":"auto","background-attachment":"scroll","background-type":"","background-media":"","overlay-type":"","overlay-color":"","overlay-opacity":"","overlay-gradient":""}},"ast-content-background-meta":{"desktop":{"background-color":"var(--ast-global-color-5)","background-image":"","background-repeat":"repeat","background-position":"center center","background-size":"auto","background-attachment":"scroll","background-type":"","background-media":"","overlay-type":"","overlay-color":"","overlay-opacity":"","overlay-gradient":""},"tablet":{"background-color":"var(--ast-global-color-5)","background-image":"","background-repeat":"repeat","background-position":"center center","background-size":"auto","background-attachment":"scroll","background-type":"","background-media":"","overlay-type":"","overlay-color":"","overlay-opacity":"","overlay-gradient":""},"mobile":{"background-color":"var(--ast-global-color-5)","background-image":"","background-repeat":"repeat","background-position":"center center","background-size":"auto","background-attachment":"scroll","background-type":"","background-media":"","overlay-type":"","overlay-color":"","overlay-opacity":"","overlay-gradient":""}},"footnotes":""},"categories":[141,140,1],"tags":[],"class_list":["post-9105","post","type-post","status-publish","format-standard","hentry","category-comunitat-de-grans","category-infantil-2","category-general"],"post_mailing_queue_ids":[],"_links":{"self":[{"href":"https:\/\/agora.xtec.cat\/ceiplessavines\/wp-json\/wp\/v2\/posts\/9105","targetHints":{"allow":["GET"]}}],"collection":[{"href":"https:\/\/agora.xtec.cat\/ceiplessavines\/wp-json\/wp\/v2\/posts"}],"about":[{"href":"https:\/\/agora.xtec.cat\/ceiplessavines\/wp-json\/wp\/v2\/types\/post"}],"author":[{"embeddable":true,"href":"https:\/\/agora.xtec.cat\/ceiplessavines\/wp-json\/wp\/v2\/users\/9"}],"replies":[{"embeddable":true,"href":"https:\/\/agora.xtec.cat\/ceiplessavines\/wp-json\/wp\/v2\/comments?post=9105"}],"version-history":[{"count":1,"href":"https:\/\/agora.xtec.cat\/ceiplessavines\/wp-json\/wp\/v2\/posts\/9105\/revisions"}],"predecessor-version":[{"id":9106,"href":"https:\/\/agora.xtec.cat\/ceiplessavines\/wp-json\/wp\/v2\/posts\/9105\/revisions\/9106"}],"wp:attachment":[{"href":"https:\/\/agora.xtec.cat\/ceiplessavines\/wp-json\/wp\/v2\/media?parent=9105"}],"wp:term":[{"taxonomy":"category","embeddable":true,"href":"https:\/\/agora.xtec.cat\/ceiplessavines\/wp-json\/wp\/v2\/categories?post=9105"},{"taxonomy":"post_tag","embeddable":true,"href":"https:\/\/agora.xtec.cat\/ceiplessavines\/wp-json\/wp\/v2\/tags?post=9105"}],"curies":[{"name":"wp","href":"https:\/\/api.w.org\/{rel}","templated":true}]}}