{"id":9079,"date":"2025-05-13T16:20:28","date_gmt":"2025-05-13T14:20:28","guid":{"rendered":"https:\/\/agora.xtec.cat\/ceiplessavines\/?p=9079"},"modified":"2025-05-13T16:21:00","modified_gmt":"2025-05-13T14:21:00","slug":"caminada-de-la-primavera","status":"publish","type":"post","link":"https:\/\/agora.xtec.cat\/ceiplessavines\/general\/caminada-de-la-primavera\/","title":{"rendered":"CAMINADA DE LA PRIMAVERA"},"content":{"rendered":"<p lang=\"ca-ES\" align=\"justify\"><span style=\"font-family: Abyssinica SIL\"><span style=\"font-size: large\">El dia 11 d\u2019abril de 2025 els nens i nenes de 4t, 5\u00e8 i 6\u00e8 van fer una caminada pels camins de la Segarra. El recorregut va ser d\u2019entre 8 i 10 km. L\u2019excursi\u00f3 va ser molt divertida i entretinguda, per\u00f2 una mica llarga. <\/span><\/span><\/p>\n<p lang=\"ca-ES\" align=\"justify\"><span style=\"font-family: Abyssinica SIL\"><span style=\"font-size: large\">Vam parar a esmorzar a la\u00a0<\/span><\/span><img loading=\"lazy\" decoding=\"async\" class=\" wp-image-9080 alignleft\" style=\"font-family: 'Abyssinica SIL';font-size: large;text-align: justify\" src=\"https:\/\/agora.xtec.cat\/ceiplessavines\/wp-content\/uploads\/usu230\/2025\/05\/IMG_3903-225x300.jpeg\" alt=\"\" width=\"154\" height=\"206\" srcset=\"https:\/\/agora.xtec.cat\/ceiplessavines\/wp-content\/uploads\/usu230\/2025\/05\/IMG_3903-225x300.jpeg 225w, https:\/\/agora.xtec.cat\/ceiplessavines\/wp-content\/uploads\/usu230\/2025\/05\/IMG_3903-768x1024.jpeg 768w, https:\/\/agora.xtec.cat\/ceiplessavines\/wp-content\/uploads\/usu230\/2025\/05\/IMG_3903-1153x1536.jpeg 1153w, https:\/\/agora.xtec.cat\/ceiplessavines\/wp-content\/uploads\/usu230\/2025\/05\/IMG_3903-1537x2048.jpeg 1537w, https:\/\/agora.xtec.cat\/ceiplessavines\/wp-content\/uploads\/usu230\/2025\/05\/IMG_3903-scaled.jpeg 1921w\" sizes=\"auto, (max-width: 154px) 100vw, 154px\" \/><span style=\"font-family: 'Abyssinica SIL';font-size: large\">Cardosa i vam dinar a la capelleta de Sant Mag\u00ed. Despr\u00e9s de la caminada vam menjar ous de Pasqua. Aquesta caminada es va fer per connectar amb la natura i moure molt les cames. A m\u00e9s, vam celebrar l\u2019arribada de les vacances.<\/span><\/p>\n<p lang=\"ca-ES\" align=\"justify\"><span style=\"font-family: Abyssinica SIL\"><span style=\"font-size: large\">L\u2019opini\u00f3 dels alumnes va ser que caminar tant va ser molt cansat, per\u00f2 els va agradar anar\u00a0 <\/span><\/span><span style=\"font-family: Abyssinica SIL\"><span style=\"font-size: large\">lliurement pels camins. \u00a0<\/span><\/span><img loading=\"lazy\" decoding=\"async\" class=\"wp-image-9083 aligncenter\" style=\"font-family: 'Abyssinica SIL';font-size: large;text-align: justify\" src=\"https:\/\/agora.xtec.cat\/ceiplessavines\/wp-content\/uploads\/usu230\/2025\/05\/3cb33e48-1a92-4841-8243-8ec512cc4042-300x225.jpg\" alt=\"\" width=\"227\" height=\"170\" srcset=\"https:\/\/agora.xtec.cat\/ceiplessavines\/wp-content\/uploads\/usu230\/2025\/05\/3cb33e48-1a92-4841-8243-8ec512cc4042-300x225.jpg 300w, https:\/\/agora.xtec.cat\/ceiplessavines\/wp-content\/uploads\/usu230\/2025\/05\/3cb33e48-1a92-4841-8243-8ec512cc4042-1024x768.jpg 1024w, https:\/\/agora.xtec.cat\/ceiplessavines\/wp-content\/uploads\/usu230\/2025\/05\/3cb33e48-1a92-4841-8243-8ec512cc4042-768x576.jpg 768w, https:\/\/agora.xtec.cat\/ceiplessavines\/wp-content\/uploads\/usu230\/2025\/05\/3cb33e48-1a92-4841-8243-8ec512cc4042-1536x1152.jpg 1536w, https:\/\/agora.xtec.cat\/ceiplessavines\/wp-content\/uploads\/usu230\/2025\/05\/3cb33e48-1a92-4841-8243-8ec512cc4042-200x150.jpg 200w, https:\/\/agora.xtec.cat\/ceiplessavines\/wp-content\/uploads\/usu230\/2025\/05\/3cb33e48-1a92-4841-8243-8ec512cc4042.jpg 2048w\" sizes=\"auto, (max-width: 227px) 100vw, 227px\" \/><span style=\"font-family: Abyssinica SIL\"><span style=\"font-size: large\"><img loading=\"lazy\" decoding=\"async\" class=\"size-medium wp-image-9084 aligncenter\" src=\"https:\/\/agora.xtec.cat\/ceiplessavines\/wp-content\/uploads\/usu230\/2025\/05\/6889a437-1e55-4c43-b64f-92d738808b9f-225x300.jpg\" alt=\"\" width=\"225\" height=\"300\" srcset=\"https:\/\/agora.xtec.cat\/ceiplessavines\/wp-content\/uploads\/usu230\/2025\/05\/6889a437-1e55-4c43-b64f-92d738808b9f-225x300.jpg 225w, https:\/\/agora.xtec.cat\/ceiplessavines\/wp-content\/uploads\/usu230\/2025\/05\/6889a437-1e55-4c43-b64f-92d738808b9f-768x1024.jpg 768w, https:\/\/agora.xtec.cat\/ceiplessavines\/wp-content\/uploads\/usu230\/2025\/05\/6889a437-1e55-4c43-b64f-92d738808b9f-1152x1536.jpg 1152w, https:\/\/agora.xtec.cat\/ceiplessavines\/wp-content\/uploads\/usu230\/2025\/05\/6889a437-1e55-4c43-b64f-92d738808b9f.jpg 1200w\" sizes=\"auto, (max-width: 225px) 100vw, 225px\" \/>Tamb\u00e9 va estar molt b\u00e9 menjar ous de Pasqua i tamb\u00e9 ens va agradar jugar al camp i a l\u2019Skate Park. Per acabar, comentar que ens agradaria tornar a fer aquesta caminada l\u2019any que ve.<\/span><\/span><\/p>\n<p lang=\"ca-ES\" align=\"justify\"><img loading=\"lazy\" decoding=\"async\" class=\"wp-image-9081 aligncenter\" style=\"font-family: 'Abyssinica SIL';font-size: large\" src=\"https:\/\/agora.xtec.cat\/ceiplessavines\/wp-content\/uploads\/usu230\/2025\/05\/PHOTO-2025-05-13-16-06-08-300x225.jpeg\" alt=\"\" width=\"220\" height=\"165\" srcset=\"https:\/\/agora.xtec.cat\/ceiplessavines\/wp-content\/uploads\/usu230\/2025\/05\/PHOTO-2025-05-13-16-06-08-300x225.jpeg 300w, https:\/\/agora.xtec.cat\/ceiplessavines\/wp-content\/uploads\/usu230\/2025\/05\/PHOTO-2025-05-13-16-06-08-1024x768.jpeg 1024w, https:\/\/agora.xtec.cat\/ceiplessavines\/wp-content\/uploads\/usu230\/2025\/05\/PHOTO-2025-05-13-16-06-08-768x576.jpeg 768w, https:\/\/agora.xtec.cat\/ceiplessavines\/wp-content\/uploads\/usu230\/2025\/05\/PHOTO-2025-05-13-16-06-08-1536x1152.jpeg 1536w, https:\/\/agora.xtec.cat\/ceiplessavines\/wp-content\/uploads\/usu230\/2025\/05\/PHOTO-2025-05-13-16-06-08-200x150.jpeg 200w, https:\/\/agora.xtec.cat\/ceiplessavines\/wp-content\/uploads\/usu230\/2025\/05\/PHOTO-2025-05-13-16-06-08.jpeg 1600w\" sizes=\"auto, (max-width: 220px) 100vw, 220px\" \/><\/p>\n<p lang=\"ca-ES\" align=\"justify\"><img loading=\"lazy\" decoding=\"async\" class=\"wp-image-9082 aligncenter\" style=\"font-family: 'Abyssinica SIL';font-size: large\" src=\"https:\/\/agora.xtec.cat\/ceiplessavines\/wp-content\/uploads\/usu230\/2025\/05\/26bd1c25-ca84-4bea-8e7f-5f252985a671-225x300.jpg\" alt=\"\" width=\"158\" height=\"211\" srcset=\"https:\/\/agora.xtec.cat\/ceiplessavines\/wp-content\/uploads\/usu230\/2025\/05\/26bd1c25-ca84-4bea-8e7f-5f252985a671-225x300.jpg 225w, https:\/\/agora.xtec.cat\/ceiplessavines\/wp-content\/uploads\/usu230\/2025\/05\/26bd1c25-ca84-4bea-8e7f-5f252985a671-768x1024.jpg 768w, https:\/\/agora.xtec.cat\/ceiplessavines\/wp-content\/uploads\/usu230\/2025\/05\/26bd1c25-ca84-4bea-8e7f-5f252985a671-1152x1536.jpg 1152w, https:\/\/agora.xtec.cat\/ceiplessavines\/wp-content\/uploads\/usu230\/2025\/05\/26bd1c25-ca84-4bea-8e7f-5f252985a671.jpg 1200w\" sizes=\"auto, (max-width: 158px) 100vw, 158px\" \/><\/p>\n<p>&nbsp;<\/p>\n<p lang=\"ca-ES\" align=\"justify\"><span style=\"font-size: large\">Marc Roig, Fathou i Dani Vall\u00e9s<\/span><\/p>\n<p lang=\"ca-ES\" align=\"justify\">\n","protected":false},"excerpt":{"rendered":"<p>El dia 11 d\u2019abril de 2025 els nens i nenes de 4t, 5\u00e8 i 6\u00e8 van fer una caminada pels camins de la Segarra. El recorregut va ser d\u2019entre 8 i 10 km. L\u2019excursi\u00f3 va ser molt divertida i entretinguda, per\u00f2 una mica llarga. Vam parar a esmorzar a la\u00a0Cardosa i vam dinar a la [&hellip;]<\/p>\n","protected":false},"author":9,"featured_media":0,"comment_status":"open","ping_status":"closed","sticky":false,"template":"","format":"standard","meta":{"_bbp_topic_count":0,"_bbp_reply_count":0,"_bbp_total_topic_count":0,"_bbp_total_reply_count":0,"_bbp_voice_count":0,"_bbp_anonymous_reply_count":0,"_bbp_topic_count_hidden":0,"_bbp_reply_count_hidden":0,"_bbp_forum_subforum_count":0,"site-sidebar-layout":"default","site-content-layout":"","ast-site-content-layout":"","site-content-style":"default","site-sidebar-style":"default","ast-global-header-display":"","ast-banner-title-visibility":"","ast-main-header-display":"","ast-hfb-above-header-display":"","ast-hfb-below-header-display":"","ast-hfb-mobile-header-display":"","site-post-title":"","ast-breadcrumbs-content":"","ast-featured-img":"","footer-sml-layout":"","theme-transparent-header-meta":"","adv-header-id-meta":"","stick-header-meta":"","header-above-stick-meta":"","header-main-stick-meta":"","header-below-stick-meta":"","astra-migrate-meta-layouts":"default","ast-page-background-enabled":"default","ast-page-background-meta":{"desktop":{"background-color":"var(--ast-global-color-4)","background-image":"","background-repeat":"repeat","background-position":"center center","background-size":"auto","background-attachment":"scroll","background-type":"","background-media":"","overlay-type":"","overlay-color":"","overlay-opacity":"","overlay-gradient":""},"tablet":{"background-color":"","background-image":"","background-repeat":"repeat","background-position":"center center","background-size":"auto","background-attachment":"scroll","background-type":"","background-media":"","overlay-type":"","overlay-color":"","overlay-opacity":"","overlay-gradient":""},"mobile":{"background-color":"","background-image":"","background-repeat":"repeat","background-position":"center center","background-size":"auto","background-attachment":"scroll","background-type":"","background-media":"","overlay-type":"","overlay-color":"","overlay-opacity":"","overlay-gradient":""}},"ast-content-background-meta":{"desktop":{"background-color":"var(--ast-global-color-5)","background-image":"","background-repeat":"repeat","background-position":"center center","background-size":"auto","background-attachment":"scroll","background-type":"","background-media":"","overlay-type":"","overlay-color":"","overlay-opacity":"","overlay-gradient":""},"tablet":{"background-color":"var(--ast-global-color-5)","background-image":"","background-repeat":"repeat","background-position":"center center","background-size":"auto","background-attachment":"scroll","background-type":"","background-media":"","overlay-type":"","overlay-color":"","overlay-opacity":"","overlay-gradient":""},"mobile":{"background-color":"var(--ast-global-color-5)","background-image":"","background-repeat":"repeat","background-position":"center center","background-size":"auto","background-attachment":"scroll","background-type":"","background-media":"","overlay-type":"","overlay-color":"","overlay-opacity":"","overlay-gradient":""}},"footnotes":""},"categories":[141,1],"tags":[],"class_list":["post-9079","post","type-post","status-publish","format-standard","hentry","category-comunitat-de-grans","category-general"],"post_mailing_queue_ids":[],"_links":{"self":[{"href":"https:\/\/agora.xtec.cat\/ceiplessavines\/wp-json\/wp\/v2\/posts\/9079","targetHints":{"allow":["GET"]}}],"collection":[{"href":"https:\/\/agora.xtec.cat\/ceiplessavines\/wp-json\/wp\/v2\/posts"}],"about":[{"href":"https:\/\/agora.xtec.cat\/ceiplessavines\/wp-json\/wp\/v2\/types\/post"}],"author":[{"embeddable":true,"href":"https:\/\/agora.xtec.cat\/ceiplessavines\/wp-json\/wp\/v2\/users\/9"}],"replies":[{"embeddable":true,"href":"https:\/\/agora.xtec.cat\/ceiplessavines\/wp-json\/wp\/v2\/comments?post=9079"}],"version-history":[{"count":2,"href":"https:\/\/agora.xtec.cat\/ceiplessavines\/wp-json\/wp\/v2\/posts\/9079\/revisions"}],"predecessor-version":[{"id":9087,"href":"https:\/\/agora.xtec.cat\/ceiplessavines\/wp-json\/wp\/v2\/posts\/9079\/revisions\/9087"}],"wp:attachment":[{"href":"https:\/\/agora.xtec.cat\/ceiplessavines\/wp-json\/wp\/v2\/media?parent=9079"}],"wp:term":[{"taxonomy":"category","embeddable":true,"href":"https:\/\/agora.xtec.cat\/ceiplessavines\/wp-json\/wp\/v2\/categories?post=9079"},{"taxonomy":"post_tag","embeddable":true,"href":"https:\/\/agora.xtec.cat\/ceiplessavines\/wp-json\/wp\/v2\/tags?post=9079"}],"curies":[{"name":"wp","href":"https:\/\/api.w.org\/{rel}","templated":true}]}}