{"id":9073,"date":"2025-05-13T15:40:01","date_gmt":"2025-05-13T13:40:01","guid":{"rendered":"https:\/\/agora.xtec.cat\/ceiplessavines\/?p=9073"},"modified":"2025-05-13T15:40:01","modified_gmt":"2025-05-13T13:40:01","slug":"proves-competencies-basiques-6e","status":"publish","type":"post","link":"https:\/\/agora.xtec.cat\/ceiplessavines\/general\/proves-competencies-basiques-6e\/","title":{"rendered":"Proves COMPET\u00c8NCIES B\u00c0SIQUES 6\u00e8"},"content":{"rendered":"<p align=\"justify\"><span style=\"font-family: Chilanka\"><span style=\"font-size: medium\">L\u2019alumnat de 6<sup>\u00e8<\/sup> de l\u2019escola van fer les compet\u00e8ncies b\u00e0siques, els dies 7, 8 i 9 d&#8217;abril del 2025. A l\u2019aula hi havia l\u2019Edgar (tutor de 6<sup>\u00e8<\/sup>) i l\u2019Anna (tutora de 5<sup>\u00e8<\/sup>) vigilant. Aquestes es van realitzar a la mateixa aula de 6<sup>\u00e8<\/sup>. <\/span><\/span><\/p>\n<p align=\"justify\"><span style=\"font-family: Chilanka\"><span style=\"font-size: medium\">Les compet\u00e8ncies van comen\u00e7ar el dilluns dia 7 d\u2019abril, aquell dia vam comen\u00e7ar amb les proves de catal\u00e0 i angl\u00e8s. El dimarts 8 d\u2019abril, vam fer matem\u00e0tiques i castell\u00e0 i el dimecres 9 d\u2019abril vam fer medi. Al mat\u00ed f\u00e8iem <span style=\"font-family: Abyssinica SIL\">1 <\/span>hora de prova, m\u00e9s tard an\u00e0vem al pati i quan torn\u00e0vem f\u00e8iem l\u2019altra prova, a la tarda f\u00e8iem classe normal. Aquestes es duen a terme per saber com \u00e9s el nivell de tot Catalunya. Abans de les proves vam fer-ne a classe per practicar.\u00a0<\/span><\/span><\/p>\n<p align=\"justify\"><span style=\"font-family: Chilanka\"><span style=\"font-size: medium\">Les van ser molt estressant, per\u00f2 amb l\u2019ajuda dels mestres va ser m\u00e9s f\u00e0cil.<\/span><\/span><\/p>\n<p align=\"justify\">\n<p align=\"justify\">Dani, Matheo, Jiayi<\/p>\n","protected":false},"excerpt":{"rendered":"<p>L\u2019alumnat de 6\u00e8 de l\u2019escola van fer les compet\u00e8ncies b\u00e0siques, els dies 7, 8 i 9 d&#8217;abril del 2025. A l\u2019aula hi havia l\u2019Edgar (tutor de 6\u00e8) i l\u2019Anna (tutora de 5\u00e8) vigilant. Aquestes es van realitzar a la mateixa aula de 6\u00e8. Les compet\u00e8ncies van comen\u00e7ar el dilluns dia 7 d\u2019abril, aquell dia vam [&hellip;]<\/p>\n","protected":false},"author":9,"featured_media":0,"comment_status":"open","ping_status":"closed","sticky":false,"template":"","format":"standard","meta":{"_bbp_topic_count":0,"_bbp_reply_count":0,"_bbp_total_topic_count":0,"_bbp_total_reply_count":0,"_bbp_voice_count":0,"_bbp_anonymous_reply_count":0,"_bbp_topic_count_hidden":0,"_bbp_reply_count_hidden":0,"_bbp_forum_subforum_count":0,"site-sidebar-layout":"default","site-content-layout":"","ast-site-content-layout":"","site-content-style":"default","site-sidebar-style":"default","ast-global-header-display":"","ast-banner-title-visibility":"","ast-main-header-display":"","ast-hfb-above-header-display":"","ast-hfb-below-header-display":"","ast-hfb-mobile-header-display":"","site-post-title":"","ast-breadcrumbs-content":"","ast-featured-img":"","footer-sml-layout":"","theme-transparent-header-meta":"","adv-header-id-meta":"","stick-header-meta":"","header-above-stick-meta":"","header-main-stick-meta":"","header-below-stick-meta":"","astra-migrate-meta-layouts":"default","ast-page-background-enabled":"default","ast-page-background-meta":{"desktop":{"background-color":"var(--ast-global-color-4)","background-image":"","background-repeat":"repeat","background-position":"center center","background-size":"auto","background-attachment":"scroll","background-type":"","background-media":"","overlay-type":"","overlay-color":"","overlay-opacity":"","overlay-gradient":""},"tablet":{"background-color":"","background-image":"","background-repeat":"repeat","background-position":"center center","background-size":"auto","background-attachment":"scroll","background-type":"","background-media":"","overlay-type":"","overlay-color":"","overlay-opacity":"","overlay-gradient":""},"mobile":{"background-color":"","background-image":"","background-repeat":"repeat","background-position":"center center","background-size":"auto","background-attachment":"scroll","background-type":"","background-media":"","overlay-type":"","overlay-color":"","overlay-opacity":"","overlay-gradient":""}},"ast-content-background-meta":{"desktop":{"background-color":"var(--ast-global-color-5)","background-image":"","background-repeat":"repeat","background-position":"center center","background-size":"auto","background-attachment":"scroll","background-type":"","background-media":"","overlay-type":"","overlay-color":"","overlay-opacity":"","overlay-gradient":""},"tablet":{"background-color":"var(--ast-global-color-5)","background-image":"","background-repeat":"repeat","background-position":"center center","background-size":"auto","background-attachment":"scroll","background-type":"","background-media":"","overlay-type":"","overlay-color":"","overlay-opacity":"","overlay-gradient":""},"mobile":{"background-color":"var(--ast-global-color-5)","background-image":"","background-repeat":"repeat","background-position":"center center","background-size":"auto","background-attachment":"scroll","background-type":"","background-media":"","overlay-type":"","overlay-color":"","overlay-opacity":"","overlay-gradient":""}},"footnotes":""},"categories":[141,1],"tags":[],"class_list":["post-9073","post","type-post","status-publish","format-standard","hentry","category-comunitat-de-grans","category-general"],"post_mailing_queue_ids":[],"_links":{"self":[{"href":"https:\/\/agora.xtec.cat\/ceiplessavines\/wp-json\/wp\/v2\/posts\/9073","targetHints":{"allow":["GET"]}}],"collection":[{"href":"https:\/\/agora.xtec.cat\/ceiplessavines\/wp-json\/wp\/v2\/posts"}],"about":[{"href":"https:\/\/agora.xtec.cat\/ceiplessavines\/wp-json\/wp\/v2\/types\/post"}],"author":[{"embeddable":true,"href":"https:\/\/agora.xtec.cat\/ceiplessavines\/wp-json\/wp\/v2\/users\/9"}],"replies":[{"embeddable":true,"href":"https:\/\/agora.xtec.cat\/ceiplessavines\/wp-json\/wp\/v2\/comments?post=9073"}],"version-history":[{"count":1,"href":"https:\/\/agora.xtec.cat\/ceiplessavines\/wp-json\/wp\/v2\/posts\/9073\/revisions"}],"predecessor-version":[{"id":9074,"href":"https:\/\/agora.xtec.cat\/ceiplessavines\/wp-json\/wp\/v2\/posts\/9073\/revisions\/9074"}],"wp:attachment":[{"href":"https:\/\/agora.xtec.cat\/ceiplessavines\/wp-json\/wp\/v2\/media?parent=9073"}],"wp:term":[{"taxonomy":"category","embeddable":true,"href":"https:\/\/agora.xtec.cat\/ceiplessavines\/wp-json\/wp\/v2\/categories?post=9073"},{"taxonomy":"post_tag","embeddable":true,"href":"https:\/\/agora.xtec.cat\/ceiplessavines\/wp-json\/wp\/v2\/tags?post=9073"}],"curies":[{"name":"wp","href":"https:\/\/api.w.org\/{rel}","templated":true}]}}