{"id":8996,"date":"2025-02-27T17:49:33","date_gmt":"2025-02-27T16:49:33","guid":{"rendered":"https:\/\/agora.xtec.cat\/ceiplessavines\/?p=8996"},"modified":"2025-02-27T18:13:10","modified_gmt":"2025-02-27T17:13:10","slug":"visita-casa-museu-duran-i-sanpere","status":"publish","type":"post","link":"https:\/\/agora.xtec.cat\/ceiplessavines\/general\/visita-casa-museu-duran-i-sanpere\/","title":{"rendered":"Visita dels alumnes de 5\u00e8 a la casa museu Duran i Sanpere"},"content":{"rendered":"<p>El dia 19 de febrer de 2025, els alumnes de 5\u00e8 van anar d&#8217;excursi\u00f3 al museu de la casa Duran i Sanpere.<br \/>\nAll\u00e0, una noia els i va explicar totes les hist\u00f2ries de l&#8217;origen de la casa.<\/p>\n<p>Dins de la casa, els alumnes van anar entrant a les diferents sales i passadissos. Cada espai tenia alguna historia interessant de la fam\u00edlia que hi havia viscut. Els van explicar tamb\u00e9 que aquella casa era una casa de la burgesia catalana del segle XIX, per qu\u00e8 tenia aquest nom, per quin motiu es va decidir conservar la casa&#8230;<\/p>\n<p>A l&#8217;alumnat de 5\u00e8 els hi va agradar molt poder con\u00e8ixer una petita part de la hist\u00f2ria de la casa Duran i Sanpere i per tant, tamb\u00e9 un trosset de la hist\u00f2ria de la seva ciutat.<img loading=\"lazy\" decoding=\"async\" class=\"aligncenter size-medium wp-image-8997\" src=\"https:\/\/agora.xtec.cat\/ceiplessavines\/wp-content\/uploads\/usu230\/2025\/02\/casa-duran-i-sanpere_1-1000x750-1-300x225.jpg\" alt=\"\" width=\"300\" height=\"225\" srcset=\"https:\/\/agora.xtec.cat\/ceiplessavines\/wp-content\/uploads\/usu230\/2025\/02\/casa-duran-i-sanpere_1-1000x750-1-300x225.jpg 300w, https:\/\/agora.xtec.cat\/ceiplessavines\/wp-content\/uploads\/usu230\/2025\/02\/casa-duran-i-sanpere_1-1000x750-1-768x576.jpg 768w, https:\/\/agora.xtec.cat\/ceiplessavines\/wp-content\/uploads\/usu230\/2025\/02\/casa-duran-i-sanpere_1-1000x750-1-200x150.jpg 200w, https:\/\/agora.xtec.cat\/ceiplessavines\/wp-content\/uploads\/usu230\/2025\/02\/casa-duran-i-sanpere_1-1000x750-1.jpg 1000w\" sizes=\"auto, (max-width: 300px) 100vw, 300px\" \/><\/p>\n","protected":false},"excerpt":{"rendered":"<p>El dia 19 de febrer de 2025, els alumnes de 5\u00e8 van anar d&#8217;excursi\u00f3 al museu de la casa Duran i Sanpere. All\u00e0, una noia els i va explicar totes les hist\u00f2ries de l&#8217;origen de la casa. Dins de la casa, els alumnes van anar entrant a les diferents sales i passadissos. Cada espai tenia [&hellip;]<\/p>\n","protected":false},"author":9,"featured_media":8997,"comment_status":"open","ping_status":"closed","sticky":false,"template":"","format":"standard","meta":{"_bbp_topic_count":0,"_bbp_reply_count":0,"_bbp_total_topic_count":0,"_bbp_total_reply_count":0,"_bbp_voice_count":0,"_bbp_anonymous_reply_count":0,"_bbp_topic_count_hidden":0,"_bbp_reply_count_hidden":0,"_bbp_forum_subforum_count":0,"site-sidebar-layout":"default","site-content-layout":"","ast-site-content-layout":"","site-content-style":"default","site-sidebar-style":"default","ast-global-header-display":"","ast-banner-title-visibility":"","ast-main-header-display":"","ast-hfb-above-header-display":"","ast-hfb-below-header-display":"","ast-hfb-mobile-header-display":"","site-post-title":"","ast-breadcrumbs-content":"","ast-featured-img":"","footer-sml-layout":"","theme-transparent-header-meta":"","adv-header-id-meta":"","stick-header-meta":"","header-above-stick-meta":"","header-main-stick-meta":"","header-below-stick-meta":"","astra-migrate-meta-layouts":"default","ast-page-background-enabled":"default","ast-page-background-meta":{"desktop":{"background-color":"var(--ast-global-color-4)","background-image":"","background-repeat":"repeat","background-position":"center center","background-size":"auto","background-attachment":"scroll","background-type":"","background-media":"","overlay-type":"","overlay-color":"","overlay-opacity":"","overlay-gradient":""},"tablet":{"background-color":"","background-image":"","background-repeat":"repeat","background-position":"center center","background-size":"auto","background-attachment":"scroll","background-type":"","background-media":"","overlay-type":"","overlay-color":"","overlay-opacity":"","overlay-gradient":""},"mobile":{"background-color":"","background-image":"","background-repeat":"repeat","background-position":"center center","background-size":"auto","background-attachment":"scroll","background-type":"","background-media":"","overlay-type":"","overlay-color":"","overlay-opacity":"","overlay-gradient":""}},"ast-content-background-meta":{"desktop":{"background-color":"var(--ast-global-color-5)","background-image":"","background-repeat":"repeat","background-position":"center center","background-size":"auto","background-attachment":"scroll","background-type":"","background-media":"","overlay-type":"","overlay-color":"","overlay-opacity":"","overlay-gradient":""},"tablet":{"background-color":"var(--ast-global-color-5)","background-image":"","background-repeat":"repeat","background-position":"center center","background-size":"auto","background-attachment":"scroll","background-type":"","background-media":"","overlay-type":"","overlay-color":"","overlay-opacity":"","overlay-gradient":""},"mobile":{"background-color":"var(--ast-global-color-5)","background-image":"","background-repeat":"repeat","background-position":"center center","background-size":"auto","background-attachment":"scroll","background-type":"","background-media":"","overlay-type":"","overlay-color":"","overlay-opacity":"","overlay-gradient":""}},"footnotes":""},"categories":[141,1,4],"tags":[49,108],"class_list":["post-8996","post","type-post","status-publish","format-standard","has-post-thumbnail","hentry","category-comunitat-de-grans","category-general","category-portada","tag-5e","tag-tallers-llengua"],"post_mailing_queue_ids":[],"_links":{"self":[{"href":"https:\/\/agora.xtec.cat\/ceiplessavines\/wp-json\/wp\/v2\/posts\/8996","targetHints":{"allow":["GET"]}}],"collection":[{"href":"https:\/\/agora.xtec.cat\/ceiplessavines\/wp-json\/wp\/v2\/posts"}],"about":[{"href":"https:\/\/agora.xtec.cat\/ceiplessavines\/wp-json\/wp\/v2\/types\/post"}],"author":[{"embeddable":true,"href":"https:\/\/agora.xtec.cat\/ceiplessavines\/wp-json\/wp\/v2\/users\/9"}],"replies":[{"embeddable":true,"href":"https:\/\/agora.xtec.cat\/ceiplessavines\/wp-json\/wp\/v2\/comments?post=8996"}],"version-history":[{"count":2,"href":"https:\/\/agora.xtec.cat\/ceiplessavines\/wp-json\/wp\/v2\/posts\/8996\/revisions"}],"predecessor-version":[{"id":9001,"href":"https:\/\/agora.xtec.cat\/ceiplessavines\/wp-json\/wp\/v2\/posts\/8996\/revisions\/9001"}],"wp:featuredmedia":[{"embeddable":true,"href":"https:\/\/agora.xtec.cat\/ceiplessavines\/wp-json\/wp\/v2\/media\/8997"}],"wp:attachment":[{"href":"https:\/\/agora.xtec.cat\/ceiplessavines\/wp-json\/wp\/v2\/media?parent=8996"}],"wp:term":[{"taxonomy":"category","embeddable":true,"href":"https:\/\/agora.xtec.cat\/ceiplessavines\/wp-json\/wp\/v2\/categories?post=8996"},{"taxonomy":"post_tag","embeddable":true,"href":"https:\/\/agora.xtec.cat\/ceiplessavines\/wp-json\/wp\/v2\/tags?post=8996"}],"curies":[{"name":"wp","href":"https:\/\/api.w.org\/{rel}","templated":true}]}}