{"id":8993,"date":"2025-02-27T17:36:19","date_gmt":"2025-02-27T16:36:19","guid":{"rendered":"https:\/\/agora.xtec.cat\/ceiplessavines\/?p=8993"},"modified":"2025-02-27T18:12:40","modified_gmt":"2025-02-27T17:12:40","slug":"i3-visita-laliga-de-cervera","status":"publish","type":"post","link":"https:\/\/agora.xtec.cat\/ceiplessavines\/general\/i3-visita-laliga-de-cervera\/","title":{"rendered":"I3 visita l&#8217;\u00e0liga de Cervera"},"content":{"rendered":"<p align=\"justify\"><span style=\"font-family: Arial, sans-serif\"><span style=\"font-size: medium\">Els nens i nenes d\u2019I3 el dia 4 de febrer van anar amb autocar a visitar l\u2019\u00e0liga a l\u2019Ajuntament de Cervera.<\/span><\/span><\/p>\n<p align=\"justify\"><span style=\"font-family: Arial, sans-serif\"><span style=\"font-size: medium\">Un cop all\u00e0, els van explicar coses sobre l&#8217;\u00e0liga <\/span><\/span><span style=\"font-family: Arial, sans-serif\"><span style=\"font-size: medium\">de Cervera, per exemple: que el seu cos \u00e9s gran, porta una corona al cap, est\u00e0 feta de cartr\u00f3, fusta i pell, quan surt a ballar per la festa major li posen flors al bec, etc. <\/span><\/span><span style=\"font-family: Arial, sans-serif\"><span style=\"font-size: medium\">Els alumnes d\u2019I3 van fer aquesta sortida, ja que estaven treballant la festa major de Cervera, el Sant\u00edssim Misteri.<\/span><\/span><\/p>\n<p align=\"justify\"><span style=\"font-family: Arial, sans-serif\"><span style=\"font-size: medium\">L\u2019alumnat va aprendre molt sobre l&#8217;\u00e0liga de Cervera, tamb\u00e9 els va agradar molt la sortida i les activitats. A m\u00e9s a m\u00e9s, van poder veure l\u2019\u00e0liga des de molt a prop.<\/span><\/span><\/p>\n<p align=\"justify\"><img loading=\"lazy\" decoding=\"async\" class=\"aligncenter size-medium wp-image-8994\" src=\"https:\/\/agora.xtec.cat\/ceiplessavines\/wp-content\/uploads\/usu230\/2025\/02\/Captura-4-300x225.jpg\" alt=\"\" width=\"300\" height=\"225\" srcset=\"https:\/\/agora.xtec.cat\/ceiplessavines\/wp-content\/uploads\/usu230\/2025\/02\/Captura-4-300x225.jpg 300w, https:\/\/agora.xtec.cat\/ceiplessavines\/wp-content\/uploads\/usu230\/2025\/02\/Captura-4-768x576.jpg 768w, https:\/\/agora.xtec.cat\/ceiplessavines\/wp-content\/uploads\/usu230\/2025\/02\/Captura-4-200x150.jpg 200w, https:\/\/agora.xtec.cat\/ceiplessavines\/wp-content\/uploads\/usu230\/2025\/02\/Captura-4.jpg 935w\" sizes=\"auto, (max-width: 300px) 100vw, 300px\" \/><\/p>\n","protected":false},"excerpt":{"rendered":"<p>Els nens i nenes d\u2019I3 el dia 4 de febrer van anar amb autocar a visitar l\u2019\u00e0liga a l\u2019Ajuntament de Cervera. Un cop all\u00e0, els van explicar coses sobre l&#8217;\u00e0liga de Cervera, per exemple: que el seu cos \u00e9s gran, porta una corona al cap, est\u00e0 feta de cartr\u00f3, fusta i pell, quan surt a [&hellip;]<\/p>\n","protected":false},"author":9,"featured_media":8994,"comment_status":"open","ping_status":"closed","sticky":false,"template":"","format":"standard","meta":{"_bbp_topic_count":0,"_bbp_reply_count":0,"_bbp_total_topic_count":0,"_bbp_total_reply_count":0,"_bbp_voice_count":0,"_bbp_anonymous_reply_count":0,"_bbp_topic_count_hidden":0,"_bbp_reply_count_hidden":0,"_bbp_forum_subforum_count":0,"site-sidebar-layout":"default","site-content-layout":"","ast-site-content-layout":"","site-content-style":"default","site-sidebar-style":"default","ast-global-header-display":"","ast-banner-title-visibility":"","ast-main-header-display":"","ast-hfb-above-header-display":"","ast-hfb-below-header-display":"","ast-hfb-mobile-header-display":"","site-post-title":"","ast-breadcrumbs-content":"","ast-featured-img":"","footer-sml-layout":"","theme-transparent-header-meta":"","adv-header-id-meta":"","stick-header-meta":"","header-above-stick-meta":"","header-main-stick-meta":"","header-below-stick-meta":"","astra-migrate-meta-layouts":"default","ast-page-background-enabled":"default","ast-page-background-meta":{"desktop":{"background-color":"var(--ast-global-color-4)","background-image":"","background-repeat":"repeat","background-position":"center center","background-size":"auto","background-attachment":"scroll","background-type":"","background-media":"","overlay-type":"","overlay-color":"","overlay-opacity":"","overlay-gradient":""},"tablet":{"background-color":"","background-image":"","background-repeat":"repeat","background-position":"center center","background-size":"auto","background-attachment":"scroll","background-type":"","background-media":"","overlay-type":"","overlay-color":"","overlay-opacity":"","overlay-gradient":""},"mobile":{"background-color":"","background-image":"","background-repeat":"repeat","background-position":"center center","background-size":"auto","background-attachment":"scroll","background-type":"","background-media":"","overlay-type":"","overlay-color":"","overlay-opacity":"","overlay-gradient":""}},"ast-content-background-meta":{"desktop":{"background-color":"var(--ast-global-color-5)","background-image":"","background-repeat":"repeat","background-position":"center center","background-size":"auto","background-attachment":"scroll","background-type":"","background-media":"","overlay-type":"","overlay-color":"","overlay-opacity":"","overlay-gradient":""},"tablet":{"background-color":"var(--ast-global-color-5)","background-image":"","background-repeat":"repeat","background-position":"center center","background-size":"auto","background-attachment":"scroll","background-type":"","background-media":"","overlay-type":"","overlay-color":"","overlay-opacity":"","overlay-gradient":""},"mobile":{"background-color":"var(--ast-global-color-5)","background-image":"","background-repeat":"repeat","background-position":"center center","background-size":"auto","background-attachment":"scroll","background-type":"","background-media":"","overlay-type":"","overlay-color":"","overlay-opacity":"","overlay-gradient":""}},"footnotes":""},"categories":[21,1,4],"tags":[143,108],"class_list":["post-8993","post","type-post","status-publish","format-standard","has-post-thumbnail","hentry","category-infantil","category-general","category-portada","tag-i3","tag-tallers-llengua"],"post_mailing_queue_ids":[],"_links":{"self":[{"href":"https:\/\/agora.xtec.cat\/ceiplessavines\/wp-json\/wp\/v2\/posts\/8993","targetHints":{"allow":["GET"]}}],"collection":[{"href":"https:\/\/agora.xtec.cat\/ceiplessavines\/wp-json\/wp\/v2\/posts"}],"about":[{"href":"https:\/\/agora.xtec.cat\/ceiplessavines\/wp-json\/wp\/v2\/types\/post"}],"author":[{"embeddable":true,"href":"https:\/\/agora.xtec.cat\/ceiplessavines\/wp-json\/wp\/v2\/users\/9"}],"replies":[{"embeddable":true,"href":"https:\/\/agora.xtec.cat\/ceiplessavines\/wp-json\/wp\/v2\/comments?post=8993"}],"version-history":[{"count":3,"href":"https:\/\/agora.xtec.cat\/ceiplessavines\/wp-json\/wp\/v2\/posts\/8993\/revisions"}],"predecessor-version":[{"id":9000,"href":"https:\/\/agora.xtec.cat\/ceiplessavines\/wp-json\/wp\/v2\/posts\/8993\/revisions\/9000"}],"wp:featuredmedia":[{"embeddable":true,"href":"https:\/\/agora.xtec.cat\/ceiplessavines\/wp-json\/wp\/v2\/media\/8994"}],"wp:attachment":[{"href":"https:\/\/agora.xtec.cat\/ceiplessavines\/wp-json\/wp\/v2\/media?parent=8993"}],"wp:term":[{"taxonomy":"category","embeddable":true,"href":"https:\/\/agora.xtec.cat\/ceiplessavines\/wp-json\/wp\/v2\/categories?post=8993"},{"taxonomy":"post_tag","embeddable":true,"href":"https:\/\/agora.xtec.cat\/ceiplessavines\/wp-json\/wp\/v2\/tags?post=8993"}],"curies":[{"name":"wp","href":"https:\/\/api.w.org\/{rel}","templated":true}]}}