{"id":8962,"date":"2025-02-18T17:07:57","date_gmt":"2025-02-18T16:07:57","guid":{"rendered":"https:\/\/agora.xtec.cat\/ceiplessavines\/?p=8962"},"modified":"2026-02-19T13:07:12","modified_gmt":"2026-02-19T12:07:12","slug":"5e-visita-la-parroquia","status":"publish","type":"post","link":"https:\/\/agora.xtec.cat\/ceiplessavines\/comunitat-de-grans\/5e-visita-la-parroquia\/","title":{"rendered":"5\u00e8 visita la parr\u00f2quia"},"content":{"rendered":"<p>Els alumnes de 5\u00e8 el dia 4 de febrer de 2025 van anar a visitar la paeria i la parr\u00f2quia de Cervera.<\/p>\n<p>Primer, van visitar la paeria, all\u00e0 van veure els elements festius i l&#8217;origen de la bandera de la ciutat i tamb\u00e9 l&#8217;\u00e0liga de Cervera.<br \/>\nDespr\u00e9s, van visitar la parr\u00f2quia, l&#8217;Armand Forcat els va parlar sobre que representava cada una de les parts del reliquiari.<\/p>\n<p>L&#8217;alumnat hi va anar per saber m\u00e9s informaci\u00f3 sobre la festa major del sant\u00edssim misteri. La visita els va semblar molt interessant perqu\u00e8 van aprendre coses noves: com l&#8217;origen de la bandera, els diferents estils d&#8217;art, la construcci\u00f3 del reliquiari&#8230;<\/p>\n<p><img loading=\"lazy\" decoding=\"async\" class=\"aligncenter size-medium wp-image-8963\" src=\"https:\/\/agora.xtec.cat\/ceiplessavines\/wp-content\/uploads\/usu230\/2025\/02\/Captura-1-300x228.jpg\" alt=\"\" width=\"300\" height=\"228\" srcset=\"https:\/\/agora.xtec.cat\/ceiplessavines\/wp-content\/uploads\/usu230\/2025\/02\/Captura-1-300x228.jpg 300w, https:\/\/agora.xtec.cat\/ceiplessavines\/wp-content\/uploads\/usu230\/2025\/02\/Captura-1.jpg 414w\" sizes=\"auto, (max-width: 300px) 100vw, 300px\" \/><\/p>\n","protected":false},"excerpt":{"rendered":"<p>Els alumnes de 5\u00e8 el dia 4 de febrer de 2025 van anar a visitar la paeria i la parr\u00f2quia de Cervera. Primer, van visitar la paeria, all\u00e0 van veure els elements festius i l&#8217;origen de la bandera de la ciutat i tamb\u00e9 l&#8217;\u00e0liga de Cervera. Despr\u00e9s, van visitar la parr\u00f2quia, l&#8217;Armand Forcat els va [&hellip;]<\/p>\n","protected":false},"author":9,"featured_media":8964,"comment_status":"open","ping_status":"closed","sticky":false,"template":"","format":"standard","meta":{"_bbp_topic_count":0,"_bbp_reply_count":0,"_bbp_total_topic_count":0,"_bbp_total_reply_count":0,"_bbp_voice_count":0,"_bbp_anonymous_reply_count":0,"_bbp_topic_count_hidden":0,"_bbp_reply_count_hidden":0,"_bbp_forum_subforum_count":0,"site-sidebar-layout":"default","site-content-layout":"","ast-site-content-layout":"default","site-content-style":"default","site-sidebar-style":"default","ast-global-header-display":"","ast-banner-title-visibility":"","ast-main-header-display":"","ast-hfb-above-header-display":"","ast-hfb-below-header-display":"","ast-hfb-mobile-header-display":"","site-post-title":"","ast-breadcrumbs-content":"","ast-featured-img":"","footer-sml-layout":"","theme-transparent-header-meta":"default","adv-header-id-meta":"","stick-header-meta":"","header-above-stick-meta":"","header-main-stick-meta":"","header-below-stick-meta":"","astra-migrate-meta-layouts":"set","ast-page-background-enabled":"default","ast-page-background-meta":{"desktop":{"background-color":"var(--ast-global-color-4)","background-image":"","background-repeat":"repeat","background-position":"center center","background-size":"auto","background-attachment":"scroll","background-type":"","background-media":"","overlay-type":"","overlay-color":"","overlay-opacity":"","overlay-gradient":""},"tablet":{"background-color":"","background-image":"","background-repeat":"repeat","background-position":"center center","background-size":"auto","background-attachment":"scroll","background-type":"","background-media":"","overlay-type":"","overlay-color":"","overlay-opacity":"","overlay-gradient":""},"mobile":{"background-color":"","background-image":"","background-repeat":"repeat","background-position":"center center","background-size":"auto","background-attachment":"scroll","background-type":"","background-media":"","overlay-type":"","overlay-color":"","overlay-opacity":"","overlay-gradient":""}},"ast-content-background-meta":{"desktop":{"background-color":"var(--ast-global-color-5)","background-image":"","background-repeat":"repeat","background-position":"center center","background-size":"auto","background-attachment":"scroll","background-type":"","background-media":"","overlay-type":"","overlay-color":"","overlay-opacity":"","overlay-gradient":""},"tablet":{"background-color":"var(--ast-global-color-5)","background-image":"","background-repeat":"repeat","background-position":"center center","background-size":"auto","background-attachment":"scroll","background-type":"","background-media":"","overlay-type":"","overlay-color":"","overlay-opacity":"","overlay-gradient":""},"mobile":{"background-color":"var(--ast-global-color-5)","background-image":"","background-repeat":"repeat","background-position":"center center","background-size":"auto","background-attachment":"scroll","background-type":"","background-media":"","overlay-type":"","overlay-color":"","overlay-opacity":"","overlay-gradient":""}},"footnotes":""},"categories":[141],"tags":[49,108],"class_list":["post-8962","post","type-post","status-publish","format-standard","has-post-thumbnail","hentry","category-comunitat-de-grans","tag-5e","tag-tallers-llengua"],"post_mailing_queue_ids":[],"_links":{"self":[{"href":"https:\/\/agora.xtec.cat\/ceiplessavines\/wp-json\/wp\/v2\/posts\/8962","targetHints":{"allow":["GET"]}}],"collection":[{"href":"https:\/\/agora.xtec.cat\/ceiplessavines\/wp-json\/wp\/v2\/posts"}],"about":[{"href":"https:\/\/agora.xtec.cat\/ceiplessavines\/wp-json\/wp\/v2\/types\/post"}],"author":[{"embeddable":true,"href":"https:\/\/agora.xtec.cat\/ceiplessavines\/wp-json\/wp\/v2\/users\/9"}],"replies":[{"embeddable":true,"href":"https:\/\/agora.xtec.cat\/ceiplessavines\/wp-json\/wp\/v2\/comments?post=8962"}],"version-history":[{"count":1,"href":"https:\/\/agora.xtec.cat\/ceiplessavines\/wp-json\/wp\/v2\/posts\/8962\/revisions"}],"predecessor-version":[{"id":8965,"href":"https:\/\/agora.xtec.cat\/ceiplessavines\/wp-json\/wp\/v2\/posts\/8962\/revisions\/8965"}],"wp:featuredmedia":[{"embeddable":true,"href":"https:\/\/agora.xtec.cat\/ceiplessavines\/wp-json\/wp\/v2\/media\/8964"}],"wp:attachment":[{"href":"https:\/\/agora.xtec.cat\/ceiplessavines\/wp-json\/wp\/v2\/media?parent=8962"}],"wp:term":[{"taxonomy":"category","embeddable":true,"href":"https:\/\/agora.xtec.cat\/ceiplessavines\/wp-json\/wp\/v2\/categories?post=8962"},{"taxonomy":"post_tag","embeddable":true,"href":"https:\/\/agora.xtec.cat\/ceiplessavines\/wp-json\/wp\/v2\/tags?post=8962"}],"curies":[{"name":"wp","href":"https:\/\/api.w.org\/{rel}","templated":true}]}}