{"id":8934,"date":"2025-02-04T18:00:03","date_gmt":"2025-02-04T17:00:03","guid":{"rendered":"https:\/\/agora.xtec.cat\/ceiplessavines\/?p=8934"},"modified":"2026-02-19T13:07:53","modified_gmt":"2026-02-19T12:07:53","slug":"paradeta-hort","status":"publish","type":"post","link":"https:\/\/agora.xtec.cat\/ceiplessavines\/comunitat-de-grans\/paradeta-hort\/","title":{"rendered":"Paradeta hort"},"content":{"rendered":"<p data-pm-slice=\"1 1 []\">A l\u2019inici de curs el tutor de 6\u00e8, va anunciar als alumnes de 6\u00e8 que serien els encarregats de fer la paradeta de l\u2019hort.<\/p>\n<p>El dia 19 de gener de 2025 va ser la primera paradeta de l\u2019any i la setena del curs. La paradeta es fa a dins de l\u2019escola, a la vora de l\u2019hort. A l\u2019hort, tenim bastants productes, aix\u00ed en podem vendre molts. L\u2019\u00faltim dia vam vendre: olives, enciams, coliflors, br\u00f2quil, ametlles i bledes. Amb tots els diners que aconseguim els alumnes de 6\u00e8 aniran al TIBIDABO.<\/p>\n<p>A nosaltres ens sembla b\u00e9, perqu\u00e8 \u00e9s l\u2019\u00faltim any que estarem a l\u2019escola, i a m\u00e9s a m\u00e9s practiquem les matem\u00e0tiques.<\/p>\n<p><img loading=\"lazy\" decoding=\"async\" class=\"aligncenter size-medium wp-image-8935\" src=\"https:\/\/agora.xtec.cat\/ceiplessavines\/wp-content\/uploads\/usu230\/2025\/02\/2-300x225.jpg\" alt=\"\" width=\"300\" height=\"225\" srcset=\"https:\/\/agora.xtec.cat\/ceiplessavines\/wp-content\/uploads\/usu230\/2025\/02\/2-300x225.jpg 300w, https:\/\/agora.xtec.cat\/ceiplessavines\/wp-content\/uploads\/usu230\/2025\/02\/2-1024x769.jpg 1024w, https:\/\/agora.xtec.cat\/ceiplessavines\/wp-content\/uploads\/usu230\/2025\/02\/2-768x576.jpg 768w, https:\/\/agora.xtec.cat\/ceiplessavines\/wp-content\/uploads\/usu230\/2025\/02\/2-200x150.jpg 200w, https:\/\/agora.xtec.cat\/ceiplessavines\/wp-content\/uploads\/usu230\/2025\/02\/2.jpg 1239w\" sizes=\"auto, (max-width: 300px) 100vw, 300px\" \/><\/p>\n","protected":false},"excerpt":{"rendered":"<p>A l\u2019inici de curs el tutor de 6\u00e8, va anunciar als alumnes de 6\u00e8 que serien els encarregats de fer la paradeta de l\u2019hort. El dia 19 de gener de 2025 va ser la primera paradeta de l\u2019any i la setena del curs. La paradeta es fa a dins de l\u2019escola, a la vora de [&hellip;]<\/p>\n","protected":false},"author":9,"featured_media":8936,"comment_status":"open","ping_status":"closed","sticky":false,"template":"","format":"standard","meta":{"_bbp_topic_count":0,"_bbp_reply_count":0,"_bbp_total_topic_count":0,"_bbp_total_reply_count":0,"_bbp_voice_count":0,"_bbp_anonymous_reply_count":0,"_bbp_topic_count_hidden":0,"_bbp_reply_count_hidden":0,"_bbp_forum_subforum_count":0,"site-sidebar-layout":"default","site-content-layout":"","ast-site-content-layout":"default","site-content-style":"default","site-sidebar-style":"default","ast-global-header-display":"","ast-banner-title-visibility":"","ast-main-header-display":"","ast-hfb-above-header-display":"","ast-hfb-below-header-display":"","ast-hfb-mobile-header-display":"","site-post-title":"","ast-breadcrumbs-content":"","ast-featured-img":"","footer-sml-layout":"","theme-transparent-header-meta":"default","adv-header-id-meta":"","stick-header-meta":"","header-above-stick-meta":"","header-main-stick-meta":"","header-below-stick-meta":"","astra-migrate-meta-layouts":"set","ast-page-background-enabled":"default","ast-page-background-meta":{"desktop":{"background-color":"var(--ast-global-color-4)","background-image":"","background-repeat":"repeat","background-position":"center center","background-size":"auto","background-attachment":"scroll","background-type":"","background-media":"","overlay-type":"","overlay-color":"","overlay-opacity":"","overlay-gradient":""},"tablet":{"background-color":"","background-image":"","background-repeat":"repeat","background-position":"center center","background-size":"auto","background-attachment":"scroll","background-type":"","background-media":"","overlay-type":"","overlay-color":"","overlay-opacity":"","overlay-gradient":""},"mobile":{"background-color":"","background-image":"","background-repeat":"repeat","background-position":"center center","background-size":"auto","background-attachment":"scroll","background-type":"","background-media":"","overlay-type":"","overlay-color":"","overlay-opacity":"","overlay-gradient":""}},"ast-content-background-meta":{"desktop":{"background-color":"var(--ast-global-color-5)","background-image":"","background-repeat":"repeat","background-position":"center center","background-size":"auto","background-attachment":"scroll","background-type":"","background-media":"","overlay-type":"","overlay-color":"","overlay-opacity":"","overlay-gradient":""},"tablet":{"background-color":"var(--ast-global-color-5)","background-image":"","background-repeat":"repeat","background-position":"center center","background-size":"auto","background-attachment":"scroll","background-type":"","background-media":"","overlay-type":"","overlay-color":"","overlay-opacity":"","overlay-gradient":""},"mobile":{"background-color":"var(--ast-global-color-5)","background-image":"","background-repeat":"repeat","background-position":"center center","background-size":"auto","background-attachment":"scroll","background-type":"","background-media":"","overlay-type":"","overlay-color":"","overlay-opacity":"","overlay-gradient":""}},"footnotes":""},"categories":[141],"tags":[108],"class_list":["post-8934","post","type-post","status-publish","format-standard","has-post-thumbnail","hentry","category-comunitat-de-grans","tag-tallers-llengua"],"post_mailing_queue_ids":[],"_links":{"self":[{"href":"https:\/\/agora.xtec.cat\/ceiplessavines\/wp-json\/wp\/v2\/posts\/8934","targetHints":{"allow":["GET"]}}],"collection":[{"href":"https:\/\/agora.xtec.cat\/ceiplessavines\/wp-json\/wp\/v2\/posts"}],"about":[{"href":"https:\/\/agora.xtec.cat\/ceiplessavines\/wp-json\/wp\/v2\/types\/post"}],"author":[{"embeddable":true,"href":"https:\/\/agora.xtec.cat\/ceiplessavines\/wp-json\/wp\/v2\/users\/9"}],"replies":[{"embeddable":true,"href":"https:\/\/agora.xtec.cat\/ceiplessavines\/wp-json\/wp\/v2\/comments?post=8934"}],"version-history":[{"count":1,"href":"https:\/\/agora.xtec.cat\/ceiplessavines\/wp-json\/wp\/v2\/posts\/8934\/revisions"}],"predecessor-version":[{"id":8937,"href":"https:\/\/agora.xtec.cat\/ceiplessavines\/wp-json\/wp\/v2\/posts\/8934\/revisions\/8937"}],"wp:featuredmedia":[{"embeddable":true,"href":"https:\/\/agora.xtec.cat\/ceiplessavines\/wp-json\/wp\/v2\/media\/8936"}],"wp:attachment":[{"href":"https:\/\/agora.xtec.cat\/ceiplessavines\/wp-json\/wp\/v2\/media?parent=8934"}],"wp:term":[{"taxonomy":"category","embeddable":true,"href":"https:\/\/agora.xtec.cat\/ceiplessavines\/wp-json\/wp\/v2\/categories?post=8934"},{"taxonomy":"post_tag","embeddable":true,"href":"https:\/\/agora.xtec.cat\/ceiplessavines\/wp-json\/wp\/v2\/tags?post=8934"}],"curies":[{"name":"wp","href":"https:\/\/api.w.org\/{rel}","templated":true}]}}