{"id":8919,"date":"2025-02-04T17:09:59","date_gmt":"2025-02-04T16:09:59","guid":{"rendered":"https:\/\/agora.xtec.cat\/ceiplessavines\/?p=8919"},"modified":"2025-02-04T17:13:34","modified_gmt":"2025-02-04T16:13:34","slug":"festival-dhivern","status":"publish","type":"post","link":"https:\/\/agora.xtec.cat\/ceiplessavines\/general\/festival-dhivern\/","title":{"rendered":"Festival d&#8217;hivern"},"content":{"rendered":"<p align=\"justify\"><span style=\"font-family: Arial, sans-serif\"><span style=\"font-size: medium\">Els nens i nenes de les Savines el dia 20 desembre van celebrar la festa d\u2019hivern al gimn\u00e0s de l\u2019escola.<\/span><\/span><\/p>\n<p align=\"justify\"><span style=\"font-family: Arial, sans-serif\">Els alumnes anaven entrant per diferents cursos i van cantar i ballar tots els cursos de l\u2019escola. El fil conductor del festival d\u2019aquest curs era basat en la pel\u00b7l\u00edcula \u00abLa hist\u00f2ria interminable\u00bb. Els de 6\u00e8, van tocar diferents instruments mentre els nens i nenes de 5\u00e8 i 4t cantaven la can\u00e7\u00f3 de \u00abnever ending story\u00bb. Despr\u00e9s de cantar tots els cursos, es van reunir a fora per cantar la can\u00e7\u00f3 final: \u00abNadal de colors\u00bb.<\/span><\/p>\n<p align=\"justify\"><span style=\"font-family: Arial, sans-serif\">Els alumnes de 6\u00e8 van aprendre a tocar els instruments, mentre la resta de nens i nenes de l\u2019escola van aprendre una can\u00e7\u00f3 i a saber-la cantar davant de totes les fam\u00edlies. A tots els nens i nenes de l\u2019escola els va agradar molt aquesta celebraci\u00f3.<\/span><\/p>\n<p>&nbsp;<\/p>\n<p><img loading=\"lazy\" decoding=\"async\" class=\"aligncenter size-full wp-image-8920\" src=\"https:\/\/agora.xtec.cat\/ceiplessavines\/wp-content\/uploads\/usu230\/2025\/02\/1.png\" alt=\"\" width=\"267\" height=\"188\" \/><\/p>\n","protected":false},"excerpt":{"rendered":"<p>Els nens i nenes de les Savines el dia 20 desembre van celebrar la festa d\u2019hivern al gimn\u00e0s de l\u2019escola. Els alumnes anaven entrant per diferents cursos i van cantar i ballar tots els cursos de l\u2019escola. El fil conductor del festival d\u2019aquest curs era basat en la pel\u00b7l\u00edcula \u00abLa hist\u00f2ria interminable\u00bb. Els de 6\u00e8, [&hellip;]<\/p>\n","protected":false},"author":9,"featured_media":8920,"comment_status":"open","ping_status":"closed","sticky":false,"template":"","format":"standard","meta":{"_bbp_topic_count":0,"_bbp_reply_count":0,"_bbp_total_topic_count":0,"_bbp_total_reply_count":0,"_bbp_voice_count":0,"_bbp_anonymous_reply_count":0,"_bbp_topic_count_hidden":0,"_bbp_reply_count_hidden":0,"_bbp_forum_subforum_count":0,"site-sidebar-layout":"default","site-content-layout":"","ast-site-content-layout":"","site-content-style":"default","site-sidebar-style":"default","ast-global-header-display":"","ast-banner-title-visibility":"","ast-main-header-display":"","ast-hfb-above-header-display":"","ast-hfb-below-header-display":"","ast-hfb-mobile-header-display":"","site-post-title":"","ast-breadcrumbs-content":"","ast-featured-img":"","footer-sml-layout":"","theme-transparent-header-meta":"","adv-header-id-meta":"","stick-header-meta":"","header-above-stick-meta":"","header-main-stick-meta":"","header-below-stick-meta":"","astra-migrate-meta-layouts":"default","ast-page-background-enabled":"default","ast-page-background-meta":{"desktop":{"background-color":"var(--ast-global-color-4)","background-image":"","background-repeat":"repeat","background-position":"center center","background-size":"auto","background-attachment":"scroll","background-type":"","background-media":"","overlay-type":"","overlay-color":"","overlay-opacity":"","overlay-gradient":""},"tablet":{"background-color":"","background-image":"","background-repeat":"repeat","background-position":"center center","background-size":"auto","background-attachment":"scroll","background-type":"","background-media":"","overlay-type":"","overlay-color":"","overlay-opacity":"","overlay-gradient":""},"mobile":{"background-color":"","background-image":"","background-repeat":"repeat","background-position":"center center","background-size":"auto","background-attachment":"scroll","background-type":"","background-media":"","overlay-type":"","overlay-color":"","overlay-opacity":"","overlay-gradient":""}},"ast-content-background-meta":{"desktop":{"background-color":"var(--ast-global-color-5)","background-image":"","background-repeat":"repeat","background-position":"center center","background-size":"auto","background-attachment":"scroll","background-type":"","background-media":"","overlay-type":"","overlay-color":"","overlay-opacity":"","overlay-gradient":""},"tablet":{"background-color":"var(--ast-global-color-5)","background-image":"","background-repeat":"repeat","background-position":"center center","background-size":"auto","background-attachment":"scroll","background-type":"","background-media":"","overlay-type":"","overlay-color":"","overlay-opacity":"","overlay-gradient":""},"mobile":{"background-color":"var(--ast-global-color-5)","background-image":"","background-repeat":"repeat","background-position":"center center","background-size":"auto","background-attachment":"scroll","background-type":"","background-media":"","overlay-type":"","overlay-color":"","overlay-opacity":"","overlay-gradient":""}},"footnotes":""},"categories":[141,140,21,1,4],"tags":[45],"class_list":["post-8919","post","type-post","status-publish","format-standard","has-post-thumbnail","hentry","category-comunitat-de-grans","category-infantil-2","category-infantil","category-general","category-portada","tag-tallers"],"post_mailing_queue_ids":[],"_links":{"self":[{"href":"https:\/\/agora.xtec.cat\/ceiplessavines\/wp-json\/wp\/v2\/posts\/8919","targetHints":{"allow":["GET"]}}],"collection":[{"href":"https:\/\/agora.xtec.cat\/ceiplessavines\/wp-json\/wp\/v2\/posts"}],"about":[{"href":"https:\/\/agora.xtec.cat\/ceiplessavines\/wp-json\/wp\/v2\/types\/post"}],"author":[{"embeddable":true,"href":"https:\/\/agora.xtec.cat\/ceiplessavines\/wp-json\/wp\/v2\/users\/9"}],"replies":[{"embeddable":true,"href":"https:\/\/agora.xtec.cat\/ceiplessavines\/wp-json\/wp\/v2\/comments?post=8919"}],"version-history":[{"count":3,"href":"https:\/\/agora.xtec.cat\/ceiplessavines\/wp-json\/wp\/v2\/posts\/8919\/revisions"}],"predecessor-version":[{"id":8923,"href":"https:\/\/agora.xtec.cat\/ceiplessavines\/wp-json\/wp\/v2\/posts\/8919\/revisions\/8923"}],"wp:featuredmedia":[{"embeddable":true,"href":"https:\/\/agora.xtec.cat\/ceiplessavines\/wp-json\/wp\/v2\/media\/8920"}],"wp:attachment":[{"href":"https:\/\/agora.xtec.cat\/ceiplessavines\/wp-json\/wp\/v2\/media?parent=8919"}],"wp:term":[{"taxonomy":"category","embeddable":true,"href":"https:\/\/agora.xtec.cat\/ceiplessavines\/wp-json\/wp\/v2\/categories?post=8919"},{"taxonomy":"post_tag","embeddable":true,"href":"https:\/\/agora.xtec.cat\/ceiplessavines\/wp-json\/wp\/v2\/tags?post=8919"}],"curies":[{"name":"wp","href":"https:\/\/api.w.org\/{rel}","templated":true}]}}