{"id":8722,"date":"2024-10-18T17:41:01","date_gmt":"2024-10-18T15:41:01","guid":{"rendered":"https:\/\/agora.xtec.cat\/ceiplessavines\/?p=8722"},"modified":"2024-10-18T17:41:01","modified_gmt":"2024-10-18T15:41:01","slug":"bibliomaleta","status":"publish","type":"post","link":"https:\/\/agora.xtec.cat\/ceiplessavines\/general\/bibliomaleta\/","title":{"rendered":"Bibliomaleta"},"content":{"rendered":"<p align=\"justify\"><span style=\"font-size: large;\">El dia 8 d&#8217;octubre vam comen\u00e7ar la bibliomaleta, consisteix a llegir llibres i apuntar-ho a una llibreta. En aquesta llibreta expliquem si ens han agradat els llibres i fem un dibuix.<br \/>\nA infantil fan el mateix, per\u00f2 enganxen un gomet a una graella al llibre que els ha agradat m\u00e9s i a la llibreta dibuixen alguna cosa relacionada amb el llibre. Els m\u00e9s grans fan un resum del que m\u00e9s els ha agradat.<\/p>\n<p>Tota l&#8217;escola fa aquesta activitat des d&#8217;I3 fins a 6\u00e8 de prim\u00e0ria. Aquesta activitat serveix per aprendre a llegir i fomentar el gust per la lectura.<\/span><a href=\"https:\/\/agora.xtec.cat\/ceiplessavines\/general\/bibliomaleta\/attachment\/bibliomaleta-2\/\" rel=\"attachment wp-att-8723\"><img loading=\"lazy\" decoding=\"async\" class=\"alignnone size-full wp-image-8723\" src=\"https:\/\/agora.xtec.cat\/ceiplessavines\/wp-content\/uploads\/usu230\/2024\/10\/bibliomaleta.png\" alt=\"\" width=\"360\" height=\"360\" srcset=\"https:\/\/agora.xtec.cat\/ceiplessavines\/wp-content\/uploads\/usu230\/2024\/10\/bibliomaleta.png 360w, https:\/\/agora.xtec.cat\/ceiplessavines\/wp-content\/uploads\/usu230\/2024\/10\/bibliomaleta-300x300.png 300w, https:\/\/agora.xtec.cat\/ceiplessavines\/wp-content\/uploads\/usu230\/2024\/10\/bibliomaleta-150x150.png 150w\" sizes=\"auto, (max-width: 360px) 100vw, 360px\" \/><\/a><\/p>\n","protected":false},"excerpt":{"rendered":"<p>El dia 8 d&#8217;octubre vam comen\u00e7ar la bibliomaleta, consisteix a llegir llibres i apuntar-ho a una llibreta. En aquesta llibreta expliquem si ens han agradat els llibres i fem un dibuix. A infantil fan el mateix, per\u00f2 enganxen un gomet a una graella al llibre que els ha agradat m\u00e9s i a la llibreta dibuixen [&hellip;]<\/p>\n","protected":false},"author":1,"featured_media":8723,"comment_status":"open","ping_status":"closed","sticky":false,"template":"","format":"standard","meta":{"_bbp_topic_count":0,"_bbp_reply_count":0,"_bbp_total_topic_count":0,"_bbp_total_reply_count":0,"_bbp_voice_count":0,"_bbp_anonymous_reply_count":0,"_bbp_topic_count_hidden":0,"_bbp_reply_count_hidden":0,"_bbp_forum_subforum_count":0,"site-sidebar-layout":"default","site-content-layout":"","ast-site-content-layout":"","site-content-style":"default","site-sidebar-style":"default","ast-global-header-display":"","ast-banner-title-visibility":"","ast-main-header-display":"","ast-hfb-above-header-display":"","ast-hfb-below-header-display":"","ast-hfb-mobile-header-display":"","site-post-title":"","ast-breadcrumbs-content":"","ast-featured-img":"","footer-sml-layout":"","theme-transparent-header-meta":"","adv-header-id-meta":"","stick-header-meta":"","header-above-stick-meta":"","header-main-stick-meta":"","header-below-stick-meta":"","astra-migrate-meta-layouts":"default","ast-page-background-enabled":"default","ast-page-background-meta":{"desktop":{"background-color":"var(--ast-global-color-4)","background-image":"","background-repeat":"repeat","background-position":"center center","background-size":"auto","background-attachment":"scroll","background-type":"","background-media":"","overlay-type":"","overlay-color":"","overlay-opacity":"","overlay-gradient":""},"tablet":{"background-color":"","background-image":"","background-repeat":"repeat","background-position":"center center","background-size":"auto","background-attachment":"scroll","background-type":"","background-media":"","overlay-type":"","overlay-color":"","overlay-opacity":"","overlay-gradient":""},"mobile":{"background-color":"","background-image":"","background-repeat":"repeat","background-position":"center center","background-size":"auto","background-attachment":"scroll","background-type":"","background-media":"","overlay-type":"","overlay-color":"","overlay-opacity":"","overlay-gradient":""}},"ast-content-background-meta":{"desktop":{"background-color":"var(--ast-global-color-5)","background-image":"","background-repeat":"repeat","background-position":"center center","background-size":"auto","background-attachment":"scroll","background-type":"","background-media":"","overlay-type":"","overlay-color":"","overlay-opacity":"","overlay-gradient":""},"tablet":{"background-color":"var(--ast-global-color-5)","background-image":"","background-repeat":"repeat","background-position":"center center","background-size":"auto","background-attachment":"scroll","background-type":"","background-media":"","overlay-type":"","overlay-color":"","overlay-opacity":"","overlay-gradient":""},"mobile":{"background-color":"var(--ast-global-color-5)","background-image":"","background-repeat":"repeat","background-position":"center center","background-size":"auto","background-attachment":"scroll","background-type":"","background-media":"","overlay-type":"","overlay-color":"","overlay-opacity":"","overlay-gradient":""}},"footnotes":""},"categories":[74,141,140,21,1,4],"tags":[142,108],"class_list":["post-8722","post","type-post","status-publish","format-standard","has-post-thumbnail","hentry","category-biblioteca","category-comunitat-de-grans","category-infantil-2","category-infantil","category-general","category-portada","tag-escola","tag-tallers-llengua"],"post_mailing_queue_ids":[],"_links":{"self":[{"href":"https:\/\/agora.xtec.cat\/ceiplessavines\/wp-json\/wp\/v2\/posts\/8722","targetHints":{"allow":["GET"]}}],"collection":[{"href":"https:\/\/agora.xtec.cat\/ceiplessavines\/wp-json\/wp\/v2\/posts"}],"about":[{"href":"https:\/\/agora.xtec.cat\/ceiplessavines\/wp-json\/wp\/v2\/types\/post"}],"author":[{"embeddable":true,"href":"https:\/\/agora.xtec.cat\/ceiplessavines\/wp-json\/wp\/v2\/users\/1"}],"replies":[{"embeddable":true,"href":"https:\/\/agora.xtec.cat\/ceiplessavines\/wp-json\/wp\/v2\/comments?post=8722"}],"version-history":[{"count":2,"href":"https:\/\/agora.xtec.cat\/ceiplessavines\/wp-json\/wp\/v2\/posts\/8722\/revisions"}],"predecessor-version":[{"id":8725,"href":"https:\/\/agora.xtec.cat\/ceiplessavines\/wp-json\/wp\/v2\/posts\/8722\/revisions\/8725"}],"wp:featuredmedia":[{"embeddable":true,"href":"https:\/\/agora.xtec.cat\/ceiplessavines\/wp-json\/wp\/v2\/media\/8723"}],"wp:attachment":[{"href":"https:\/\/agora.xtec.cat\/ceiplessavines\/wp-json\/wp\/v2\/media?parent=8722"}],"wp:term":[{"taxonomy":"category","embeddable":true,"href":"https:\/\/agora.xtec.cat\/ceiplessavines\/wp-json\/wp\/v2\/categories?post=8722"},{"taxonomy":"post_tag","embeddable":true,"href":"https:\/\/agora.xtec.cat\/ceiplessavines\/wp-json\/wp\/v2\/tags?post=8722"}],"curies":[{"name":"wp","href":"https:\/\/api.w.org\/{rel}","templated":true}]}}