{"id":8710,"date":"2024-10-18T17:09:50","date_gmt":"2024-10-18T15:09:50","guid":{"rendered":"https:\/\/agora.xtec.cat\/ceiplessavines\/?p=8710"},"modified":"2024-10-18T17:22:55","modified_gmt":"2024-10-18T15:22:55","slug":"lalumnat-de-6e-visita-larxiu","status":"publish","type":"post","link":"https:\/\/agora.xtec.cat\/ceiplessavines\/portada\/lalumnat-de-6e-visita-larxiu\/","title":{"rendered":"L&#8217;alumnat de 6\u00e8 visita l&#8217;arxiu"},"content":{"rendered":"<p style=\"text-align: justify;\" align=\"center\">El dia 16 de setembre del 2024 els nens i nenes de 6\u00e8 van anar a visitar l&#8217;arxiu comarcal de la Segarra.<\/p>\n<p style=\"text-align: justify;\" align=\"center\">Quan van entrar, els van ensenyar com funcionava un arxiu comarcal. Despr\u00e9s, van veure diferents documents de Cervera, des dels m\u00e9s nous fins als m\u00e9s antics. Tamb\u00e9 els van ensenyar el primer document de Cervera, que \u00e9s del 1332 i el pergam\u00ed m\u00e9s antic, del 1082. Seguidament, van fer una activitat comparant un cartell antic i un de nou, on van poder observar les difer\u00e8ncies en la manera d&#8217;escriure i fer els cartells d&#8217;abans i ara.<\/p>\n<p style=\"text-align: justify;\" align=\"center\">Va ser una visita molt interessant, on els i les alumnes de sis\u00e8 van aprendre el funcionament d&#8217;un lloc, com \u00e9s l&#8217;arxiu comarcal de la Segarra.<\/p>\n<p align=\"center\"><a href=\"https:\/\/agora.xtec.cat\/ceiplessavines\/comunitat-de-grans\/lalumnat-de-6e-visita-larxiu\/attachment\/arxiu-1\/\" rel=\"attachment wp-att-8711\"><img loading=\"lazy\" decoding=\"async\" class=\"alignnone size-full wp-image-8711\" src=\"https:\/\/agora.xtec.cat\/ceiplessavines\/wp-content\/uploads\/usu230\/2024\/10\/arxiu-1.jpg\" alt=\"\" width=\"245\" height=\"327\" srcset=\"https:\/\/agora.xtec.cat\/ceiplessavines\/wp-content\/uploads\/usu230\/2024\/10\/arxiu-1.jpg 245w, https:\/\/agora.xtec.cat\/ceiplessavines\/wp-content\/uploads\/usu230\/2024\/10\/arxiu-1-225x300.jpg 225w\" sizes=\"auto, (max-width: 245px) 100vw, 245px\" \/><\/a><\/p>\n","protected":false},"excerpt":{"rendered":"<p>El dia 16 de setembre del 2024 els nens i nenes de 6\u00e8 van anar a visitar l&#8217;arxiu comarcal de la Segarra. Quan van entrar, els van ensenyar com funcionava un arxiu comarcal. Despr\u00e9s, van veure diferents documents de Cervera, des dels m\u00e9s nous fins als m\u00e9s antics. Tamb\u00e9 els van ensenyar el primer document [&hellip;]<\/p>\n","protected":false},"author":1,"featured_media":8711,"comment_status":"open","ping_status":"closed","sticky":false,"template":"","format":"standard","meta":{"_bbp_topic_count":0,"_bbp_reply_count":0,"_bbp_total_topic_count":0,"_bbp_total_reply_count":0,"_bbp_voice_count":0,"_bbp_anonymous_reply_count":0,"_bbp_topic_count_hidden":0,"_bbp_reply_count_hidden":0,"_bbp_forum_subforum_count":0,"site-sidebar-layout":"default","site-content-layout":"","ast-site-content-layout":"","site-content-style":"default","site-sidebar-style":"default","ast-global-header-display":"","ast-banner-title-visibility":"","ast-main-header-display":"","ast-hfb-above-header-display":"","ast-hfb-below-header-display":"","ast-hfb-mobile-header-display":"","site-post-title":"","ast-breadcrumbs-content":"","ast-featured-img":"","footer-sml-layout":"","theme-transparent-header-meta":"","adv-header-id-meta":"","stick-header-meta":"","header-above-stick-meta":"","header-main-stick-meta":"","header-below-stick-meta":"","astra-migrate-meta-layouts":"default","ast-page-background-enabled":"default","ast-page-background-meta":{"desktop":{"background-color":"var(--ast-global-color-4)","background-image":"","background-repeat":"repeat","background-position":"center center","background-size":"auto","background-attachment":"scroll","background-type":"","background-media":"","overlay-type":"","overlay-color":"","overlay-opacity":"","overlay-gradient":""},"tablet":{"background-color":"","background-image":"","background-repeat":"repeat","background-position":"center center","background-size":"auto","background-attachment":"scroll","background-type":"","background-media":"","overlay-type":"","overlay-color":"","overlay-opacity":"","overlay-gradient":""},"mobile":{"background-color":"","background-image":"","background-repeat":"repeat","background-position":"center center","background-size":"auto","background-attachment":"scroll","background-type":"","background-media":"","overlay-type":"","overlay-color":"","overlay-opacity":"","overlay-gradient":""}},"ast-content-background-meta":{"desktop":{"background-color":"var(--ast-global-color-5)","background-image":"","background-repeat":"repeat","background-position":"center center","background-size":"auto","background-attachment":"scroll","background-type":"","background-media":"","overlay-type":"","overlay-color":"","overlay-opacity":"","overlay-gradient":""},"tablet":{"background-color":"var(--ast-global-color-5)","background-image":"","background-repeat":"repeat","background-position":"center center","background-size":"auto","background-attachment":"scroll","background-type":"","background-media":"","overlay-type":"","overlay-color":"","overlay-opacity":"","overlay-gradient":""},"mobile":{"background-color":"var(--ast-global-color-5)","background-image":"","background-repeat":"repeat","background-position":"center center","background-size":"auto","background-attachment":"scroll","background-type":"","background-media":"","overlay-type":"","overlay-color":"","overlay-opacity":"","overlay-gradient":""}},"footnotes":""},"categories":[141,4],"tags":[50,108],"class_list":["post-8710","post","type-post","status-publish","format-standard","has-post-thumbnail","hentry","category-comunitat-de-grans","category-portada","tag-6e","tag-tallers-llengua"],"post_mailing_queue_ids":[],"_links":{"self":[{"href":"https:\/\/agora.xtec.cat\/ceiplessavines\/wp-json\/wp\/v2\/posts\/8710","targetHints":{"allow":["GET"]}}],"collection":[{"href":"https:\/\/agora.xtec.cat\/ceiplessavines\/wp-json\/wp\/v2\/posts"}],"about":[{"href":"https:\/\/agora.xtec.cat\/ceiplessavines\/wp-json\/wp\/v2\/types\/post"}],"author":[{"embeddable":true,"href":"https:\/\/agora.xtec.cat\/ceiplessavines\/wp-json\/wp\/v2\/users\/1"}],"replies":[{"embeddable":true,"href":"https:\/\/agora.xtec.cat\/ceiplessavines\/wp-json\/wp\/v2\/comments?post=8710"}],"version-history":[{"count":4,"href":"https:\/\/agora.xtec.cat\/ceiplessavines\/wp-json\/wp\/v2\/posts\/8710\/revisions"}],"predecessor-version":[{"id":8715,"href":"https:\/\/agora.xtec.cat\/ceiplessavines\/wp-json\/wp\/v2\/posts\/8710\/revisions\/8715"}],"wp:featuredmedia":[{"embeddable":true,"href":"https:\/\/agora.xtec.cat\/ceiplessavines\/wp-json\/wp\/v2\/media\/8711"}],"wp:attachment":[{"href":"https:\/\/agora.xtec.cat\/ceiplessavines\/wp-json\/wp\/v2\/media?parent=8710"}],"wp:term":[{"taxonomy":"category","embeddable":true,"href":"https:\/\/agora.xtec.cat\/ceiplessavines\/wp-json\/wp\/v2\/categories?post=8710"},{"taxonomy":"post_tag","embeddable":true,"href":"https:\/\/agora.xtec.cat\/ceiplessavines\/wp-json\/wp\/v2\/tags?post=8710"}],"curies":[{"name":"wp","href":"https:\/\/api.w.org\/{rel}","templated":true}]}}