{"id":8460,"date":"2024-06-10T14:06:44","date_gmt":"2024-06-10T12:06:44","guid":{"rendered":"https:\/\/agora.xtec.cat\/ceiplessavines\/?p=8460"},"modified":"2024-06-10T14:08:45","modified_gmt":"2024-06-10T12:08:45","slug":"25-anys-de-la-xarxa-descoles-verdes","status":"publish","type":"post","link":"https:\/\/agora.xtec.cat\/ceiplessavines\/general\/25-anys-de-la-xarxa-descoles-verdes\/","title":{"rendered":"25 ANYS DE LA XARXA D&#8217;ESCOLES VERDES"},"content":{"rendered":"<p style=\"text-align: justify;\">El passat divendres 7 de juny, les persones delegades verdes de cada classe i dos mestres de l&#8217;escola vam assistir a la trobada de celebraci\u00f3 dels 25 anys de la creaci\u00f3 de la Xarxa d&#8217;Escoles Verdes.<\/p>\n<p style=\"text-align: justify;\">En aquesta jornada hi estaven convidades totes les escoles de Catalunya que eren escola verda i tamb\u00e9 les noves escoles a les quals se&#8217;ls hi lliurava el distintiu. Durant tot el mat\u00ed vam poder gaudir de diferents tallers, zones de joc i espectacles.<\/p>\n<p style=\"text-align: justify;\">Nosaltres vam assistir al taller de papallones, on vam descobrir moltes coses d&#8217;aquests insectes. Tamb\u00e9 vam poder fer de cuiners i cuineres i fer un rotllet vietnamita que estava d&#8217;all\u00f2 m\u00e9s bo i per acabar vam assistir a un teatre que tractava el tema de a compra i venda de productes frescos i de proximitat.<\/p>\n<p>Va ser una jornada molt bonica on vam poder formar part d&#8217;una gran celebraci\u00f3. Per molts anys i que puguem celebrar-ne 25 m\u00e9s.<\/p>\n<p><a href=\"https:\/\/agora.xtec.cat\/ceiplessavines\/general\/25-anys-de-la-xarxa-descoles-verdes\/attachment\/img_20240607_104500\/\" rel=\"attachment wp-att-8461\"><img loading=\"lazy\" decoding=\"async\" class=\"alignright wp-image-8461\" src=\"https:\/\/agora.xtec.cat\/ceiplessavines\/wp-content\/uploads\/usu230\/2024\/06\/IMG_20240607_104500.jpg\" alt=\"\" width=\"365\" height=\"274\" srcset=\"https:\/\/agora.xtec.cat\/ceiplessavines\/wp-content\/uploads\/usu230\/2024\/06\/IMG_20240607_104500.jpg 2000w, https:\/\/agora.xtec.cat\/ceiplessavines\/wp-content\/uploads\/usu230\/2024\/06\/IMG_20240607_104500-300x225.jpg 300w, https:\/\/agora.xtec.cat\/ceiplessavines\/wp-content\/uploads\/usu230\/2024\/06\/IMG_20240607_104500-1024x768.jpg 1024w, https:\/\/agora.xtec.cat\/ceiplessavines\/wp-content\/uploads\/usu230\/2024\/06\/IMG_20240607_104500-768x576.jpg 768w, https:\/\/agora.xtec.cat\/ceiplessavines\/wp-content\/uploads\/usu230\/2024\/06\/IMG_20240607_104500-1536x1152.jpg 1536w, https:\/\/agora.xtec.cat\/ceiplessavines\/wp-content\/uploads\/usu230\/2024\/06\/IMG_20240607_104500-200x150.jpg 200w\" sizes=\"auto, (max-width: 365px) 100vw, 365px\" \/><\/a><\/p>\n<p><a href=\"https:\/\/agora.xtec.cat\/ceiplessavines\/general\/25-anys-de-la-xarxa-descoles-verdes\/attachment\/img_20240607_112407\/\" rel=\"attachment wp-att-8462\"><img loading=\"lazy\" decoding=\"async\" class=\"alignleft wp-image-8462\" src=\"https:\/\/agora.xtec.cat\/ceiplessavines\/wp-content\/uploads\/usu230\/2024\/06\/IMG_20240607_112407-scaled.jpg\" alt=\"\" width=\"365\" height=\"487\" srcset=\"https:\/\/agora.xtec.cat\/ceiplessavines\/wp-content\/uploads\/usu230\/2024\/06\/IMG_20240607_112407-scaled.jpg 1920w, https:\/\/agora.xtec.cat\/ceiplessavines\/wp-content\/uploads\/usu230\/2024\/06\/IMG_20240607_112407-225x300.jpg 225w, https:\/\/agora.xtec.cat\/ceiplessavines\/wp-content\/uploads\/usu230\/2024\/06\/IMG_20240607_112407-768x1024.jpg 768w, https:\/\/agora.xtec.cat\/ceiplessavines\/wp-content\/uploads\/usu230\/2024\/06\/IMG_20240607_112407-1152x1536.jpg 1152w, https:\/\/agora.xtec.cat\/ceiplessavines\/wp-content\/uploads\/usu230\/2024\/06\/IMG_20240607_112407-1536x2048.jpg 1536w\" sizes=\"auto, (max-width: 365px) 100vw, 365px\" \/><\/a><\/p>\n<p>&nbsp;<\/p>\n<p>&nbsp;<\/p>\n<p>&nbsp;<\/p>\n<p>&nbsp;<\/p>\n<p>&nbsp;<\/p>\n<p>&nbsp;<\/p>\n<p>&nbsp;<\/p>\n<p>&nbsp;<\/p>\n<p>&nbsp;<\/p>\n<p>&nbsp;<\/p>\n<p>&nbsp;<\/p>\n<p><a href=\"https:\/\/agora.xtec.cat\/ceiplessavines\/general\/25-anys-de-la-xarxa-descoles-verdes\/attachment\/img_20240607_115322\/\" rel=\"attachment wp-att-8463\"><img loading=\"lazy\" decoding=\"async\" class=\"alignright wp-image-8463\" src=\"https:\/\/agora.xtec.cat\/ceiplessavines\/wp-content\/uploads\/usu230\/2024\/06\/IMG_20240607_115322.jpg\" alt=\"\" width=\"364\" height=\"273\" srcset=\"https:\/\/agora.xtec.cat\/ceiplessavines\/wp-content\/uploads\/usu230\/2024\/06\/IMG_20240607_115322.jpg 2000w, https:\/\/agora.xtec.cat\/ceiplessavines\/wp-content\/uploads\/usu230\/2024\/06\/IMG_20240607_115322-300x225.jpg 300w, https:\/\/agora.xtec.cat\/ceiplessavines\/wp-content\/uploads\/usu230\/2024\/06\/IMG_20240607_115322-1024x768.jpg 1024w, https:\/\/agora.xtec.cat\/ceiplessavines\/wp-content\/uploads\/usu230\/2024\/06\/IMG_20240607_115322-768x576.jpg 768w, https:\/\/agora.xtec.cat\/ceiplessavines\/wp-content\/uploads\/usu230\/2024\/06\/IMG_20240607_115322-1536x1152.jpg 1536w, https:\/\/agora.xtec.cat\/ceiplessavines\/wp-content\/uploads\/usu230\/2024\/06\/IMG_20240607_115322-200x150.jpg 200w\" sizes=\"auto, (max-width: 364px) 100vw, 364px\" \/><\/a><\/p>\n<p>&nbsp;<\/p>\n<p>&nbsp;<\/p>\n<p>&nbsp;<\/p>\n<p>&nbsp;<\/p>\n<p>&nbsp;<\/p>\n<p>&nbsp;<\/p>\n<p>&nbsp;<\/p>\n<p>&nbsp;<\/p>\n<p>&nbsp;<\/p>\n<p>&nbsp;<\/p>\n<p>&nbsp;<\/p>\n<p>La comissi\u00f3 d&#8217;escoles verdes.<\/p>\n","protected":false},"excerpt":{"rendered":"<p>El passat divendres 7 de juny, les persones delegades verdes de cada classe i dos mestres de l&#8217;escola vam assistir a la trobada de celebraci\u00f3 dels 25 anys de la creaci\u00f3 de la Xarxa d&#8217;Escoles Verdes. En aquesta jornada hi estaven convidades totes les escoles de Catalunya que eren escola verda i tamb\u00e9 les noves [&hellip;]<\/p>\n","protected":false},"author":1,"featured_media":8464,"comment_status":"open","ping_status":"closed","sticky":false,"template":"","format":"standard","meta":{"_bbp_topic_count":0,"_bbp_reply_count":0,"_bbp_total_topic_count":0,"_bbp_total_reply_count":0,"_bbp_voice_count":0,"_bbp_anonymous_reply_count":0,"_bbp_topic_count_hidden":0,"_bbp_reply_count_hidden":0,"_bbp_forum_subforum_count":0,"site-sidebar-layout":"default","site-content-layout":"","ast-site-content-layout":"","site-content-style":"default","site-sidebar-style":"default","ast-global-header-display":"","ast-banner-title-visibility":"","ast-main-header-display":"","ast-hfb-above-header-display":"","ast-hfb-below-header-display":"","ast-hfb-mobile-header-display":"","site-post-title":"","ast-breadcrumbs-content":"","ast-featured-img":"","footer-sml-layout":"","theme-transparent-header-meta":"","adv-header-id-meta":"","stick-header-meta":"","header-above-stick-meta":"","header-main-stick-meta":"","header-below-stick-meta":"","astra-migrate-meta-layouts":"default","ast-page-background-enabled":"default","ast-page-background-meta":{"desktop":{"background-color":"var(--ast-global-color-4)","background-image":"","background-repeat":"repeat","background-position":"center center","background-size":"auto","background-attachment":"scroll","background-type":"","background-media":"","overlay-type":"","overlay-color":"","overlay-opacity":"","overlay-gradient":""},"tablet":{"background-color":"","background-image":"","background-repeat":"repeat","background-position":"center center","background-size":"auto","background-attachment":"scroll","background-type":"","background-media":"","overlay-type":"","overlay-color":"","overlay-opacity":"","overlay-gradient":""},"mobile":{"background-color":"","background-image":"","background-repeat":"repeat","background-position":"center center","background-size":"auto","background-attachment":"scroll","background-type":"","background-media":"","overlay-type":"","overlay-color":"","overlay-opacity":"","overlay-gradient":""}},"ast-content-background-meta":{"desktop":{"background-color":"var(--ast-global-color-5)","background-image":"","background-repeat":"repeat","background-position":"center center","background-size":"auto","background-attachment":"scroll","background-type":"","background-media":"","overlay-type":"","overlay-color":"","overlay-opacity":"","overlay-gradient":""},"tablet":{"background-color":"var(--ast-global-color-5)","background-image":"","background-repeat":"repeat","background-position":"center center","background-size":"auto","background-attachment":"scroll","background-type":"","background-media":"","overlay-type":"","overlay-color":"","overlay-opacity":"","overlay-gradient":""},"mobile":{"background-color":"var(--ast-global-color-5)","background-image":"","background-repeat":"repeat","background-position":"center center","background-size":"auto","background-attachment":"scroll","background-type":"","background-media":"","overlay-type":"","overlay-color":"","overlay-opacity":"","overlay-gradient":""}},"footnotes":""},"categories":[141,140,21,73,1,4],"tags":[],"class_list":["post-8460","post","type-post","status-publish","format-standard","has-post-thumbnail","hentry","category-comunitat-de-grans","category-infantil-2","category-infantil","category-ev","category-general","category-portada"],"post_mailing_queue_ids":[],"_links":{"self":[{"href":"https:\/\/agora.xtec.cat\/ceiplessavines\/wp-json\/wp\/v2\/posts\/8460","targetHints":{"allow":["GET"]}}],"collection":[{"href":"https:\/\/agora.xtec.cat\/ceiplessavines\/wp-json\/wp\/v2\/posts"}],"about":[{"href":"https:\/\/agora.xtec.cat\/ceiplessavines\/wp-json\/wp\/v2\/types\/post"}],"author":[{"embeddable":true,"href":"https:\/\/agora.xtec.cat\/ceiplessavines\/wp-json\/wp\/v2\/users\/1"}],"replies":[{"embeddable":true,"href":"https:\/\/agora.xtec.cat\/ceiplessavines\/wp-json\/wp\/v2\/comments?post=8460"}],"version-history":[{"count":4,"href":"https:\/\/agora.xtec.cat\/ceiplessavines\/wp-json\/wp\/v2\/posts\/8460\/revisions"}],"predecessor-version":[{"id":8468,"href":"https:\/\/agora.xtec.cat\/ceiplessavines\/wp-json\/wp\/v2\/posts\/8460\/revisions\/8468"}],"wp:featuredmedia":[{"embeddable":true,"href":"https:\/\/agora.xtec.cat\/ceiplessavines\/wp-json\/wp\/v2\/media\/8464"}],"wp:attachment":[{"href":"https:\/\/agora.xtec.cat\/ceiplessavines\/wp-json\/wp\/v2\/media?parent=8460"}],"wp:term":[{"taxonomy":"category","embeddable":true,"href":"https:\/\/agora.xtec.cat\/ceiplessavines\/wp-json\/wp\/v2\/categories?post=8460"},{"taxonomy":"post_tag","embeddable":true,"href":"https:\/\/agora.xtec.cat\/ceiplessavines\/wp-json\/wp\/v2\/tags?post=8460"}],"curies":[{"name":"wp","href":"https:\/\/api.w.org\/{rel}","templated":true}]}}