{"id":8423,"date":"2024-06-06T09:53:54","date_gmt":"2024-06-06T07:53:54","guid":{"rendered":"https:\/\/agora.xtec.cat\/ceiplessavines\/?p=8423"},"modified":"2024-06-06T09:54:33","modified_gmt":"2024-06-06T07:54:33","slug":"celebrem-el-dia-mundial-del-medi-ambient-2","status":"publish","type":"post","link":"https:\/\/agora.xtec.cat\/ceiplessavines\/general\/celebrem-el-dia-mundial-del-medi-ambient-2\/","title":{"rendered":"CELEBREM EL DIA MUNDIAL DEL MEDI AMBIENT"},"content":{"rendered":"<p>&nbsp;<\/p>\n<p style=\"text-align: center;\"><a href=\"https:\/\/agora.xtec.cat\/ceiplessavines\/general\/celebrem-el-dia-mundial-del-medi-ambient-2\/attachment\/img_20240605_095858\/\" rel=\"attachment wp-att-8424\"><img loading=\"lazy\" decoding=\"async\" class=\"alignnone wp-image-8424\" src=\"https:\/\/agora.xtec.cat\/ceiplessavines\/wp-content\/uploads\/usu230\/2024\/06\/IMG_20240605_095858.jpg\" alt=\"\" width=\"479\" height=\"359\" srcset=\"https:\/\/agora.xtec.cat\/ceiplessavines\/wp-content\/uploads\/usu230\/2024\/06\/IMG_20240605_095858.jpg 2000w, https:\/\/agora.xtec.cat\/ceiplessavines\/wp-content\/uploads\/usu230\/2024\/06\/IMG_20240605_095858-300x225.jpg 300w, https:\/\/agora.xtec.cat\/ceiplessavines\/wp-content\/uploads\/usu230\/2024\/06\/IMG_20240605_095858-1024x766.jpg 1024w, https:\/\/agora.xtec.cat\/ceiplessavines\/wp-content\/uploads\/usu230\/2024\/06\/IMG_20240605_095858-768x575.jpg 768w, https:\/\/agora.xtec.cat\/ceiplessavines\/wp-content\/uploads\/usu230\/2024\/06\/IMG_20240605_095858-1536x1150.jpg 1536w, https:\/\/agora.xtec.cat\/ceiplessavines\/wp-content\/uploads\/usu230\/2024\/06\/IMG_20240605_095858-200x150.jpg 200w\" sizes=\"auto, (max-width: 479px) 100vw, 479px\" \/><\/a><\/p>\n<p>&nbsp;<\/p>\n<p><a href=\"https:\/\/agora.xtec.cat\/ceiplessavines\/general\/celebrem-el-dia-mundial-del-medi-ambient-2\/attachment\/img_20240605_101111\/\" rel=\"attachment wp-att-8425\"><img loading=\"lazy\" decoding=\"async\" class=\"wp-image-8425 aligncenter\" src=\"https:\/\/agora.xtec.cat\/ceiplessavines\/wp-content\/uploads\/usu230\/2024\/06\/IMG_20240605_101111-scaled.jpg\" alt=\"\" width=\"495\" height=\"662\" srcset=\"https:\/\/agora.xtec.cat\/ceiplessavines\/wp-content\/uploads\/usu230\/2024\/06\/IMG_20240605_101111-scaled.jpg 1915w, https:\/\/agora.xtec.cat\/ceiplessavines\/wp-content\/uploads\/usu230\/2024\/06\/IMG_20240605_101111-224x300.jpg 224w, https:\/\/agora.xtec.cat\/ceiplessavines\/wp-content\/uploads\/usu230\/2024\/06\/IMG_20240605_101111-766x1024.jpg 766w, https:\/\/agora.xtec.cat\/ceiplessavines\/wp-content\/uploads\/usu230\/2024\/06\/IMG_20240605_101111-768x1026.jpg 768w, https:\/\/agora.xtec.cat\/ceiplessavines\/wp-content\/uploads\/usu230\/2024\/06\/IMG_20240605_101111-1149x1536.jpg 1149w, https:\/\/agora.xtec.cat\/ceiplessavines\/wp-content\/uploads\/usu230\/2024\/06\/IMG_20240605_101111-1532x2048.jpg 1532w\" sizes=\"auto, (max-width: 495px) 100vw, 495px\" \/><\/a><\/p>\n<p>&nbsp;<\/p>\n<p><a href=\"https:\/\/agora.xtec.cat\/ceiplessavines\/general\/celebrem-el-dia-mundial-del-medi-ambient-2\/attachment\/img-20240605-wa0023\/\" rel=\"attachment wp-att-8426\"><img loading=\"lazy\" decoding=\"async\" class=\"wp-image-8426 aligncenter\" src=\"https:\/\/agora.xtec.cat\/ceiplessavines\/wp-content\/uploads\/usu230\/2024\/06\/IMG-20240605-WA0023.jpg\" alt=\"\" width=\"495\" height=\"371\" srcset=\"https:\/\/agora.xtec.cat\/ceiplessavines\/wp-content\/uploads\/usu230\/2024\/06\/IMG-20240605-WA0023.jpg 2000w, https:\/\/agora.xtec.cat\/ceiplessavines\/wp-content\/uploads\/usu230\/2024\/06\/IMG-20240605-WA0023-300x225.jpg 300w, https:\/\/agora.xtec.cat\/ceiplessavines\/wp-content\/uploads\/usu230\/2024\/06\/IMG-20240605-WA0023-1024x768.jpg 1024w, https:\/\/agora.xtec.cat\/ceiplessavines\/wp-content\/uploads\/usu230\/2024\/06\/IMG-20240605-WA0023-768x576.jpg 768w, https:\/\/agora.xtec.cat\/ceiplessavines\/wp-content\/uploads\/usu230\/2024\/06\/IMG-20240605-WA0023-1536x1152.jpg 1536w, https:\/\/agora.xtec.cat\/ceiplessavines\/wp-content\/uploads\/usu230\/2024\/06\/IMG-20240605-WA0023-200x150.jpg 200w\" sizes=\"auto, (max-width: 495px) 100vw, 495px\" \/><\/a><\/p>\n<p>Hola a tots i a totes,<\/p>\n<p style=\"text-align: justify;\">Com cada 5 de juny, a l&#8217;escola, celebrem el dia Mundial del Medi Ambient.<\/p>\n<p style=\"text-align: justify;\">Aquesta festivitat ens va molt b\u00e9 per concloure l&#8217;any escolar pel que fa a les accions mediambientals que es realitzen des de l&#8217;escola com la Setmana Europea de la Prevenci\u00f3 de residus on realitzem visites i diferents tallers relacionats amb el reciclatge; les accions de neteja emmarcades en el programa Let&#8217;s Clean Up Europe i tamb\u00e9 altres activitats que anem realitzan durant el curs.<\/p>\n<p style=\"text-align: justify;\">Aquest any, vam celebrar el dia fent els comiats des les persones delegades de 2n, 4t\u00a0 i 6\u00e8. Tamb\u00e9 vam guarnir l&#8217;ametller de l&#8217;escola amb garlandes que ens transmetien missatges relacionats amb el medi ambient.<\/p>\n<p style=\"text-align: justify;\">L&#8217;acte de cloenda el vam fer al bosquet. En aquest espai hi cantava l&#8217;alumnat de 4t de totes les escoles de Cervera, els quals van participar en el programa &#8220;Dona la Nota&#8221; que aquest any anava dirigit a cantar pel Canvi Clim\u00e0tic. Aprofitant aquesta trobada vam poder escoltar-los. En acabar, l&#8217;alumnat de les Savines va cantar conjuntament la can\u00e7\u00f3 &#8220;Do it now&#8221; on tamb\u00e9 els nens i nenes de 5\u00e8 de la mateixa escola hi van participar acompanyant amb instruments. En aquest acte final es van quedar com a espectadors l&#8217;alumnat de l&#8217;escola Jaume Balmes.<\/p>\n<p style=\"text-align: justify;\">Un any m\u00e9s hem celebrat aquest dia tan important per la natura. Esperem i desitgem que el curs vinent el puguem tornar a celebrar amb les mateixes ganes i energia.<\/p>\n<p style=\"text-align: justify;\">La comissi\u00f3 d&#8217;escoles verdes.<\/p>\n","protected":false},"excerpt":{"rendered":"<p>&nbsp; &nbsp; &nbsp; Hola a tots i a totes, Com cada 5 de juny, a l&#8217;escola, celebrem el dia Mundial del Medi Ambient. Aquesta festivitat ens va molt b\u00e9 per concloure l&#8217;any escolar pel que fa a les accions mediambientals que es realitzen des de l&#8217;escola com la Setmana Europea de la Prevenci\u00f3 de residus [&hellip;]<\/p>\n","protected":false},"author":1,"featured_media":8426,"comment_status":"open","ping_status":"closed","sticky":false,"template":"","format":"standard","meta":{"_bbp_topic_count":0,"_bbp_reply_count":0,"_bbp_total_topic_count":0,"_bbp_total_reply_count":0,"_bbp_voice_count":0,"_bbp_anonymous_reply_count":0,"_bbp_topic_count_hidden":0,"_bbp_reply_count_hidden":0,"_bbp_forum_subforum_count":0,"site-sidebar-layout":"default","site-content-layout":"","ast-site-content-layout":"","site-content-style":"default","site-sidebar-style":"default","ast-global-header-display":"","ast-banner-title-visibility":"","ast-main-header-display":"","ast-hfb-above-header-display":"","ast-hfb-below-header-display":"","ast-hfb-mobile-header-display":"","site-post-title":"","ast-breadcrumbs-content":"","ast-featured-img":"","footer-sml-layout":"","theme-transparent-header-meta":"","adv-header-id-meta":"","stick-header-meta":"","header-above-stick-meta":"","header-main-stick-meta":"","header-below-stick-meta":"","astra-migrate-meta-layouts":"default","ast-page-background-enabled":"default","ast-page-background-meta":{"desktop":{"background-color":"var(--ast-global-color-4)","background-image":"","background-repeat":"repeat","background-position":"center center","background-size":"auto","background-attachment":"scroll","background-type":"","background-media":"","overlay-type":"","overlay-color":"","overlay-opacity":"","overlay-gradient":""},"tablet":{"background-color":"","background-image":"","background-repeat":"repeat","background-position":"center center","background-size":"auto","background-attachment":"scroll","background-type":"","background-media":"","overlay-type":"","overlay-color":"","overlay-opacity":"","overlay-gradient":""},"mobile":{"background-color":"","background-image":"","background-repeat":"repeat","background-position":"center center","background-size":"auto","background-attachment":"scroll","background-type":"","background-media":"","overlay-type":"","overlay-color":"","overlay-opacity":"","overlay-gradient":""}},"ast-content-background-meta":{"desktop":{"background-color":"var(--ast-global-color-5)","background-image":"","background-repeat":"repeat","background-position":"center center","background-size":"auto","background-attachment":"scroll","background-type":"","background-media":"","overlay-type":"","overlay-color":"","overlay-opacity":"","overlay-gradient":""},"tablet":{"background-color":"var(--ast-global-color-5)","background-image":"","background-repeat":"repeat","background-position":"center center","background-size":"auto","background-attachment":"scroll","background-type":"","background-media":"","overlay-type":"","overlay-color":"","overlay-opacity":"","overlay-gradient":""},"mobile":{"background-color":"var(--ast-global-color-5)","background-image":"","background-repeat":"repeat","background-position":"center center","background-size":"auto","background-attachment":"scroll","background-type":"","background-media":"","overlay-type":"","overlay-color":"","overlay-opacity":"","overlay-gradient":""}},"footnotes":""},"categories":[141,140,21,73,1,4],"tags":[],"class_list":["post-8423","post","type-post","status-publish","format-standard","has-post-thumbnail","hentry","category-comunitat-de-grans","category-infantil-2","category-infantil","category-ev","category-general","category-portada"],"post_mailing_queue_ids":[],"_links":{"self":[{"href":"https:\/\/agora.xtec.cat\/ceiplessavines\/wp-json\/wp\/v2\/posts\/8423","targetHints":{"allow":["GET"]}}],"collection":[{"href":"https:\/\/agora.xtec.cat\/ceiplessavines\/wp-json\/wp\/v2\/posts"}],"about":[{"href":"https:\/\/agora.xtec.cat\/ceiplessavines\/wp-json\/wp\/v2\/types\/post"}],"author":[{"embeddable":true,"href":"https:\/\/agora.xtec.cat\/ceiplessavines\/wp-json\/wp\/v2\/users\/1"}],"replies":[{"embeddable":true,"href":"https:\/\/agora.xtec.cat\/ceiplessavines\/wp-json\/wp\/v2\/comments?post=8423"}],"version-history":[{"count":3,"href":"https:\/\/agora.xtec.cat\/ceiplessavines\/wp-json\/wp\/v2\/posts\/8423\/revisions"}],"predecessor-version":[{"id":8429,"href":"https:\/\/agora.xtec.cat\/ceiplessavines\/wp-json\/wp\/v2\/posts\/8423\/revisions\/8429"}],"wp:featuredmedia":[{"embeddable":true,"href":"https:\/\/agora.xtec.cat\/ceiplessavines\/wp-json\/wp\/v2\/media\/8426"}],"wp:attachment":[{"href":"https:\/\/agora.xtec.cat\/ceiplessavines\/wp-json\/wp\/v2\/media?parent=8423"}],"wp:term":[{"taxonomy":"category","embeddable":true,"href":"https:\/\/agora.xtec.cat\/ceiplessavines\/wp-json\/wp\/v2\/categories?post=8423"},{"taxonomy":"post_tag","embeddable":true,"href":"https:\/\/agora.xtec.cat\/ceiplessavines\/wp-json\/wp\/v2\/tags?post=8423"}],"curies":[{"name":"wp","href":"https:\/\/api.w.org\/{rel}","templated":true}]}}