{"id":8400,"date":"2024-05-23T15:10:08","date_gmt":"2024-05-23T13:10:08","guid":{"rendered":"https:\/\/agora.xtec.cat\/ceiplessavines\/?p=8400"},"modified":"2024-05-23T15:10:09","modified_gmt":"2024-05-23T13:10:09","slug":"ultim-comite-ambiental-del-curs","status":"publish","type":"post","link":"https:\/\/agora.xtec.cat\/ceiplessavines\/general\/ultim-comite-ambiental-del-curs\/","title":{"rendered":"\u00daLTIM COMIT\u00c8 AMBIENTAL DEL CURS"},"content":{"rendered":"<p>&nbsp;<\/p>\n<p style=\"text-align: center;\"><a href=\"https:\/\/agora.xtec.cat\/ceiplessavines\/general\/ultim-comite-ambiental-del-curs\/attachment\/img-20240523-wa0023\/\" rel=\"attachment wp-att-8401\"><img loading=\"lazy\" decoding=\"async\" class=\"alignnone size-full wp-image-8401\" src=\"https:\/\/agora.xtec.cat\/ceiplessavines\/wp-content\/uploads\/usu230\/2024\/05\/IMG-20240523-WA0023.jpg\" alt=\"\" width=\"2048\" height=\"1536\" srcset=\"https:\/\/agora.xtec.cat\/ceiplessavines\/wp-content\/uploads\/usu230\/2024\/05\/IMG-20240523-WA0023.jpg 2048w, https:\/\/agora.xtec.cat\/ceiplessavines\/wp-content\/uploads\/usu230\/2024\/05\/IMG-20240523-WA0023-300x225.jpg 300w, https:\/\/agora.xtec.cat\/ceiplessavines\/wp-content\/uploads\/usu230\/2024\/05\/IMG-20240523-WA0023-1024x768.jpg 1024w, https:\/\/agora.xtec.cat\/ceiplessavines\/wp-content\/uploads\/usu230\/2024\/05\/IMG-20240523-WA0023-768x576.jpg 768w, https:\/\/agora.xtec.cat\/ceiplessavines\/wp-content\/uploads\/usu230\/2024\/05\/IMG-20240523-WA0023-1536x1152.jpg 1536w, https:\/\/agora.xtec.cat\/ceiplessavines\/wp-content\/uploads\/usu230\/2024\/05\/IMG-20240523-WA0023-200x150.jpg 200w\" sizes=\"auto, (max-width: 2048px) 100vw, 2048px\" \/><\/a><\/p>\n<p>Avui\u00a0 ha tingut lloc l&#8217;\u00faltim comit\u00e8 ambiental del curs. Durant aquest curs hem fet tres trobades, una per trimestre.<\/p>\n<p>El comit\u00e8 \u00e9s una assemblea emmarcada dins de la tasca d&#8217;escoles verdes que vetlla per millorar l&#8217;entorn ambiental de la nostra escola i tamb\u00e9 gestiona i pensa accions que es puguin desenvolupar per treballar en la tasca de la cura del medi ambient.<\/p>\n<p>En aquest comit\u00e8 hi estan representats l&#8217;alumnat, el professorat, el personal del PAS, el personal del menjador, el sector fam\u00edlies, l&#8217;AFA i tamb\u00e9 l&#8217;Ajuntament.<\/p>\n<p>Estem molt agra\u00efts per tota la implicaci\u00f3 en el comit\u00e8 ambiental i desitgem que el curs vinent puguem tornar a reprendre aquestes trobades amb molta energia.<\/p>\n<p>La comissi\u00f3 d&#8217;escoles verdes.<\/p>\n","protected":false},"excerpt":{"rendered":"<p>&nbsp; Avui\u00a0 ha tingut lloc l&#8217;\u00faltim comit\u00e8 ambiental del curs. Durant aquest curs hem fet tres trobades, una per trimestre. El comit\u00e8 \u00e9s una assemblea emmarcada dins de la tasca d&#8217;escoles verdes que vetlla per millorar l&#8217;entorn ambiental de la nostra escola i tamb\u00e9 gestiona i pensa accions que es puguin desenvolupar per treballar en [&hellip;]<\/p>\n","protected":false},"author":1,"featured_media":8401,"comment_status":"open","ping_status":"closed","sticky":false,"template":"","format":"standard","meta":{"_bbp_topic_count":0,"_bbp_reply_count":0,"_bbp_total_topic_count":0,"_bbp_total_reply_count":0,"_bbp_voice_count":0,"_bbp_anonymous_reply_count":0,"_bbp_topic_count_hidden":0,"_bbp_reply_count_hidden":0,"_bbp_forum_subforum_count":0,"site-sidebar-layout":"default","site-content-layout":"","ast-site-content-layout":"","site-content-style":"default","site-sidebar-style":"default","ast-global-header-display":"","ast-banner-title-visibility":"","ast-main-header-display":"","ast-hfb-above-header-display":"","ast-hfb-below-header-display":"","ast-hfb-mobile-header-display":"","site-post-title":"","ast-breadcrumbs-content":"","ast-featured-img":"","footer-sml-layout":"","theme-transparent-header-meta":"","adv-header-id-meta":"","stick-header-meta":"","header-above-stick-meta":"","header-main-stick-meta":"","header-below-stick-meta":"","astra-migrate-meta-layouts":"default","ast-page-background-enabled":"default","ast-page-background-meta":{"desktop":{"background-color":"var(--ast-global-color-4)","background-image":"","background-repeat":"repeat","background-position":"center center","background-size":"auto","background-attachment":"scroll","background-type":"","background-media":"","overlay-type":"","overlay-color":"","overlay-opacity":"","overlay-gradient":""},"tablet":{"background-color":"","background-image":"","background-repeat":"repeat","background-position":"center center","background-size":"auto","background-attachment":"scroll","background-type":"","background-media":"","overlay-type":"","overlay-color":"","overlay-opacity":"","overlay-gradient":""},"mobile":{"background-color":"","background-image":"","background-repeat":"repeat","background-position":"center center","background-size":"auto","background-attachment":"scroll","background-type":"","background-media":"","overlay-type":"","overlay-color":"","overlay-opacity":"","overlay-gradient":""}},"ast-content-background-meta":{"desktop":{"background-color":"var(--ast-global-color-5)","background-image":"","background-repeat":"repeat","background-position":"center center","background-size":"auto","background-attachment":"scroll","background-type":"","background-media":"","overlay-type":"","overlay-color":"","overlay-opacity":"","overlay-gradient":""},"tablet":{"background-color":"var(--ast-global-color-5)","background-image":"","background-repeat":"repeat","background-position":"center center","background-size":"auto","background-attachment":"scroll","background-type":"","background-media":"","overlay-type":"","overlay-color":"","overlay-opacity":"","overlay-gradient":""},"mobile":{"background-color":"var(--ast-global-color-5)","background-image":"","background-repeat":"repeat","background-position":"center center","background-size":"auto","background-attachment":"scroll","background-type":"","background-media":"","overlay-type":"","overlay-color":"","overlay-opacity":"","overlay-gradient":""}},"footnotes":""},"categories":[73,1,4],"tags":[],"class_list":["post-8400","post","type-post","status-publish","format-standard","has-post-thumbnail","hentry","category-ev","category-general","category-portada"],"post_mailing_queue_ids":[],"_links":{"self":[{"href":"https:\/\/agora.xtec.cat\/ceiplessavines\/wp-json\/wp\/v2\/posts\/8400","targetHints":{"allow":["GET"]}}],"collection":[{"href":"https:\/\/agora.xtec.cat\/ceiplessavines\/wp-json\/wp\/v2\/posts"}],"about":[{"href":"https:\/\/agora.xtec.cat\/ceiplessavines\/wp-json\/wp\/v2\/types\/post"}],"author":[{"embeddable":true,"href":"https:\/\/agora.xtec.cat\/ceiplessavines\/wp-json\/wp\/v2\/users\/1"}],"replies":[{"embeddable":true,"href":"https:\/\/agora.xtec.cat\/ceiplessavines\/wp-json\/wp\/v2\/comments?post=8400"}],"version-history":[{"count":2,"href":"https:\/\/agora.xtec.cat\/ceiplessavines\/wp-json\/wp\/v2\/posts\/8400\/revisions"}],"predecessor-version":[{"id":8403,"href":"https:\/\/agora.xtec.cat\/ceiplessavines\/wp-json\/wp\/v2\/posts\/8400\/revisions\/8403"}],"wp:featuredmedia":[{"embeddable":true,"href":"https:\/\/agora.xtec.cat\/ceiplessavines\/wp-json\/wp\/v2\/media\/8401"}],"wp:attachment":[{"href":"https:\/\/agora.xtec.cat\/ceiplessavines\/wp-json\/wp\/v2\/media?parent=8400"}],"wp:term":[{"taxonomy":"category","embeddable":true,"href":"https:\/\/agora.xtec.cat\/ceiplessavines\/wp-json\/wp\/v2\/categories?post=8400"},{"taxonomy":"post_tag","embeddable":true,"href":"https:\/\/agora.xtec.cat\/ceiplessavines\/wp-json\/wp\/v2\/tags?post=8400"}],"curies":[{"name":"wp","href":"https:\/\/api.w.org\/{rel}","templated":true}]}}