{"id":8339,"date":"2024-05-22T13:01:18","date_gmt":"2024-05-22T11:01:18","guid":{"rendered":"https:\/\/agora.xtec.cat\/ceiplessavines\/?p=8339"},"modified":"2024-05-22T13:04:37","modified_gmt":"2024-05-22T11:04:37","slug":"projecte-demprenedoria-fira-de-sant-ponc","status":"publish","type":"post","link":"https:\/\/agora.xtec.cat\/ceiplessavines\/portada\/projecte-demprenedoria-fira-de-sant-ponc\/","title":{"rendered":"PROJECTE D&#8217;EMPRENEDORIA, FIRA DE SANT PON\u00c7"},"content":{"rendered":"<p>L&#8217;alumnat de 4t, aquest curs, hem fet un projecte d&#8217;emprenedoria sobre les plantes arom\u00e0tiques i la Fira de Sant Pon\u00e7. Primer hem estudiat les plantes de la nostra escola i hem apr\u00e8s que podem fer molts productes tant d&#8217;alimentaci\u00f3, medicinals o d&#8217;higiene i ho hem relacionat amb aquesta fira ja que \u00e9s especialitzada amb les plantes remeieres i culin\u00e0ries.<\/p>\n<p>Nostres com a projecte hem recollit, plantat i hem elaborat productes com sab\u00f3, infusions, ambientadors, bosses d&#8217;olor.. i hem muntat una fira a l&#8217;escola el 10 de maig, dia abans de Sant Pon\u00e7.<\/p>\n<p>Amb aquest projecte hem apr\u00e8s a ser petits i petites empresaris i a potenciar la nostra iniciativa.<\/p>\n<p>Ens agradat molt i ho voldr\u00edem tornar a fer.<\/p>\n<p><a href=\"https:\/\/agora.xtec.cat\/ceiplessavines\/portada\/projecte-demprenedoria-fira-de-sant-ponc\/attachment\/img_3672\/\" rel=\"attachment wp-att-8341\"><img loading=\"lazy\" decoding=\"async\" class=\"alignnone size-full wp-image-8341\" src=\"https:\/\/agora.xtec.cat\/ceiplessavines\/wp-content\/uploads\/usu230\/2024\/05\/IMG_3672.jpg\" alt=\"\" width=\"640\" height=\"480\" srcset=\"https:\/\/agora.xtec.cat\/ceiplessavines\/wp-content\/uploads\/usu230\/2024\/05\/IMG_3672.jpg 640w, https:\/\/agora.xtec.cat\/ceiplessavines\/wp-content\/uploads\/usu230\/2024\/05\/IMG_3672-300x225.jpg 300w, https:\/\/agora.xtec.cat\/ceiplessavines\/wp-content\/uploads\/usu230\/2024\/05\/IMG_3672-200x150.jpg 200w\" sizes=\"auto, (max-width: 640px) 100vw, 640px\" \/><\/a> <a href=\"https:\/\/agora.xtec.cat\/ceiplessavines\/portada\/projecte-demprenedoria-fira-de-sant-ponc\/attachment\/img_3727\/\" rel=\"attachment wp-att-8342\"><img loading=\"lazy\" decoding=\"async\" class=\"alignnone size-full wp-image-8342\" src=\"https:\/\/agora.xtec.cat\/ceiplessavines\/wp-content\/uploads\/usu230\/2024\/05\/IMG_3727.jpg\" alt=\"\" width=\"640\" height=\"480\" srcset=\"https:\/\/agora.xtec.cat\/ceiplessavines\/wp-content\/uploads\/usu230\/2024\/05\/IMG_3727.jpg 640w, https:\/\/agora.xtec.cat\/ceiplessavines\/wp-content\/uploads\/usu230\/2024\/05\/IMG_3727-300x225.jpg 300w, https:\/\/agora.xtec.cat\/ceiplessavines\/wp-content\/uploads\/usu230\/2024\/05\/IMG_3727-200x150.jpg 200w\" sizes=\"auto, (max-width: 640px) 100vw, 640px\" \/><\/a> <a href=\"https:\/\/agora.xtec.cat\/ceiplessavines\/portada\/projecte-demprenedoria-fira-de-sant-ponc\/attachment\/img_3726\/\" rel=\"attachment wp-att-8343\"><img loading=\"lazy\" decoding=\"async\" class=\"alignnone size-full wp-image-8343\" src=\"https:\/\/agora.xtec.cat\/ceiplessavines\/wp-content\/uploads\/usu230\/2024\/05\/IMG_3726.jpg\" alt=\"\" width=\"640\" height=\"480\" srcset=\"https:\/\/agora.xtec.cat\/ceiplessavines\/wp-content\/uploads\/usu230\/2024\/05\/IMG_3726.jpg 640w, https:\/\/agora.xtec.cat\/ceiplessavines\/wp-content\/uploads\/usu230\/2024\/05\/IMG_3726-300x225.jpg 300w, https:\/\/agora.xtec.cat\/ceiplessavines\/wp-content\/uploads\/usu230\/2024\/05\/IMG_3726-200x150.jpg 200w\" sizes=\"auto, (max-width: 640px) 100vw, 640px\" \/><\/a><a href=\"https:\/\/agora.xtec.cat\/ceiplessavines\/portada\/projecte-demprenedoria-fira-de-sant-ponc\/attachment\/img_3693\/\" rel=\"attachment wp-att-8340\"><img loading=\"lazy\" decoding=\"async\" class=\"alignnone size-full wp-image-8340\" src=\"https:\/\/agora.xtec.cat\/ceiplessavines\/wp-content\/uploads\/usu230\/2024\/05\/IMG_3693.jpg\" alt=\"\" width=\"640\" height=\"480\" srcset=\"https:\/\/agora.xtec.cat\/ceiplessavines\/wp-content\/uploads\/usu230\/2024\/05\/IMG_3693.jpg 640w, https:\/\/agora.xtec.cat\/ceiplessavines\/wp-content\/uploads\/usu230\/2024\/05\/IMG_3693-300x225.jpg 300w, https:\/\/agora.xtec.cat\/ceiplessavines\/wp-content\/uploads\/usu230\/2024\/05\/IMG_3693-200x150.jpg 200w\" sizes=\"auto, (max-width: 640px) 100vw, 640px\" \/><\/a><\/p>\n","protected":false},"excerpt":{"rendered":"<p>L&#8217;alumnat de 4t, aquest curs, hem fet un projecte d&#8217;emprenedoria sobre les plantes arom\u00e0tiques i la Fira de Sant Pon\u00e7. Primer hem estudiat les plantes de la nostra escola i hem apr\u00e8s que podem fer molts productes tant d&#8217;alimentaci\u00f3, medicinals o d&#8217;higiene i ho hem relacionat amb aquesta fira ja que \u00e9s especialitzada amb les [&hellip;]<\/p>\n","protected":false},"author":1,"featured_media":8342,"comment_status":"open","ping_status":"closed","sticky":false,"template":"","format":"standard","meta":{"_bbp_topic_count":0,"_bbp_reply_count":0,"_bbp_total_topic_count":0,"_bbp_total_reply_count":0,"_bbp_voice_count":0,"_bbp_anonymous_reply_count":0,"_bbp_topic_count_hidden":0,"_bbp_reply_count_hidden":0,"_bbp_forum_subforum_count":0,"site-sidebar-layout":"default","site-content-layout":"","ast-site-content-layout":"","site-content-style":"default","site-sidebar-style":"default","ast-global-header-display":"","ast-banner-title-visibility":"","ast-main-header-display":"","ast-hfb-above-header-display":"","ast-hfb-below-header-display":"","ast-hfb-mobile-header-display":"","site-post-title":"","ast-breadcrumbs-content":"","ast-featured-img":"","footer-sml-layout":"","theme-transparent-header-meta":"","adv-header-id-meta":"","stick-header-meta":"","header-above-stick-meta":"","header-main-stick-meta":"","header-below-stick-meta":"","astra-migrate-meta-layouts":"default","ast-page-background-enabled":"default","ast-page-background-meta":{"desktop":{"background-color":"var(--ast-global-color-4)","background-image":"","background-repeat":"repeat","background-position":"center center","background-size":"auto","background-attachment":"scroll","background-type":"","background-media":"","overlay-type":"","overlay-color":"","overlay-opacity":"","overlay-gradient":""},"tablet":{"background-color":"","background-image":"","background-repeat":"repeat","background-position":"center center","background-size":"auto","background-attachment":"scroll","background-type":"","background-media":"","overlay-type":"","overlay-color":"","overlay-opacity":"","overlay-gradient":""},"mobile":{"background-color":"","background-image":"","background-repeat":"repeat","background-position":"center center","background-size":"auto","background-attachment":"scroll","background-type":"","background-media":"","overlay-type":"","overlay-color":"","overlay-opacity":"","overlay-gradient":""}},"ast-content-background-meta":{"desktop":{"background-color":"var(--ast-global-color-5)","background-image":"","background-repeat":"repeat","background-position":"center center","background-size":"auto","background-attachment":"scroll","background-type":"","background-media":"","overlay-type":"","overlay-color":"","overlay-opacity":"","overlay-gradient":""},"tablet":{"background-color":"var(--ast-global-color-5)","background-image":"","background-repeat":"repeat","background-position":"center center","background-size":"auto","background-attachment":"scroll","background-type":"","background-media":"","overlay-type":"","overlay-color":"","overlay-opacity":"","overlay-gradient":""},"mobile":{"background-color":"var(--ast-global-color-5)","background-image":"","background-repeat":"repeat","background-position":"center center","background-size":"auto","background-attachment":"scroll","background-type":"","background-media":"","overlay-type":"","overlay-color":"","overlay-opacity":"","overlay-gradient":""}},"footnotes":""},"categories":[4],"tags":[52],"class_list":["post-8339","post","type-post","status-publish","format-standard","has-post-thumbnail","hentry","category-portada","tag-4t"],"post_mailing_queue_ids":[],"_links":{"self":[{"href":"https:\/\/agora.xtec.cat\/ceiplessavines\/wp-json\/wp\/v2\/posts\/8339","targetHints":{"allow":["GET"]}}],"collection":[{"href":"https:\/\/agora.xtec.cat\/ceiplessavines\/wp-json\/wp\/v2\/posts"}],"about":[{"href":"https:\/\/agora.xtec.cat\/ceiplessavines\/wp-json\/wp\/v2\/types\/post"}],"author":[{"embeddable":true,"href":"https:\/\/agora.xtec.cat\/ceiplessavines\/wp-json\/wp\/v2\/users\/1"}],"replies":[{"embeddable":true,"href":"https:\/\/agora.xtec.cat\/ceiplessavines\/wp-json\/wp\/v2\/comments?post=8339"}],"version-history":[{"count":3,"href":"https:\/\/agora.xtec.cat\/ceiplessavines\/wp-json\/wp\/v2\/posts\/8339\/revisions"}],"predecessor-version":[{"id":8346,"href":"https:\/\/agora.xtec.cat\/ceiplessavines\/wp-json\/wp\/v2\/posts\/8339\/revisions\/8346"}],"wp:featuredmedia":[{"embeddable":true,"href":"https:\/\/agora.xtec.cat\/ceiplessavines\/wp-json\/wp\/v2\/media\/8342"}],"wp:attachment":[{"href":"https:\/\/agora.xtec.cat\/ceiplessavines\/wp-json\/wp\/v2\/media?parent=8339"}],"wp:term":[{"taxonomy":"category","embeddable":true,"href":"https:\/\/agora.xtec.cat\/ceiplessavines\/wp-json\/wp\/v2\/categories?post=8339"},{"taxonomy":"post_tag","embeddable":true,"href":"https:\/\/agora.xtec.cat\/ceiplessavines\/wp-json\/wp\/v2\/tags?post=8339"}],"curies":[{"name":"wp","href":"https:\/\/api.w.org\/{rel}","templated":true}]}}