{"id":8163,"date":"2024-04-18T12:40:10","date_gmt":"2024-04-18T10:40:10","guid":{"rendered":"https:\/\/agora.xtec.cat\/ceiplessavines\/?p=8163"},"modified":"2026-02-19T13:11:20","modified_gmt":"2026-02-19T12:11:20","slug":"taller-el-foc-i-tu-2","status":"publish","type":"post","link":"https:\/\/agora.xtec.cat\/ceiplessavines\/general\/projectes-descola\/ev\/taller-el-foc-i-tu-2\/","title":{"rendered":"Taller &#8220;El foc i tu&#8221;"},"content":{"rendered":"<p>Els nens i nenes de 5\u00e8 el dia 14 de mar\u00e7 van fer un taller que es deia \u00abEL FOC I TU\u00bb a l\u2019escola.<\/p>\n<p>Per comen\u00e7ar, als alumnes de 5\u00e8 els hi van presentar una presentaci\u00f3 digital molt interessant, els hi van ensenyar que havien de fer quan hi havia foc. Tamb\u00e9 els hi van ensenyar si el foc era perill\u00f3s o no. Per saber si el foc era perill\u00f3s ha de complir 3 condicions: si el vent els hi venia amb benefici, \u00e9s a dir, de cara; tamb\u00e9 si el sol ve de cara; i per \u00faltim si hi ha una pendent. Aix\u00f2 es diu 3 de 3.<\/p>\n<p><a href=\"https:\/\/agora.xtec.cat\/ceiplessavines\/portada\/taller-el-foc-i-tu-2\/attachment\/479503a5-4122-4b4a-a152-9261b030705d-redimensionada\/\" rel=\"attachment wp-att-8165\"><img loading=\"lazy\" decoding=\"async\" class=\"alignnone size-full wp-image-8165\" src=\"https:\/\/agora.xtec.cat\/ceiplessavines\/wp-content\/uploads\/usu230\/2024\/04\/479503A5-4122-4B4A-A152-9261B030705D.redimensionada.jpg\" alt=\"\" width=\"1024\" height=\"768\" srcset=\"https:\/\/agora.xtec.cat\/ceiplessavines\/wp-content\/uploads\/usu230\/2024\/04\/479503A5-4122-4B4A-A152-9261B030705D.redimensionada.jpg 1024w, https:\/\/agora.xtec.cat\/ceiplessavines\/wp-content\/uploads\/usu230\/2024\/04\/479503A5-4122-4B4A-A152-9261B030705D.redimensionada-300x225.jpg 300w, https:\/\/agora.xtec.cat\/ceiplessavines\/wp-content\/uploads\/usu230\/2024\/04\/479503A5-4122-4B4A-A152-9261B030705D.redimensionada-768x576.jpg 768w, https:\/\/agora.xtec.cat\/ceiplessavines\/wp-content\/uploads\/usu230\/2024\/04\/479503A5-4122-4B4A-A152-9261B030705D.redimensionada-200x150.jpg 200w\" sizes=\"auto, (max-width: 1024px) 100vw, 1024px\" \/><\/a><\/p>\n<p>A continuaci\u00f3 van anar a l\u2019hort de l\u2019escola perqu\u00e8 els de 5\u00e8 van fer maquetes d\u2019arbres per cremar-los i comprovar quin era m\u00e9s perill\u00f3s, el que tenia els arbres junts o els arbres separats. El mes perill\u00f3s era el que tenia arbres junts perqu\u00e8 estaven molt a prop i l\u2019altre bosc no tenia els arbres tan a prop.<\/p>\n<p>La nostra opini\u00f3 \u00e9s que ens va agradar molt fer aquest taller i ho repetir\u00edem moltes m\u00e9s vegades. Nosaltres hem apr\u00e9s a distingir si \u00e9s perill\u00f3s o no el foc, i tamb\u00e9 a cuidar la natura.<\/p>\n<p><a href=\"https:\/\/agora.xtec.cat\/ceiplessavines\/portada\/taller-el-foc-i-tu-2\/attachment\/89fa942c-ecf9-4b60-9226-15e7b43411b4-redimensionada\/\" rel=\"attachment wp-att-8164\"><img loading=\"lazy\" decoding=\"async\" class=\"alignnone size-full wp-image-8164\" src=\"https:\/\/agora.xtec.cat\/ceiplessavines\/wp-content\/uploads\/usu230\/2024\/04\/89FA942C-ECF9-4B60-9226-15E7B43411B4.redimensionada.jpg\" alt=\"\" width=\"1024\" height=\"768\" srcset=\"https:\/\/agora.xtec.cat\/ceiplessavines\/wp-content\/uploads\/usu230\/2024\/04\/89FA942C-ECF9-4B60-9226-15E7B43411B4.redimensionada.jpg 1024w, https:\/\/agora.xtec.cat\/ceiplessavines\/wp-content\/uploads\/usu230\/2024\/04\/89FA942C-ECF9-4B60-9226-15E7B43411B4.redimensionada-300x225.jpg 300w, https:\/\/agora.xtec.cat\/ceiplessavines\/wp-content\/uploads\/usu230\/2024\/04\/89FA942C-ECF9-4B60-9226-15E7B43411B4.redimensionada-768x576.jpg 768w, https:\/\/agora.xtec.cat\/ceiplessavines\/wp-content\/uploads\/usu230\/2024\/04\/89FA942C-ECF9-4B60-9226-15E7B43411B4.redimensionada-200x150.jpg 200w\" sizes=\"auto, (max-width: 1024px) 100vw, 1024px\" \/><\/a> \u00a0 <a href=\"https:\/\/agora.xtec.cat\/ceiplessavines\/portada\/taller-el-foc-i-tu-2\/attachment\/d6ac4beb-3935-44dc-999d-65ab9c9929d5-redimensionada\/\" rel=\"attachment wp-att-8168\"><img loading=\"lazy\" decoding=\"async\" class=\"alignnone size-full wp-image-8168\" src=\"https:\/\/agora.xtec.cat\/ceiplessavines\/wp-content\/uploads\/usu230\/2024\/04\/D6AC4BEB-3935-44DC-999D-65AB9C9929D5.redimensionada.jpg\" alt=\"\" width=\"1024\" height=\"768\" srcset=\"https:\/\/agora.xtec.cat\/ceiplessavines\/wp-content\/uploads\/usu230\/2024\/04\/D6AC4BEB-3935-44DC-999D-65AB9C9929D5.redimensionada.jpg 1024w, https:\/\/agora.xtec.cat\/ceiplessavines\/wp-content\/uploads\/usu230\/2024\/04\/D6AC4BEB-3935-44DC-999D-65AB9C9929D5.redimensionada-300x225.jpg 300w, https:\/\/agora.xtec.cat\/ceiplessavines\/wp-content\/uploads\/usu230\/2024\/04\/D6AC4BEB-3935-44DC-999D-65AB9C9929D5.redimensionada-768x576.jpg 768w, https:\/\/agora.xtec.cat\/ceiplessavines\/wp-content\/uploads\/usu230\/2024\/04\/D6AC4BEB-3935-44DC-999D-65AB9C9929D5.redimensionada-200x150.jpg 200w\" sizes=\"auto, (max-width: 1024px) 100vw, 1024px\" \/><\/a><a href=\"https:\/\/agora.xtec.cat\/ceiplessavines\/portada\/taller-el-foc-i-tu-2\/attachment\/c0f47310-a102-49d6-98b1-3d3dad819497-redimensionada\/\" rel=\"attachment wp-att-8167\"><img loading=\"lazy\" decoding=\"async\" class=\"alignnone size-full wp-image-8167\" src=\"https:\/\/agora.xtec.cat\/ceiplessavines\/wp-content\/uploads\/usu230\/2024\/04\/C0F47310-A102-49D6-98B1-3D3DAD819497.redimensionada.jpg\" alt=\"\" width=\"1024\" height=\"768\" srcset=\"https:\/\/agora.xtec.cat\/ceiplessavines\/wp-content\/uploads\/usu230\/2024\/04\/C0F47310-A102-49D6-98B1-3D3DAD819497.redimensionada.jpg 1024w, https:\/\/agora.xtec.cat\/ceiplessavines\/wp-content\/uploads\/usu230\/2024\/04\/C0F47310-A102-49D6-98B1-3D3DAD819497.redimensionada-300x225.jpg 300w, https:\/\/agora.xtec.cat\/ceiplessavines\/wp-content\/uploads\/usu230\/2024\/04\/C0F47310-A102-49D6-98B1-3D3DAD819497.redimensionada-768x576.jpg 768w, https:\/\/agora.xtec.cat\/ceiplessavines\/wp-content\/uploads\/usu230\/2024\/04\/C0F47310-A102-49D6-98B1-3D3DAD819497.redimensionada-200x150.jpg 200w\" sizes=\"auto, (max-width: 1024px) 100vw, 1024px\" \/><\/a><\/p>\n","protected":false},"excerpt":{"rendered":"<p>Els nens i nenes de 5\u00e8 el dia 14 de mar\u00e7 van fer un taller que es deia \u00abEL FOC I TU\u00bb a l\u2019escola. Per comen\u00e7ar, als alumnes de 5\u00e8 els hi van presentar una presentaci\u00f3 digital molt interessant, els hi van ensenyar que havien de fer quan hi havia foc. Tamb\u00e9 els hi van [&hellip;]<\/p>\n","protected":false},"author":1,"featured_media":8168,"comment_status":"open","ping_status":"closed","sticky":false,"template":"","format":"standard","meta":{"_bbp_topic_count":0,"_bbp_reply_count":0,"_bbp_total_topic_count":0,"_bbp_total_reply_count":0,"_bbp_voice_count":0,"_bbp_anonymous_reply_count":0,"_bbp_topic_count_hidden":0,"_bbp_reply_count_hidden":0,"_bbp_forum_subforum_count":0,"site-sidebar-layout":"default","site-content-layout":"","ast-site-content-layout":"default","site-content-style":"default","site-sidebar-style":"default","ast-global-header-display":"","ast-banner-title-visibility":"","ast-main-header-display":"","ast-hfb-above-header-display":"","ast-hfb-below-header-display":"","ast-hfb-mobile-header-display":"","site-post-title":"","ast-breadcrumbs-content":"","ast-featured-img":"","footer-sml-layout":"","theme-transparent-header-meta":"default","adv-header-id-meta":"","stick-header-meta":"","header-above-stick-meta":"","header-main-stick-meta":"","header-below-stick-meta":"","astra-migrate-meta-layouts":"set","ast-page-background-enabled":"default","ast-page-background-meta":{"desktop":{"background-color":"var(--ast-global-color-4)","background-image":"","background-repeat":"repeat","background-position":"center center","background-size":"auto","background-attachment":"scroll","background-type":"","background-media":"","overlay-type":"","overlay-color":"","overlay-opacity":"","overlay-gradient":""},"tablet":{"background-color":"","background-image":"","background-repeat":"repeat","background-position":"center center","background-size":"auto","background-attachment":"scroll","background-type":"","background-media":"","overlay-type":"","overlay-color":"","overlay-opacity":"","overlay-gradient":""},"mobile":{"background-color":"","background-image":"","background-repeat":"repeat","background-position":"center center","background-size":"auto","background-attachment":"scroll","background-type":"","background-media":"","overlay-type":"","overlay-color":"","overlay-opacity":"","overlay-gradient":""}},"ast-content-background-meta":{"desktop":{"background-color":"var(--ast-global-color-5)","background-image":"","background-repeat":"repeat","background-position":"center center","background-size":"auto","background-attachment":"scroll","background-type":"","background-media":"","overlay-type":"","overlay-color":"","overlay-opacity":"","overlay-gradient":""},"tablet":{"background-color":"var(--ast-global-color-5)","background-image":"","background-repeat":"repeat","background-position":"center center","background-size":"auto","background-attachment":"scroll","background-type":"","background-media":"","overlay-type":"","overlay-color":"","overlay-opacity":"","overlay-gradient":""},"mobile":{"background-color":"var(--ast-global-color-5)","background-image":"","background-repeat":"repeat","background-position":"center center","background-size":"auto","background-attachment":"scroll","background-type":"","background-media":"","overlay-type":"","overlay-color":"","overlay-opacity":"","overlay-gradient":""}},"footnotes":""},"categories":[141,73],"tags":[108],"class_list":["post-8163","post","type-post","status-publish","format-standard","has-post-thumbnail","hentry","category-comunitat-de-grans","category-ev","tag-tallers-llengua"],"post_mailing_queue_ids":[],"_links":{"self":[{"href":"https:\/\/agora.xtec.cat\/ceiplessavines\/wp-json\/wp\/v2\/posts\/8163","targetHints":{"allow":["GET"]}}],"collection":[{"href":"https:\/\/agora.xtec.cat\/ceiplessavines\/wp-json\/wp\/v2\/posts"}],"about":[{"href":"https:\/\/agora.xtec.cat\/ceiplessavines\/wp-json\/wp\/v2\/types\/post"}],"author":[{"embeddable":true,"href":"https:\/\/agora.xtec.cat\/ceiplessavines\/wp-json\/wp\/v2\/users\/1"}],"replies":[{"embeddable":true,"href":"https:\/\/agora.xtec.cat\/ceiplessavines\/wp-json\/wp\/v2\/comments?post=8163"}],"version-history":[{"count":2,"href":"https:\/\/agora.xtec.cat\/ceiplessavines\/wp-json\/wp\/v2\/posts\/8163\/revisions"}],"predecessor-version":[{"id":8170,"href":"https:\/\/agora.xtec.cat\/ceiplessavines\/wp-json\/wp\/v2\/posts\/8163\/revisions\/8170"}],"wp:featuredmedia":[{"embeddable":true,"href":"https:\/\/agora.xtec.cat\/ceiplessavines\/wp-json\/wp\/v2\/media\/8168"}],"wp:attachment":[{"href":"https:\/\/agora.xtec.cat\/ceiplessavines\/wp-json\/wp\/v2\/media?parent=8163"}],"wp:term":[{"taxonomy":"category","embeddable":true,"href":"https:\/\/agora.xtec.cat\/ceiplessavines\/wp-json\/wp\/v2\/categories?post=8163"},{"taxonomy":"post_tag","embeddable":true,"href":"https:\/\/agora.xtec.cat\/ceiplessavines\/wp-json\/wp\/v2\/tags?post=8163"}],"curies":[{"name":"wp","href":"https:\/\/api.w.org\/{rel}","templated":true}]}}