{"id":8146,"date":"2024-04-10T15:36:38","date_gmt":"2024-04-10T13:36:38","guid":{"rendered":"https:\/\/agora.xtec.cat\/ceiplessavines\/?p=8146"},"modified":"2024-04-10T15:37:41","modified_gmt":"2024-04-10T13:37:41","slug":"festa-de-primavera","status":"publish","type":"post","link":"https:\/\/agora.xtec.cat\/ceiplessavines\/portada\/festa-de-primavera\/","title":{"rendered":"Festa de primavera"},"content":{"rendered":"<p><span style=\"font-family: Comic Sans MS, cursive;\"><span style=\"font-size: large;\">El dia 22 de mar\u00e7 vam anar a fer una caminada a la Cabana dels Ca\u00e7adors, els nens i nenes de 4<sup>t<\/sup>,5<sup>\u00e8<\/sup> i 6<sup>\u00e8<\/sup>.<\/span><\/span><\/p>\n<p align=\"left\"><span style=\"font-family: Comic Sans MS, cursive;\"><span style=\"font-size: large;\">Vam sortir de l\u2019escola cap a les Forques, despr\u00e9s vam anar cap als horts i vam parar una estona per esmorzar. A continuaci\u00f3 vam anar direcci\u00f3 a la Cabana dels Ca\u00e7adors. Quan vam arribar vam jugar una estona, despr\u00e9s vam dinar i de postre ens van donar un ou de xocolata. Vam jugar una estona m\u00e9s. A continuaci\u00f3 vam tornar per\u00f2 per un altre cam\u00ed. En total vam fer 15 quil\u00f2metres. <\/span><\/span><\/p>\n<p align=\"left\"><span style=\"font-family: Comic Sans MS, cursive;\"><span style=\"font-size: large;\">Ens ho vam passar molt b\u00e9, per\u00f2 va ser molt cansant.<\/span><\/span><\/p>\n<p align=\"left\"><a href=\"https:\/\/agora.xtec.cat\/ceiplessavines\/portada\/festa-de-primavera\/attachment\/9ba61314-530e-48b5-a3ed-1f8ba6996905-redimensionada\/\" rel=\"attachment wp-att-8147\"><img loading=\"lazy\" decoding=\"async\" class=\"alignnone size-full wp-image-8147\" src=\"https:\/\/agora.xtec.cat\/ceiplessavines\/wp-content\/uploads\/usu230\/2024\/04\/9BA61314-530E-48B5-A3ED-1F8BA6996905.redimensionada.jpg\" alt=\"\" width=\"1024\" height=\"766\" srcset=\"https:\/\/agora.xtec.cat\/ceiplessavines\/wp-content\/uploads\/usu230\/2024\/04\/9BA61314-530E-48B5-A3ED-1F8BA6996905.redimensionada.jpg 1024w, https:\/\/agora.xtec.cat\/ceiplessavines\/wp-content\/uploads\/usu230\/2024\/04\/9BA61314-530E-48B5-A3ED-1F8BA6996905.redimensionada-300x224.jpg 300w, https:\/\/agora.xtec.cat\/ceiplessavines\/wp-content\/uploads\/usu230\/2024\/04\/9BA61314-530E-48B5-A3ED-1F8BA6996905.redimensionada-768x575.jpg 768w, https:\/\/agora.xtec.cat\/ceiplessavines\/wp-content\/uploads\/usu230\/2024\/04\/9BA61314-530E-48B5-A3ED-1F8BA6996905.redimensionada-200x150.jpg 200w\" sizes=\"auto, (max-width: 1024px) 100vw, 1024px\" \/><\/a> <a href=\"https:\/\/agora.xtec.cat\/ceiplessavines\/portada\/festa-de-primavera\/attachment\/b9640393-178e-4687-85e5-987eaad37673-redimensionada\/\" rel=\"attachment wp-att-8148\"><img loading=\"lazy\" decoding=\"async\" class=\"alignnone size-full wp-image-8148\" src=\"https:\/\/agora.xtec.cat\/ceiplessavines\/wp-content\/uploads\/usu230\/2024\/04\/B9640393-178E-4687-85E5-987EAAD37673.redimensionada.jpg\" alt=\"\" width=\"1024\" height=\"768\" srcset=\"https:\/\/agora.xtec.cat\/ceiplessavines\/wp-content\/uploads\/usu230\/2024\/04\/B9640393-178E-4687-85E5-987EAAD37673.redimensionada.jpg 1024w, https:\/\/agora.xtec.cat\/ceiplessavines\/wp-content\/uploads\/usu230\/2024\/04\/B9640393-178E-4687-85E5-987EAAD37673.redimensionada-300x225.jpg 300w, https:\/\/agora.xtec.cat\/ceiplessavines\/wp-content\/uploads\/usu230\/2024\/04\/B9640393-178E-4687-85E5-987EAAD37673.redimensionada-768x576.jpg 768w, https:\/\/agora.xtec.cat\/ceiplessavines\/wp-content\/uploads\/usu230\/2024\/04\/B9640393-178E-4687-85E5-987EAAD37673.redimensionada-200x150.jpg 200w\" sizes=\"auto, (max-width: 1024px) 100vw, 1024px\" \/><\/a><\/p>\n","protected":false},"excerpt":{"rendered":"<p>El dia 22 de mar\u00e7 vam anar a fer una caminada a la Cabana dels Ca\u00e7adors, els nens i nenes de 4t,5\u00e8 i 6\u00e8. Vam sortir de l\u2019escola cap a les Forques, despr\u00e9s vam anar cap als horts i vam parar una estona per esmorzar. A continuaci\u00f3 vam anar direcci\u00f3 a la Cabana dels Ca\u00e7adors. [&hellip;]<\/p>\n","protected":false},"author":1,"featured_media":8148,"comment_status":"open","ping_status":"closed","sticky":false,"template":"","format":"standard","meta":{"_bbp_topic_count":0,"_bbp_reply_count":0,"_bbp_total_topic_count":0,"_bbp_total_reply_count":0,"_bbp_voice_count":0,"_bbp_anonymous_reply_count":0,"_bbp_topic_count_hidden":0,"_bbp_reply_count_hidden":0,"_bbp_forum_subforum_count":0,"site-sidebar-layout":"default","site-content-layout":"","ast-site-content-layout":"","site-content-style":"default","site-sidebar-style":"default","ast-global-header-display":"","ast-banner-title-visibility":"","ast-main-header-display":"","ast-hfb-above-header-display":"","ast-hfb-below-header-display":"","ast-hfb-mobile-header-display":"","site-post-title":"","ast-breadcrumbs-content":"","ast-featured-img":"","footer-sml-layout":"","theme-transparent-header-meta":"","adv-header-id-meta":"","stick-header-meta":"","header-above-stick-meta":"","header-main-stick-meta":"","header-below-stick-meta":"","astra-migrate-meta-layouts":"default","ast-page-background-enabled":"default","ast-page-background-meta":{"desktop":{"background-color":"var(--ast-global-color-4)","background-image":"","background-repeat":"repeat","background-position":"center center","background-size":"auto","background-attachment":"scroll","background-type":"","background-media":"","overlay-type":"","overlay-color":"","overlay-opacity":"","overlay-gradient":""},"tablet":{"background-color":"","background-image":"","background-repeat":"repeat","background-position":"center center","background-size":"auto","background-attachment":"scroll","background-type":"","background-media":"","overlay-type":"","overlay-color":"","overlay-opacity":"","overlay-gradient":""},"mobile":{"background-color":"","background-image":"","background-repeat":"repeat","background-position":"center center","background-size":"auto","background-attachment":"scroll","background-type":"","background-media":"","overlay-type":"","overlay-color":"","overlay-opacity":"","overlay-gradient":""}},"ast-content-background-meta":{"desktop":{"background-color":"var(--ast-global-color-5)","background-image":"","background-repeat":"repeat","background-position":"center center","background-size":"auto","background-attachment":"scroll","background-type":"","background-media":"","overlay-type":"","overlay-color":"","overlay-opacity":"","overlay-gradient":""},"tablet":{"background-color":"var(--ast-global-color-5)","background-image":"","background-repeat":"repeat","background-position":"center center","background-size":"auto","background-attachment":"scroll","background-type":"","background-media":"","overlay-type":"","overlay-color":"","overlay-opacity":"","overlay-gradient":""},"mobile":{"background-color":"var(--ast-global-color-5)","background-image":"","background-repeat":"repeat","background-position":"center center","background-size":"auto","background-attachment":"scroll","background-type":"","background-media":"","overlay-type":"","overlay-color":"","overlay-opacity":"","overlay-gradient":""}},"footnotes":""},"categories":[4],"tags":[108],"class_list":["post-8146","post","type-post","status-publish","format-standard","has-post-thumbnail","hentry","category-portada","tag-tallers-llengua"],"post_mailing_queue_ids":[],"_links":{"self":[{"href":"https:\/\/agora.xtec.cat\/ceiplessavines\/wp-json\/wp\/v2\/posts\/8146","targetHints":{"allow":["GET"]}}],"collection":[{"href":"https:\/\/agora.xtec.cat\/ceiplessavines\/wp-json\/wp\/v2\/posts"}],"about":[{"href":"https:\/\/agora.xtec.cat\/ceiplessavines\/wp-json\/wp\/v2\/types\/post"}],"author":[{"embeddable":true,"href":"https:\/\/agora.xtec.cat\/ceiplessavines\/wp-json\/wp\/v2\/users\/1"}],"replies":[{"embeddable":true,"href":"https:\/\/agora.xtec.cat\/ceiplessavines\/wp-json\/wp\/v2\/comments?post=8146"}],"version-history":[{"count":2,"href":"https:\/\/agora.xtec.cat\/ceiplessavines\/wp-json\/wp\/v2\/posts\/8146\/revisions"}],"predecessor-version":[{"id":8150,"href":"https:\/\/agora.xtec.cat\/ceiplessavines\/wp-json\/wp\/v2\/posts\/8146\/revisions\/8150"}],"wp:featuredmedia":[{"embeddable":true,"href":"https:\/\/agora.xtec.cat\/ceiplessavines\/wp-json\/wp\/v2\/media\/8148"}],"wp:attachment":[{"href":"https:\/\/agora.xtec.cat\/ceiplessavines\/wp-json\/wp\/v2\/media?parent=8146"}],"wp:term":[{"taxonomy":"category","embeddable":true,"href":"https:\/\/agora.xtec.cat\/ceiplessavines\/wp-json\/wp\/v2\/categories?post=8146"},{"taxonomy":"post_tag","embeddable":true,"href":"https:\/\/agora.xtec.cat\/ceiplessavines\/wp-json\/wp\/v2\/tags?post=8146"}],"curies":[{"name":"wp","href":"https:\/\/api.w.org\/{rel}","templated":true}]}}