{"id":8120,"date":"2024-03-06T17:18:19","date_gmt":"2024-03-06T16:18:19","guid":{"rendered":"https:\/\/agora.xtec.cat\/ceiplessavines\/?p=8120"},"modified":"2024-03-06T17:18:19","modified_gmt":"2024-03-06T16:18:19","slug":"jornada-de-portes-obertes","status":"publish","type":"post","link":"https:\/\/agora.xtec.cat\/ceiplessavines\/portada\/jornada-de-portes-obertes\/","title":{"rendered":"Jornada de portes obertes"},"content":{"rendered":"<p align=\"justify\"><span style=\"font-family: Arial, sans-serif;\"><span style=\"font-size: x-large;\">El dia 1 de mar\u00e7 de 2024 vam fer portes obertes a l\u2019escola perqu\u00e8 m\u00e9s nens i nenes i les seves fam\u00edlies, coneguin l\u2019escola.<\/span><\/span><\/p>\n<p align=\"justify\"><span style=\"color: #000000;\"><span style=\"font-family: Arial, sans-serif;\"><span style=\"font-size: x-large;\">Estem arribant a finals del 2<sup>n<\/sup> trimestre i final de curs, per aix\u00f2 les fam\u00edlies han d\u2019apuntar els seus fills i filles a la nova escola.<\/span><\/span><\/span><\/p>\n<p align=\"justify\"><span style=\"color: #000000;\"><span style=\"font-family: Arial, sans-serif;\"><span style=\"font-size: x-large;\">Quan van fer la visita, van passar per totes les aules, d\u2019I3 a 6\u00e8, per veure si els hi agrada la nostra escola, mirar com \u00e9s, i observar com treballem.\u00a0<\/span><\/span><\/span><\/p>\n<p align=\"justify\"><span style=\"color: #000000;\"><span style=\"font-family: Arial, sans-serif;\"><span style=\"font-size: x-large;\">Primer van passar per la classe d\u2019I3, despr\u00e9s per la d\u2019I4, despr\u00e9s la d\u2019I5 i aix\u00ed fins arribar a 6<sup>\u00e8<\/sup>. Vam ensenyar a les fam\u00edlies com treballem: racons, educaci\u00f3 f\u00edsica, rob\u00f2tica, experimentaci\u00f3, etc&#8230;<\/span><\/span><\/span><\/p>\n<p align=\"justify\"><span style=\"color: #000000;\"><span style=\"font-family: Arial, sans-serif;\"><span style=\"font-size: x-large;\">Esperem que els hi hagi agradat molt la nostra escola i esperem tindre nous alumnes i companys l&#8217;any vinent.\u00a0<\/span><\/span><\/span><\/p>\n<p align=\"justify\"><a href=\"https:\/\/agora.xtec.cat\/ceiplessavines\/portada\/jornada-de-portes-obertes\/attachment\/portes-obertes\/\" rel=\"attachment wp-att-8121\"><img loading=\"lazy\" decoding=\"async\" class=\"alignnone size-full wp-image-8121\" src=\"https:\/\/agora.xtec.cat\/ceiplessavines\/wp-content\/uploads\/usu230\/2024\/03\/portes-obertes.png\" alt=\"\" width=\"1536\" height=\"1536\" srcset=\"https:\/\/agora.xtec.cat\/ceiplessavines\/wp-content\/uploads\/usu230\/2024\/03\/portes-obertes.png 1536w, https:\/\/agora.xtec.cat\/ceiplessavines\/wp-content\/uploads\/usu230\/2024\/03\/portes-obertes-300x300.png 300w, https:\/\/agora.xtec.cat\/ceiplessavines\/wp-content\/uploads\/usu230\/2024\/03\/portes-obertes-1024x1024.png 1024w, https:\/\/agora.xtec.cat\/ceiplessavines\/wp-content\/uploads\/usu230\/2024\/03\/portes-obertes-150x150.png 150w, https:\/\/agora.xtec.cat\/ceiplessavines\/wp-content\/uploads\/usu230\/2024\/03\/portes-obertes-768x768.png 768w\" sizes=\"auto, (max-width: 1536px) 100vw, 1536px\" \/><\/a><\/p>\n","protected":false},"excerpt":{"rendered":"<p>El dia 1 de mar\u00e7 de 2024 vam fer portes obertes a l\u2019escola perqu\u00e8 m\u00e9s nens i nenes i les seves fam\u00edlies, coneguin l\u2019escola. Estem arribant a finals del 2n trimestre i final de curs, per aix\u00f2 les fam\u00edlies han d\u2019apuntar els seus fills i filles a la nova escola. Quan van fer la visita, [&hellip;]<\/p>\n","protected":false},"author":1,"featured_media":8121,"comment_status":"open","ping_status":"closed","sticky":false,"template":"","format":"standard","meta":{"_bbp_topic_count":0,"_bbp_reply_count":0,"_bbp_total_topic_count":0,"_bbp_total_reply_count":0,"_bbp_voice_count":0,"_bbp_anonymous_reply_count":0,"_bbp_topic_count_hidden":0,"_bbp_reply_count_hidden":0,"_bbp_forum_subforum_count":0,"site-sidebar-layout":"default","site-content-layout":"","ast-site-content-layout":"","site-content-style":"default","site-sidebar-style":"default","ast-global-header-display":"","ast-banner-title-visibility":"","ast-main-header-display":"","ast-hfb-above-header-display":"","ast-hfb-below-header-display":"","ast-hfb-mobile-header-display":"","site-post-title":"","ast-breadcrumbs-content":"","ast-featured-img":"","footer-sml-layout":"","theme-transparent-header-meta":"","adv-header-id-meta":"","stick-header-meta":"","header-above-stick-meta":"","header-main-stick-meta":"","header-below-stick-meta":"","astra-migrate-meta-layouts":"default","ast-page-background-enabled":"default","ast-page-background-meta":{"desktop":{"background-color":"var(--ast-global-color-4)","background-image":"","background-repeat":"repeat","background-position":"center center","background-size":"auto","background-attachment":"scroll","background-type":"","background-media":"","overlay-type":"","overlay-color":"","overlay-opacity":"","overlay-gradient":""},"tablet":{"background-color":"","background-image":"","background-repeat":"repeat","background-position":"center center","background-size":"auto","background-attachment":"scroll","background-type":"","background-media":"","overlay-type":"","overlay-color":"","overlay-opacity":"","overlay-gradient":""},"mobile":{"background-color":"","background-image":"","background-repeat":"repeat","background-position":"center center","background-size":"auto","background-attachment":"scroll","background-type":"","background-media":"","overlay-type":"","overlay-color":"","overlay-opacity":"","overlay-gradient":""}},"ast-content-background-meta":{"desktop":{"background-color":"var(--ast-global-color-5)","background-image":"","background-repeat":"repeat","background-position":"center center","background-size":"auto","background-attachment":"scroll","background-type":"","background-media":"","overlay-type":"","overlay-color":"","overlay-opacity":"","overlay-gradient":""},"tablet":{"background-color":"var(--ast-global-color-5)","background-image":"","background-repeat":"repeat","background-position":"center center","background-size":"auto","background-attachment":"scroll","background-type":"","background-media":"","overlay-type":"","overlay-color":"","overlay-opacity":"","overlay-gradient":""},"mobile":{"background-color":"var(--ast-global-color-5)","background-image":"","background-repeat":"repeat","background-position":"center center","background-size":"auto","background-attachment":"scroll","background-type":"","background-media":"","overlay-type":"","overlay-color":"","overlay-opacity":"","overlay-gradient":""}},"footnotes":""},"categories":[4],"tags":[108],"class_list":["post-8120","post","type-post","status-publish","format-standard","has-post-thumbnail","hentry","category-portada","tag-tallers-llengua"],"post_mailing_queue_ids":[],"_links":{"self":[{"href":"https:\/\/agora.xtec.cat\/ceiplessavines\/wp-json\/wp\/v2\/posts\/8120","targetHints":{"allow":["GET"]}}],"collection":[{"href":"https:\/\/agora.xtec.cat\/ceiplessavines\/wp-json\/wp\/v2\/posts"}],"about":[{"href":"https:\/\/agora.xtec.cat\/ceiplessavines\/wp-json\/wp\/v2\/types\/post"}],"author":[{"embeddable":true,"href":"https:\/\/agora.xtec.cat\/ceiplessavines\/wp-json\/wp\/v2\/users\/1"}],"replies":[{"embeddable":true,"href":"https:\/\/agora.xtec.cat\/ceiplessavines\/wp-json\/wp\/v2\/comments?post=8120"}],"version-history":[{"count":2,"href":"https:\/\/agora.xtec.cat\/ceiplessavines\/wp-json\/wp\/v2\/posts\/8120\/revisions"}],"predecessor-version":[{"id":8123,"href":"https:\/\/agora.xtec.cat\/ceiplessavines\/wp-json\/wp\/v2\/posts\/8120\/revisions\/8123"}],"wp:featuredmedia":[{"embeddable":true,"href":"https:\/\/agora.xtec.cat\/ceiplessavines\/wp-json\/wp\/v2\/media\/8121"}],"wp:attachment":[{"href":"https:\/\/agora.xtec.cat\/ceiplessavines\/wp-json\/wp\/v2\/media?parent=8120"}],"wp:term":[{"taxonomy":"category","embeddable":true,"href":"https:\/\/agora.xtec.cat\/ceiplessavines\/wp-json\/wp\/v2\/categories?post=8120"},{"taxonomy":"post_tag","embeddable":true,"href":"https:\/\/agora.xtec.cat\/ceiplessavines\/wp-json\/wp\/v2\/tags?post=8120"}],"curies":[{"name":"wp","href":"https:\/\/api.w.org\/{rel}","templated":true}]}}