{"id":8029,"date":"2024-02-14T16:41:54","date_gmt":"2024-02-14T15:41:54","guid":{"rendered":"https:\/\/agora.xtec.cat\/ceiplessavines\/?p=8029"},"modified":"2024-02-14T16:41:55","modified_gmt":"2024-02-14T15:41:55","slug":"a-i3-treballen-laliga-de-cervera","status":"publish","type":"post","link":"https:\/\/agora.xtec.cat\/ceiplessavines\/portada\/a-i3-treballen-laliga-de-cervera\/","title":{"rendered":"A I3 treballen l&#8217;\u00e0liga de Cervera"},"content":{"rendered":"<p align=\"justify\"><span style=\"font-family: Comic Sans MS, cursive;\"><span style=\"font-size: large;\">Els nens i nenes d\u2019I3 durant la setmana del 30 de gener al 2 de febrer van treballar l\u2019\u00e0liga de Cervera. <\/span><\/span><\/p>\n<p align=\"justify\"><span style=\"font-family: Comic Sans MS, cursive;\"><span style=\"font-size: large;\">A l\u2019escola van fer jocs i activitats i van veure de que est\u00e0 feta i quants anys t\u00e9. Est\u00e0 feta de bronze, fusta i pell. Un altre dia, una alumna va portar el vestit de l\u2019\u00e0liga a l\u2019escola, i el van mirar tot: la camisa, la faixa i les embetades Per acabar van anar d\u2019excursi\u00f3 a l&#8217;ajuntament per veure-la. Els nens i les nenes la van tocar i els hi va agradar molt.<\/span><\/span><\/p>\n<p align=\"justify\"><span style=\"font-family: Comic Sans MS, cursive;\"><span style=\"font-size: large;\">Van fer aquesta activitat perqu\u00e8 era la festa major d&#8217;hivern , de St. Misteri.<\/span><\/span><\/p>\n<p align=\"justify\"><a href=\"https:\/\/agora.xtec.cat\/ceiplessavines\/portada\/a-i3-treballen-laliga-de-cervera\/attachment\/27ca4a73-54d9-45d9-bace-9c35facdac90-redimensionada\/\" rel=\"attachment wp-att-8031\"><img loading=\"lazy\" decoding=\"async\" class=\"alignnone size-medium wp-image-8031\" src=\"https:\/\/agora.xtec.cat\/ceiplessavines\/wp-content\/uploads\/usu230\/2024\/02\/27CA4A73-54D9-45D9-BACE-9C35FACDAC90.redimensionada-225x300.jpg\" alt=\"\" width=\"225\" height=\"300\" srcset=\"https:\/\/agora.xtec.cat\/ceiplessavines\/wp-content\/uploads\/usu230\/2024\/02\/27CA4A73-54D9-45D9-BACE-9C35FACDAC90.redimensionada-225x300.jpg 225w, https:\/\/agora.xtec.cat\/ceiplessavines\/wp-content\/uploads\/usu230\/2024\/02\/27CA4A73-54D9-45D9-BACE-9C35FACDAC90.redimensionada.jpg 576w\" sizes=\"auto, (max-width: 225px) 100vw, 225px\" \/><\/a> <a href=\"https:\/\/agora.xtec.cat\/ceiplessavines\/portada\/a-i3-treballen-laliga-de-cervera\/attachment\/450c71b9-0bf6-45bd-8d9a-549629c70d8a-redimensionada\/\" rel=\"attachment wp-att-8032\"><img loading=\"lazy\" decoding=\"async\" class=\"alignnone size-medium wp-image-8032\" src=\"https:\/\/agora.xtec.cat\/ceiplessavines\/wp-content\/uploads\/usu230\/2024\/02\/450C71B9-0BF6-45BD-8D9A-549629C70D8A.redimensionada-300x225.jpg\" alt=\"\" width=\"300\" height=\"225\" srcset=\"https:\/\/agora.xtec.cat\/ceiplessavines\/wp-content\/uploads\/usu230\/2024\/02\/450C71B9-0BF6-45BD-8D9A-549629C70D8A.redimensionada-300x225.jpg 300w, https:\/\/agora.xtec.cat\/ceiplessavines\/wp-content\/uploads\/usu230\/2024\/02\/450C71B9-0BF6-45BD-8D9A-549629C70D8A.redimensionada-768x576.jpg 768w, https:\/\/agora.xtec.cat\/ceiplessavines\/wp-content\/uploads\/usu230\/2024\/02\/450C71B9-0BF6-45BD-8D9A-549629C70D8A.redimensionada-200x150.jpg 200w, https:\/\/agora.xtec.cat\/ceiplessavines\/wp-content\/uploads\/usu230\/2024\/02\/450C71B9-0BF6-45BD-8D9A-549629C70D8A.redimensionada.jpg 1024w\" sizes=\"auto, (max-width: 300px) 100vw, 300px\" \/><\/a> <a href=\"https:\/\/agora.xtec.cat\/ceiplessavines\/portada\/a-i3-treballen-laliga-de-cervera\/attachment\/10281b9b-093f-4826-83a5-832086424c5c-redimensionada\/\" rel=\"attachment wp-att-8033\"><img loading=\"lazy\" decoding=\"async\" class=\"alignnone size-medium wp-image-8033\" src=\"https:\/\/agora.xtec.cat\/ceiplessavines\/wp-content\/uploads\/usu230\/2024\/02\/10281B9B-093F-4826-83A5-832086424C5C.redimensionada-225x300.jpg\" alt=\"\" width=\"225\" height=\"300\" srcset=\"https:\/\/agora.xtec.cat\/ceiplessavines\/wp-content\/uploads\/usu230\/2024\/02\/10281B9B-093F-4826-83A5-832086424C5C.redimensionada-225x300.jpg 225w, https:\/\/agora.xtec.cat\/ceiplessavines\/wp-content\/uploads\/usu230\/2024\/02\/10281B9B-093F-4826-83A5-832086424C5C.redimensionada.jpg 576w\" sizes=\"auto, (max-width: 225px) 100vw, 225px\" \/><\/a> <a href=\"https:\/\/agora.xtec.cat\/ceiplessavines\/portada\/a-i3-treballen-laliga-de-cervera\/attachment\/182456ba-c253-471b-a185-11cde788172d-redimensionada\/\" rel=\"attachment wp-att-8034\"><img loading=\"lazy\" decoding=\"async\" class=\"alignnone size-medium wp-image-8034\" src=\"https:\/\/agora.xtec.cat\/ceiplessavines\/wp-content\/uploads\/usu230\/2024\/02\/182456BA-C253-471B-A185-11CDE788172D.redimensionada-300x225.jpg\" alt=\"\" width=\"300\" height=\"225\" srcset=\"https:\/\/agora.xtec.cat\/ceiplessavines\/wp-content\/uploads\/usu230\/2024\/02\/182456BA-C253-471B-A185-11CDE788172D.redimensionada-300x225.jpg 300w, https:\/\/agora.xtec.cat\/ceiplessavines\/wp-content\/uploads\/usu230\/2024\/02\/182456BA-C253-471B-A185-11CDE788172D.redimensionada-768x576.jpg 768w, https:\/\/agora.xtec.cat\/ceiplessavines\/wp-content\/uploads\/usu230\/2024\/02\/182456BA-C253-471B-A185-11CDE788172D.redimensionada-200x150.jpg 200w, https:\/\/agora.xtec.cat\/ceiplessavines\/wp-content\/uploads\/usu230\/2024\/02\/182456BA-C253-471B-A185-11CDE788172D.redimensionada.jpg 1024w\" sizes=\"auto, (max-width: 300px) 100vw, 300px\" \/><\/a> <a href=\"https:\/\/agora.xtec.cat\/ceiplessavines\/portada\/a-i3-treballen-laliga-de-cervera\/attachment\/df9a00c2-e236-4628-80d7-28b21292c671-redimensionada\/\" rel=\"attachment wp-att-8035\"><img loading=\"lazy\" decoding=\"async\" class=\"alignnone size-medium wp-image-8035\" src=\"https:\/\/agora.xtec.cat\/ceiplessavines\/wp-content\/uploads\/usu230\/2024\/02\/DF9A00C2-E236-4628-80D7-28B21292C671.redimensionada-225x300.jpg\" alt=\"\" width=\"225\" height=\"300\" srcset=\"https:\/\/agora.xtec.cat\/ceiplessavines\/wp-content\/uploads\/usu230\/2024\/02\/DF9A00C2-E236-4628-80D7-28B21292C671.redimensionada-225x300.jpg 225w, https:\/\/agora.xtec.cat\/ceiplessavines\/wp-content\/uploads\/usu230\/2024\/02\/DF9A00C2-E236-4628-80D7-28B21292C671.redimensionada.jpg 576w\" sizes=\"auto, (max-width: 225px) 100vw, 225px\" \/><\/a> <a href=\"https:\/\/agora.xtec.cat\/ceiplessavines\/portada\/a-i3-treballen-laliga-de-cervera\/attachment\/fb82216e-32bf-4818-9369-02be36a1a01f-redimensionada\/\" rel=\"attachment wp-att-8036\"><img loading=\"lazy\" decoding=\"async\" class=\"alignnone size-medium wp-image-8036\" src=\"https:\/\/agora.xtec.cat\/ceiplessavines\/wp-content\/uploads\/usu230\/2024\/02\/FB82216E-32BF-4818-9369-02BE36A1A01F.redimensionada-300x225.jpg\" alt=\"\" width=\"300\" height=\"225\" srcset=\"https:\/\/agora.xtec.cat\/ceiplessavines\/wp-content\/uploads\/usu230\/2024\/02\/FB82216E-32BF-4818-9369-02BE36A1A01F.redimensionada-300x225.jpg 300w, https:\/\/agora.xtec.cat\/ceiplessavines\/wp-content\/uploads\/usu230\/2024\/02\/FB82216E-32BF-4818-9369-02BE36A1A01F.redimensionada-768x576.jpg 768w, https:\/\/agora.xtec.cat\/ceiplessavines\/wp-content\/uploads\/usu230\/2024\/02\/FB82216E-32BF-4818-9369-02BE36A1A01F.redimensionada-200x150.jpg 200w, https:\/\/agora.xtec.cat\/ceiplessavines\/wp-content\/uploads\/usu230\/2024\/02\/FB82216E-32BF-4818-9369-02BE36A1A01F.redimensionada.jpg 1024w\" sizes=\"auto, (max-width: 300px) 100vw, 300px\" \/><\/a><\/p>\n","protected":false},"excerpt":{"rendered":"<p>Els nens i nenes d\u2019I3 durant la setmana del 30 de gener al 2 de febrer van treballar l\u2019\u00e0liga de Cervera. A l\u2019escola van fer jocs i activitats i van veure de que est\u00e0 feta i quants anys t\u00e9. Est\u00e0 feta de bronze, fusta i pell. Un altre dia, una alumna va portar el vestit [&hellip;]<\/p>\n","protected":false},"author":1,"featured_media":8032,"comment_status":"open","ping_status":"closed","sticky":false,"template":"","format":"standard","meta":{"_bbp_topic_count":0,"_bbp_reply_count":0,"_bbp_total_topic_count":0,"_bbp_total_reply_count":0,"_bbp_voice_count":0,"_bbp_anonymous_reply_count":0,"_bbp_topic_count_hidden":0,"_bbp_reply_count_hidden":0,"_bbp_forum_subforum_count":0,"site-sidebar-layout":"default","site-content-layout":"","ast-site-content-layout":"","site-content-style":"default","site-sidebar-style":"default","ast-global-header-display":"","ast-banner-title-visibility":"","ast-main-header-display":"","ast-hfb-above-header-display":"","ast-hfb-below-header-display":"","ast-hfb-mobile-header-display":"","site-post-title":"","ast-breadcrumbs-content":"","ast-featured-img":"","footer-sml-layout":"","theme-transparent-header-meta":"","adv-header-id-meta":"","stick-header-meta":"","header-above-stick-meta":"","header-main-stick-meta":"","header-below-stick-meta":"","astra-migrate-meta-layouts":"default","ast-page-background-enabled":"default","ast-page-background-meta":{"desktop":{"background-color":"var(--ast-global-color-4)","background-image":"","background-repeat":"repeat","background-position":"center center","background-size":"auto","background-attachment":"scroll","background-type":"","background-media":"","overlay-type":"","overlay-color":"","overlay-opacity":"","overlay-gradient":""},"tablet":{"background-color":"","background-image":"","background-repeat":"repeat","background-position":"center center","background-size":"auto","background-attachment":"scroll","background-type":"","background-media":"","overlay-type":"","overlay-color":"","overlay-opacity":"","overlay-gradient":""},"mobile":{"background-color":"","background-image":"","background-repeat":"repeat","background-position":"center center","background-size":"auto","background-attachment":"scroll","background-type":"","background-media":"","overlay-type":"","overlay-color":"","overlay-opacity":"","overlay-gradient":""}},"ast-content-background-meta":{"desktop":{"background-color":"var(--ast-global-color-5)","background-image":"","background-repeat":"repeat","background-position":"center center","background-size":"auto","background-attachment":"scroll","background-type":"","background-media":"","overlay-type":"","overlay-color":"","overlay-opacity":"","overlay-gradient":""},"tablet":{"background-color":"var(--ast-global-color-5)","background-image":"","background-repeat":"repeat","background-position":"center center","background-size":"auto","background-attachment":"scroll","background-type":"","background-media":"","overlay-type":"","overlay-color":"","overlay-opacity":"","overlay-gradient":""},"mobile":{"background-color":"var(--ast-global-color-5)","background-image":"","background-repeat":"repeat","background-position":"center center","background-size":"auto","background-attachment":"scroll","background-type":"","background-media":"","overlay-type":"","overlay-color":"","overlay-opacity":"","overlay-gradient":""}},"footnotes":""},"categories":[21,4],"tags":[108],"class_list":["post-8029","post","type-post","status-publish","format-standard","has-post-thumbnail","hentry","category-infantil","category-portada","tag-tallers-llengua"],"post_mailing_queue_ids":[],"_links":{"self":[{"href":"https:\/\/agora.xtec.cat\/ceiplessavines\/wp-json\/wp\/v2\/posts\/8029","targetHints":{"allow":["GET"]}}],"collection":[{"href":"https:\/\/agora.xtec.cat\/ceiplessavines\/wp-json\/wp\/v2\/posts"}],"about":[{"href":"https:\/\/agora.xtec.cat\/ceiplessavines\/wp-json\/wp\/v2\/types\/post"}],"author":[{"embeddable":true,"href":"https:\/\/agora.xtec.cat\/ceiplessavines\/wp-json\/wp\/v2\/users\/1"}],"replies":[{"embeddable":true,"href":"https:\/\/agora.xtec.cat\/ceiplessavines\/wp-json\/wp\/v2\/comments?post=8029"}],"version-history":[{"count":2,"href":"https:\/\/agora.xtec.cat\/ceiplessavines\/wp-json\/wp\/v2\/posts\/8029\/revisions"}],"predecessor-version":[{"id":8038,"href":"https:\/\/agora.xtec.cat\/ceiplessavines\/wp-json\/wp\/v2\/posts\/8029\/revisions\/8038"}],"wp:featuredmedia":[{"embeddable":true,"href":"https:\/\/agora.xtec.cat\/ceiplessavines\/wp-json\/wp\/v2\/media\/8032"}],"wp:attachment":[{"href":"https:\/\/agora.xtec.cat\/ceiplessavines\/wp-json\/wp\/v2\/media?parent=8029"}],"wp:term":[{"taxonomy":"category","embeddable":true,"href":"https:\/\/agora.xtec.cat\/ceiplessavines\/wp-json\/wp\/v2\/categories?post=8029"},{"taxonomy":"post_tag","embeddable":true,"href":"https:\/\/agora.xtec.cat\/ceiplessavines\/wp-json\/wp\/v2\/tags?post=8029"}],"curies":[{"name":"wp","href":"https:\/\/api.w.org\/{rel}","templated":true}]}}