{"id":8021,"date":"2024-02-14T16:39:06","date_gmt":"2024-02-14T15:39:06","guid":{"rendered":"https:\/\/agora.xtec.cat\/ceiplessavines\/?p=8021"},"modified":"2024-02-14T16:39:07","modified_gmt":"2024-02-14T15:39:07","slug":"2n-treballa-el-santissim-misteri","status":"publish","type":"post","link":"https:\/\/agora.xtec.cat\/ceiplessavines\/portada\/2n-treballa-el-santissim-misteri\/","title":{"rendered":"2n treballa el Sant\u00edssim Misteri"},"content":{"rendered":"<p align=\"left\"><span style=\"font-family: Caladea, serif;\"><span style=\"font-size: x-large;\">El dia 1 de febrer els nens i nenes de 2n van anar al teatre de la Passi\u00f3 a visitar el Joan Balaguer, un gegant\u00f3 de Cervera. <\/span><\/span><\/p>\n<p align=\"left\"><span style=\"font-family: Caladea, serif;\"><span style=\"font-size: x-large;\">Una setmana abans de visitar el teatre de la Passi\u00f3 van pintar i fer un titella. Tamb\u00e9 van veure quan media i pesava el gegant\u00f3, i despr\u00e9s es van mesurar el pes i l\u2019al\u00e7ada de tots els nens i nenes de la classe. Quan van anar al teatre de la Passi\u00f3 van escoltar la llegenda del Joan Balaguer i despr\u00e9s van anar a veure la g\u00e0bia que est\u00e0 a l\u2019esgl\u00e9sia de Santa Maria i van veure que no hi havia res dins.<\/span><\/span><\/p>\n<p align=\"left\"><span style=\"font-family: Caladea, serif;\"><span style=\"font-size: x-large;\">Aquesta activitats es va fer perqu\u00e8 era la setmana del Sant\u00edssim Misteri.<\/span><\/span><\/p>\n<p align=\"left\"><span style=\"font-family: Caladea, serif;\"><span style=\"font-size: x-large;\">Els nens i nenes de 2<sup>n<\/sup> s&#8217;ho van passar molt b\u00e9.<\/span><\/span><\/p>\n<p align=\"left\"><a href=\"https:\/\/agora.xtec.cat\/ceiplessavines\/portada\/2n-treballa-el-santissim-misteri\/attachment\/geganto-1-redimensionada\/\" rel=\"attachment wp-att-8022\"><img loading=\"lazy\" decoding=\"async\" class=\"alignnone size-medium wp-image-8022\" src=\"https:\/\/agora.xtec.cat\/ceiplessavines\/wp-content\/uploads\/usu230\/2024\/02\/geganto-1.redimensionada-300x229.jpg\" alt=\"\" width=\"300\" height=\"229\" srcset=\"https:\/\/agora.xtec.cat\/ceiplessavines\/wp-content\/uploads\/usu230\/2024\/02\/geganto-1.redimensionada-300x229.jpg 300w, https:\/\/agora.xtec.cat\/ceiplessavines\/wp-content\/uploads\/usu230\/2024\/02\/geganto-1.redimensionada-768x585.jpg 768w, https:\/\/agora.xtec.cat\/ceiplessavines\/wp-content\/uploads\/usu230\/2024\/02\/geganto-1.redimensionada.jpg 1008w\" sizes=\"auto, (max-width: 300px) 100vw, 300px\" \/><\/a> <a href=\"https:\/\/agora.xtec.cat\/ceiplessavines\/portada\/2n-treballa-el-santissim-misteri\/attachment\/geganto-2-redimensionada\/\" rel=\"attachment wp-att-8023\"><img loading=\"lazy\" decoding=\"async\" class=\"alignnone size-medium wp-image-8023\" src=\"https:\/\/agora.xtec.cat\/ceiplessavines\/wp-content\/uploads\/usu230\/2024\/02\/geganto-2.redimensionada-225x300.jpg\" alt=\"\" width=\"225\" height=\"300\" srcset=\"https:\/\/agora.xtec.cat\/ceiplessavines\/wp-content\/uploads\/usu230\/2024\/02\/geganto-2.redimensionada-225x300.jpg 225w, https:\/\/agora.xtec.cat\/ceiplessavines\/wp-content\/uploads\/usu230\/2024\/02\/geganto-2.redimensionada.jpg 576w\" sizes=\"auto, (max-width: 225px) 100vw, 225px\" \/><\/a> <a href=\"https:\/\/agora.xtec.cat\/ceiplessavines\/portada\/2n-treballa-el-santissim-misteri\/attachment\/geganto-3-redimensionada\/\" rel=\"attachment wp-att-8024\"><img loading=\"lazy\" decoding=\"async\" class=\"alignnone size-medium wp-image-8024\" src=\"https:\/\/agora.xtec.cat\/ceiplessavines\/wp-content\/uploads\/usu230\/2024\/02\/geganto-3.redimensionada-225x300.jpg\" alt=\"\" width=\"225\" height=\"300\" srcset=\"https:\/\/agora.xtec.cat\/ceiplessavines\/wp-content\/uploads\/usu230\/2024\/02\/geganto-3.redimensionada-225x300.jpg 225w, https:\/\/agora.xtec.cat\/ceiplessavines\/wp-content\/uploads\/usu230\/2024\/02\/geganto-3.redimensionada.jpg 576w\" sizes=\"auto, (max-width: 225px) 100vw, 225px\" \/><\/a> <a href=\"https:\/\/agora.xtec.cat\/ceiplessavines\/portada\/2n-treballa-el-santissim-misteri\/attachment\/geganto-4-redimensionada\/\" rel=\"attachment wp-att-8025\"><img loading=\"lazy\" decoding=\"async\" class=\"alignnone size-medium wp-image-8025\" src=\"https:\/\/agora.xtec.cat\/ceiplessavines\/wp-content\/uploads\/usu230\/2024\/02\/geganto-4.redimensionada-300x225.jpg\" alt=\"\" width=\"300\" height=\"225\" srcset=\"https:\/\/agora.xtec.cat\/ceiplessavines\/wp-content\/uploads\/usu230\/2024\/02\/geganto-4.redimensionada-300x225.jpg 300w, https:\/\/agora.xtec.cat\/ceiplessavines\/wp-content\/uploads\/usu230\/2024\/02\/geganto-4.redimensionada-768x576.jpg 768w, https:\/\/agora.xtec.cat\/ceiplessavines\/wp-content\/uploads\/usu230\/2024\/02\/geganto-4.redimensionada-200x150.jpg 200w, https:\/\/agora.xtec.cat\/ceiplessavines\/wp-content\/uploads\/usu230\/2024\/02\/geganto-4.redimensionada.jpg 1024w\" sizes=\"auto, (max-width: 300px) 100vw, 300px\" \/><\/a> <a href=\"https:\/\/agora.xtec.cat\/ceiplessavines\/portada\/2n-treballa-el-santissim-misteri\/attachment\/geganto-5-redimensionada\/\" rel=\"attachment wp-att-8026\"><img loading=\"lazy\" decoding=\"async\" class=\"alignnone size-medium wp-image-8026\" src=\"https:\/\/agora.xtec.cat\/ceiplessavines\/wp-content\/uploads\/usu230\/2024\/02\/geganto-5.redimensionada-300x225.jpg\" alt=\"\" width=\"300\" height=\"225\" srcset=\"https:\/\/agora.xtec.cat\/ceiplessavines\/wp-content\/uploads\/usu230\/2024\/02\/geganto-5.redimensionada-300x225.jpg 300w, https:\/\/agora.xtec.cat\/ceiplessavines\/wp-content\/uploads\/usu230\/2024\/02\/geganto-5.redimensionada-768x576.jpg 768w, https:\/\/agora.xtec.cat\/ceiplessavines\/wp-content\/uploads\/usu230\/2024\/02\/geganto-5.redimensionada-200x150.jpg 200w, https:\/\/agora.xtec.cat\/ceiplessavines\/wp-content\/uploads\/usu230\/2024\/02\/geganto-5.redimensionada.jpg 1024w\" sizes=\"auto, (max-width: 300px) 100vw, 300px\" \/><\/a><\/p>\n","protected":false},"excerpt":{"rendered":"<p>El dia 1 de febrer els nens i nenes de 2n van anar al teatre de la Passi\u00f3 a visitar el Joan Balaguer, un gegant\u00f3 de Cervera. Una setmana abans de visitar el teatre de la Passi\u00f3 van pintar i fer un titella. Tamb\u00e9 van veure quan media i pesava el gegant\u00f3, i despr\u00e9s es [&hellip;]<\/p>\n","protected":false},"author":1,"featured_media":8025,"comment_status":"open","ping_status":"closed","sticky":false,"template":"","format":"standard","meta":{"_bbp_topic_count":0,"_bbp_reply_count":0,"_bbp_total_topic_count":0,"_bbp_total_reply_count":0,"_bbp_voice_count":0,"_bbp_anonymous_reply_count":0,"_bbp_topic_count_hidden":0,"_bbp_reply_count_hidden":0,"_bbp_forum_subforum_count":0,"site-sidebar-layout":"default","site-content-layout":"","ast-site-content-layout":"","site-content-style":"default","site-sidebar-style":"default","ast-global-header-display":"","ast-banner-title-visibility":"","ast-main-header-display":"","ast-hfb-above-header-display":"","ast-hfb-below-header-display":"","ast-hfb-mobile-header-display":"","site-post-title":"","ast-breadcrumbs-content":"","ast-featured-img":"","footer-sml-layout":"","theme-transparent-header-meta":"","adv-header-id-meta":"","stick-header-meta":"","header-above-stick-meta":"","header-main-stick-meta":"","header-below-stick-meta":"","astra-migrate-meta-layouts":"default","ast-page-background-enabled":"default","ast-page-background-meta":{"desktop":{"background-color":"var(--ast-global-color-4)","background-image":"","background-repeat":"repeat","background-position":"center center","background-size":"auto","background-attachment":"scroll","background-type":"","background-media":"","overlay-type":"","overlay-color":"","overlay-opacity":"","overlay-gradient":""},"tablet":{"background-color":"","background-image":"","background-repeat":"repeat","background-position":"center center","background-size":"auto","background-attachment":"scroll","background-type":"","background-media":"","overlay-type":"","overlay-color":"","overlay-opacity":"","overlay-gradient":""},"mobile":{"background-color":"","background-image":"","background-repeat":"repeat","background-position":"center center","background-size":"auto","background-attachment":"scroll","background-type":"","background-media":"","overlay-type":"","overlay-color":"","overlay-opacity":"","overlay-gradient":""}},"ast-content-background-meta":{"desktop":{"background-color":"var(--ast-global-color-5)","background-image":"","background-repeat":"repeat","background-position":"center center","background-size":"auto","background-attachment":"scroll","background-type":"","background-media":"","overlay-type":"","overlay-color":"","overlay-opacity":"","overlay-gradient":""},"tablet":{"background-color":"var(--ast-global-color-5)","background-image":"","background-repeat":"repeat","background-position":"center center","background-size":"auto","background-attachment":"scroll","background-type":"","background-media":"","overlay-type":"","overlay-color":"","overlay-opacity":"","overlay-gradient":""},"mobile":{"background-color":"var(--ast-global-color-5)","background-image":"","background-repeat":"repeat","background-position":"center center","background-size":"auto","background-attachment":"scroll","background-type":"","background-media":"","overlay-type":"","overlay-color":"","overlay-opacity":"","overlay-gradient":""}},"footnotes":""},"categories":[4],"tags":[108],"class_list":["post-8021","post","type-post","status-publish","format-standard","has-post-thumbnail","hentry","category-portada","tag-tallers-llengua"],"post_mailing_queue_ids":[],"_links":{"self":[{"href":"https:\/\/agora.xtec.cat\/ceiplessavines\/wp-json\/wp\/v2\/posts\/8021","targetHints":{"allow":["GET"]}}],"collection":[{"href":"https:\/\/agora.xtec.cat\/ceiplessavines\/wp-json\/wp\/v2\/posts"}],"about":[{"href":"https:\/\/agora.xtec.cat\/ceiplessavines\/wp-json\/wp\/v2\/types\/post"}],"author":[{"embeddable":true,"href":"https:\/\/agora.xtec.cat\/ceiplessavines\/wp-json\/wp\/v2\/users\/1"}],"replies":[{"embeddable":true,"href":"https:\/\/agora.xtec.cat\/ceiplessavines\/wp-json\/wp\/v2\/comments?post=8021"}],"version-history":[{"count":2,"href":"https:\/\/agora.xtec.cat\/ceiplessavines\/wp-json\/wp\/v2\/posts\/8021\/revisions"}],"predecessor-version":[{"id":8028,"href":"https:\/\/agora.xtec.cat\/ceiplessavines\/wp-json\/wp\/v2\/posts\/8021\/revisions\/8028"}],"wp:featuredmedia":[{"embeddable":true,"href":"https:\/\/agora.xtec.cat\/ceiplessavines\/wp-json\/wp\/v2\/media\/8025"}],"wp:attachment":[{"href":"https:\/\/agora.xtec.cat\/ceiplessavines\/wp-json\/wp\/v2\/media?parent=8021"}],"wp:term":[{"taxonomy":"category","embeddable":true,"href":"https:\/\/agora.xtec.cat\/ceiplessavines\/wp-json\/wp\/v2\/categories?post=8021"},{"taxonomy":"post_tag","embeddable":true,"href":"https:\/\/agora.xtec.cat\/ceiplessavines\/wp-json\/wp\/v2\/tags?post=8021"}],"curies":[{"name":"wp","href":"https:\/\/api.w.org\/{rel}","templated":true}]}}